{"id":9576,"date":"2017-07-06T10:42:20","date_gmt":"2017-07-06T08:42:20","guid":{"rendered":"https:\/\/blog.geolocaux.com\/?p=9576"},"modified":"2025-04-10T09:53:21","modified_gmt":"2025-04-10T07:53:21","slug":"erwan-david-arthur-loyd-caen","status":"publish","type":"post","link":"https:\/\/www.geolocaux.com\/blog\/interviews\/erwan-david-arthur-loyd-caen\/","title":{"rendered":"Interview d&rsquo;Erwan David : dirigeant Arthur Loyd Caen"},"content":{"rendered":"<p>Nous avons accueilli cet hiver un nouveau membre du r\u00e9seau Arthur Loyd : <a href=\"https:\/\/www.geolocaux.com\/agences-immobilier-entreprise\/arthur-loyd-caen-177.html\" target=\"_blank\" rel=\"noopener noreferrer\">Arthur Loyd Caen<\/a>. L\u2019agence nous permet de renforcer notre pr\u00e9sence en Normandie, et plus pr\u00e9cis\u00e9ment dans la ville de Caen et ses alentours.\u00a0Nous avons profit\u00e9 d\u2019une rencontre\u00a0pour interviewer<strong> Erwan David<\/strong> le directeur de l\u2019agence,\u00a0afin d\u2019en savoir un peu plus sur le march\u00e9 d\u2019immobilier d\u2019entreprise de son secteur.<\/p>\n<p><strong><span style=\"color: #99cc00;\">Geolocaux : Pouvez-vous nous pr\u00e9senter Arthur Loyd Caen \u00a0?<\/span><\/strong><\/p>\n<p><strong><span style=\"color: #99cc00;\">Erwan David :<\/span><\/strong> L\u2019agence Arthur Loyd de Caen existe depuis juin 2004 nous sommes install\u00e9s au 39 rue Saint sauveur, \u00a0dans le quartier historique en hyper centre ville. L\u2019\u00e9quipe est compos\u00e9e de 4 personnes, St\u00e9phanie Lecointe assistante de gestion, Annabelle Niavet consultante bureaux, Romain Brochot consultant locaux d\u2019activit\u00e9\/entrep\u00f4ts, et moi m\u00eame Erwan David qui suis g\u00e9rant et sp\u00e9cialis\u00e9 dans les commerces et l&rsquo;investissement<\/p>\n<p><strong><span style=\"color: #99cc00;\">Geolocaux : Quel est votre secteur g\u00e9ographique et comment se porte votre march\u00e9 ?<\/span><\/strong><\/p>\n<p><strong><span style=\"color: #99cc00;\">ED :<\/span><\/strong> Le secteur g\u00e9ographique est essentiellement Caen et son agglom\u00e9ration mais nous savons au coup par coup aller jusqu\u2019\u00e0 Cherbourg, En r\u00e9sum\u00e9 essentiellement le 14 (Calvados) \u00e9pisodiquement la Manche (50).<\/p>\n<p><strong><span style=\"color: #99cc00;\">Geolocaux : Quels sont vos projets pour l&rsquo;ann\u00e9e 2017 ?<\/span><\/strong><\/p>\n<p><strong><span style=\"color: #99cc00;\">ED :<\/span><\/strong> Nous souhaitons consolider notre position sur le march\u00e9 Caennais.<\/p>\n<p><strong><span style=\"color: #99cc00;\">Geolocaux : Des transactions dont vous souhaitez nous parler en particulier ?<\/span><\/strong><\/p>\n<p><strong><span style=\"color: #99cc00;\">ED :<\/span><\/strong> Au cours du second trimestre de l\u2019ann\u00e9e 2017, <a href=\"https:\/\/www.arthur-loyd.com\/caen\">l\u2019agence<\/a> Arthur Loyd a install\u00e9 Columbus Caf\u00e9 rue Saint Pierre en hyper centre-ville de Caen. L\u2019agence Arthur Loyd participe \u00e9galement \u00e0 la recherche d\u2019un terrain pour l\u2019enseigne Resotainer qui se situe \u00e0 pr\u00e9sent sur la zone de Giberville.<\/p>\n<p><strong><span style=\"color: #99cc00;\">Geolocaux : Pourquoi avez-vous choisi\u00a0Geolocaux pour diffuser vos annonces ?<\/span><\/strong><\/p>\n<p><strong><span style=\"color: #99cc00;\">ED :<\/span><\/strong> Lors de sa pr\u00e9sentation, l\u2019outil nous a sembl\u00e9 tr\u00e8s efficace et original dans son approche. Nous avons cru en la valeur ajout\u00e9e du syst\u00e8me par rapport aux autres offres existantes.<\/p>\n<p>L\u2019\u00e9quipe Geolocaux remercie Erwan David d\u2019avoir r\u00e9pondu \u00e0 nos questions. Nous lui souhaitons le meilleur et esp\u00e9rons pouvoir contribuer \u00e0 sa r\u00e9ussite. Retrouvez les annonces d&rsquo;Arthur Loyd Caen sur Geolocaux.<\/p>\n<p><img loading=\"lazy\" decoding=\"async\" class=\"aligncenter size-large wp-image-9732\" src=\"https:\/\/geolocaux.com\/blog\/wp-content\/uploads\/2017\/06\/20151020_111813_resized-1200x675.jpg\" alt=\"Erwan David - Arthur Loyd Caen\" width=\"837\" height=\"471\" srcset=\"https:\/\/www.geolocaux.com\/blog\/wp-content\/uploads\/2017\/06\/20151020_111813_resized-1200x675.jpg 1200w, https:\/\/www.geolocaux.com\/blog\/wp-content\/uploads\/2017\/06\/20151020_111813_resized-300x169.jpg 300w, https:\/\/www.geolocaux.com\/blog\/wp-content\/uploads\/2017\/06\/20151020_111813_resized-600x338.jpg 600w, https:\/\/www.geolocaux.com\/blog\/wp-content\/uploads\/2017\/06\/20151020_111813_resized-837x471.jpg 837w, https:\/\/www.geolocaux.com\/blog\/wp-content\/uploads\/2017\/06\/20151020_111813_resized-1674x942.jpg 1674w, https:\/\/www.geolocaux.com\/blog\/wp-content\/uploads\/2017\/06\/20151020_111813_resized-667x375.jpg 667w, https:\/\/www.geolocaux.com\/blog\/wp-content\/uploads\/2017\/06\/20151020_111813_resized-1334x750.jpg 1334w, https:\/\/www.geolocaux.com\/blog\/wp-content\/uploads\/2017\/06\/20151020_111813_resized-272x153.jpg 272w, https:\/\/www.geolocaux.com\/blog\/wp-content\/uploads\/2017\/06\/20151020_111813_resized-544x306.jpg 544w, https:\/\/www.geolocaux.com\/blog\/wp-content\/uploads\/2017\/06\/20151020_111813_resized-750x422.jpg 750w, https:\/\/www.geolocaux.com\/blog\/wp-content\/uploads\/2017\/06\/20151020_111813_resized-1500x844.jpg 1500w\" sizes=\"auto, (max-width: 837px) 100vw, 837px\" \/><\/p>\n<p>Vous souhaitez partager cet article sur les r\u00e9seaux sociaux ? \u00c7a se passe sur la gauche de votre \u00e9cran. Pour recevoir nos prochains articles d\u00e8s la publication, indiquez votre adresse mail en haut \u00e0 droite de cet article et cliquez sur \u00ab JE M\u2019ABONNE ! \u00bb<\/p>\n","protected":false},"excerpt":{"rendered":"<p>Nous avons accueilli cet hiver un nouveau membre du r\u00e9seau Arthur Loyd : Arthur Loyd Caen. L\u2019agence nous permet de renforcer notre pr\u00e9sence en Normandie, et plus pr\u00e9cis\u00e9ment dans la ville de Caen et ses alentours.\u00a0Nous avons profit\u00e9 d\u2019une rencontre\u00a0pour&#8230;<\/p>\n","protected":false},"author":134,"featured_media":9730,"comment_status":"open","ping_status":"open","sticky":false,"template":"","format":"standard","meta":{"_acf_changed":false,"footnotes":""},"categories":[39],"tags":[663,656,657],"class_list":["post-9576","post","type-post","status-publish","format-standard","has-post-thumbnail","hentry","category-interviews","tag-arthur-loyd-caen","tag-bureaux-caen","tag-location-bureaux-caen"],"acf":[],"thumbnail":"https:\/\/www.geolocaux.com\/blog\/wp-content\/uploads\/2017\/06\/geolocaux-erwan-david-AL-caen-737x491.png","partenaire":"","category":"Interviews","_links":{"self":[{"href":"https:\/\/www.geolocaux.com\/blog\/wp-json\/wp\/v2\/posts\/9576","targetHints":{"allow":["GET"]}}],"collection":[{"href":"https:\/\/www.geolocaux.com\/blog\/wp-json\/wp\/v2\/posts"}],"about":[{"href":"https:\/\/www.geolocaux.com\/blog\/wp-json\/wp\/v2\/types\/post"}],"author":[{"embeddable":true,"href":"https:\/\/www.geolocaux.com\/blog\/wp-json\/wp\/v2\/users\/134"}],"replies":[{"embeddable":true,"href":"https:\/\/www.geolocaux.com\/blog\/wp-json\/wp\/v2\/comments?post=9576"}],"version-history":[{"count":16,"href":"https:\/\/www.geolocaux.com\/blog\/wp-json\/wp\/v2\/posts\/9576\/revisions"}],"predecessor-version":[{"id":20226,"href":"https:\/\/www.geolocaux.com\/blog\/wp-json\/wp\/v2\/posts\/9576\/revisions\/20226"}],"wp:featuredmedia":[{"embeddable":true,"href":"https:\/\/www.geolocaux.com\/blog\/wp-json\/wp\/v2\/media\/9730"}],"wp:attachment":[{"href":"https:\/\/www.geolocaux.com\/blog\/wp-json\/wp\/v2\/media?parent=9576"}],"wp:term":[{"taxonomy":"category","embeddable":true,"href":"https:\/\/www.geolocaux.com\/blog\/wp-json\/wp\/v2\/categories?post=9576"},{"taxonomy":"post_tag","embeddable":true,"href":"https:\/\/www.geolocaux.com\/blog\/wp-json\/wp\/v2\/tags?post=9576"}],"curies":[{"name":"wp","href":"https:\/\/api.w.org\/{rel}","templated":true}]}}