{"id":8033,"date":"2017-03-31T10:50:32","date_gmt":"2017-03-31T08:50:32","guid":{"rendered":"https:\/\/blog.geolocaux.com\/?p=8033"},"modified":"2025-04-10T09:53:52","modified_gmt":"2025-04-10T07:53:52","slug":"interview-sebastien-besson-directeur-associe-arthur-loyd-valence","status":"publish","type":"post","link":"https:\/\/www.geolocaux.com\/blog\/interviews\/interview-sebastien-besson-directeur-associe-arthur-loyd-valence\/","title":{"rendered":"S\u00e9bastien Besson : directeur associ\u00e9 Arthur Loyd Valence"},"content":{"rendered":"<p style=\"text-align: justify;\">Nous vous en parlions il y a quelque temps, nous avons accueilli <a href=\"https:\/\/www.geolocaux.com\/agences-immobilier-entreprise\/arthur-loyd-valence-156.html\">Arthur Loyd Valence<\/a>, acteur de l\u2019immobilier d\u2019entreprise, comme nouveau partenaire. Nous avons profit\u00e9 d\u2019une rencontre\u00a0pour interviewer S\u00e9bastien Besson le directeur associ\u00e9,\u00a0afin d\u2019en savoir un peu plus sur le march\u00e9 d\u2019immobilier d\u2019entreprise de son secteur.<\/p>\n<p style=\"text-align: justify;\"><strong><span style=\"color: #99cc00;\">Geolocaux : Quel est votre parcours ?\u00a0<\/span><\/strong><\/p>\n<p style=\"text-align: justify;\"><strong>S\u00e9bastien Besson :<\/strong> Apr\u00e8s plus de 10 ans d&rsquo;exp\u00e9rience dans le commerce, je souhaitais relever de nouveaux challenges. J&rsquo;ai donc rejoint l&rsquo;agence de Manuel Asencio, o\u00f9 j&rsquo;\u00e9tais en charge du d\u00e9veloppement des locaux d&rsquo;activit\u00e9. C&rsquo;est en 2015, lorsque Manuel Asencio\u00a0a souhait\u00e9 changer de cap, que nous avons repris Asencio Immobilier avec mes associ\u00e9s Gilles Chanove et Catherine Barusta.<\/p>\n<p style=\"text-align: justify;\"><strong><span style=\"color: #99cc00;\">Geolocaux : Pouvez-vous nous pr\u00e9senter votre cabinet ?\u00a0<\/span><\/strong><\/p>\n<p style=\"text-align: justify;\"><strong>SB :<\/strong> Nous sommes implant\u00e9s depuis plus de 10 ans sur la r\u00e9gion Valentinoise, nous comptons aujourd&rsquo;hui une \u00e9quipe de 9 collaborateurs. En septembre 2015, nous avons rejoint le r\u00e9seau Arthur Loyd afin de b\u00e9n\u00e9ficier de la force du r\u00e9seau et de ses experts, notamment sur le plan juridique et technique.<\/p>\n<div id=\"attachment_8036\" style=\"width: 847px\" class=\"wp-caption aligncenter\"><img loading=\"lazy\" decoding=\"async\" aria-describedby=\"caption-attachment-8036\" class=\"wp-image-8036 size-large\" title=\"J\u00e9r\u00e9mie Grelier, Nicolas Michel, Claire Trento, Manuel Jamakorzian, S\u00e9bastien Besson, Gilles Chanove et Catherine Barusta Arthur Loyd Sud Rhone Alpes\" src=\"https:\/\/geolocaux.com\/blog\/wp-content\/uploads\/2017\/03\/photoequipe_ARTHURLOYD-HD-1200x1250.jpg\" alt=\"J\u00e9r\u00e9mie Grelier, Nicolas Michel, Claire Trento, Manuel Jamakorzian, S\u00e9bastien Besson, Gilles Chanove et Catherine Barusta Arthur Loyd Sud Rhone Alpes\" width=\"837\" height=\"872\" srcset=\"https:\/\/www.geolocaux.com\/blog\/wp-content\/uploads\/2017\/03\/photoequipe_ARTHURLOYD-HD-1200x1250.jpg 1200w, https:\/\/www.geolocaux.com\/blog\/wp-content\/uploads\/2017\/03\/photoequipe_ARTHURLOYD-HD-300x312.jpg 300w, https:\/\/www.geolocaux.com\/blog\/wp-content\/uploads\/2017\/03\/photoequipe_ARTHURLOYD-HD-600x625.jpg 600w, https:\/\/www.geolocaux.com\/blog\/wp-content\/uploads\/2017\/03\/photoequipe_ARTHURLOYD-HD-837x872.jpg 837w, https:\/\/www.geolocaux.com\/blog\/wp-content\/uploads\/2017\/03\/photoequipe_ARTHURLOYD-HD-1674x1743.jpg 1674w, https:\/\/www.geolocaux.com\/blog\/wp-content\/uploads\/2017\/03\/photoequipe_ARTHURLOYD-HD-667x695.jpg 667w, https:\/\/www.geolocaux.com\/blog\/wp-content\/uploads\/2017\/03\/photoequipe_ARTHURLOYD-HD-1334x1389.jpg 1334w, https:\/\/www.geolocaux.com\/blog\/wp-content\/uploads\/2017\/03\/photoequipe_ARTHURLOYD-HD-272x283.jpg 272w, https:\/\/www.geolocaux.com\/blog\/wp-content\/uploads\/2017\/03\/photoequipe_ARTHURLOYD-HD-544x567.jpg 544w, https:\/\/www.geolocaux.com\/blog\/wp-content\/uploads\/2017\/03\/photoequipe_ARTHURLOYD-HD-750x781.jpg 750w, https:\/\/www.geolocaux.com\/blog\/wp-content\/uploads\/2017\/03\/photoequipe_ARTHURLOYD-HD-1500x1562.jpg 1500w\" sizes=\"auto, (max-width: 837px) 100vw, 837px\" \/><p id=\"caption-attachment-8036\" class=\"wp-caption-text\">J\u00e9r\u00e9mie Grelier, Nicolas Michel, Claire Trento, Manuel Jamakorzian, S\u00e9bastien Besson, Gilles Chanove et Catherine Barusta<\/p><\/div>\n<p style=\"text-align: justify;\"><strong><span style=\"color: #99cc00;\">Geolocaux : Quel est votre secteur g\u00e9ographique et comment se porte votre march\u00e9 ?\u00a0<\/span><\/strong><\/p>\n<p style=\"text-align: justify;\"><strong>SB :<\/strong> Nos agences rayonnent sur l&rsquo;agglom\u00e9ration Valence-Romans et l&rsquo;agglom\u00e9ration de Mont\u00e9limar, mais \u00e9galement dans les villes limitrophes : Crest, Boll\u00e8ne, Aubenas, Saint Marcelin&#8230; Nous constatons un d\u00e9marrage en douceur pour ce d\u00e9but d&rsquo;ann\u00e9e 2017, certainement d\u00fb \u00e0 un contexte politico-\u00e9conomique incertain. Nous venons de terminer notre premi\u00e8re \u00e9tude de march\u00e9. Celle-ci est disponible sur notre <a href=\"https:\/\/www.arthur-loyd.com\/valence\">site<\/a>.<\/p>\n<p style=\"text-align: justify;\"><strong><span style=\"color: #99cc00;\">Geolocaux : Quels sont vos projets pour votre cabinet ?<\/span><\/strong><\/p>\n<p style=\"text-align: justify;\"><strong>SB :<\/strong> Nous souhaitons poursuivre notre d\u00e9veloppement tout en maintenant notre position de leader sur la r\u00e9gion Sud Rh\u00f4nes-Alpes.<\/p>\n<p style=\"text-align: justify;\"><strong><span style=\"color: #99cc00;\">Geolocaux : Pourquoi avez-vous choisi Geolocaux pour diffuser vos annonces ?\u00a0<\/span><\/strong><\/p>\n<p style=\"text-align: justify;\"><strong>SB :<\/strong> Internet devient central pour l&rsquo;immobilier d&rsquo;entreprise ! Aujourd&rsquo;hui, toutes les recherches immobili\u00e8res passent \u00e0 un moment donn\u00e9 par internet. Il nous semble n\u00e9cessaire d&rsquo;\u00eatre visible le plus possible. Geolocaux est depuis le d\u00e9but un partenaire \u00e0 l&rsquo;\u00e9coute et qui r\u00e9pond \u00e0 l&rsquo;ensemble de nos attentes.<\/p>\n<p>L\u2019\u00e9quipe Geolocaux remercie S\u00e9bastien Besson d\u2019avoir r\u00e9pondu \u00e0 nos questions. Nous lui souhaitons le meilleur et esp\u00e9rons pouvoir contribuer \u00e0 sa r\u00e9ussite. Retrouvez\u00a0les annonces d&rsquo;Arthur\u00a0Loyd \u00e0 Valence.<\/p>\n<p>Vous souhaitez partager cet article sur les r\u00e9seaux sociaux ? \u00c7a se passe sur la gauche de votre \u00e9cran. Pour recevoir nos prochains articles d\u00e8s la publication, indiquez votre adresse mail en haut \u00e0 droite de cet article et cliquez sur \u00ab JE M\u2019ABONNE ! \u00bb<\/p>\n","protected":false},"excerpt":{"rendered":"<p>Nous vous en parlions il y a quelque temps, nous avons accueilli Arthur Loyd Valence, acteur de l\u2019immobilier d\u2019entreprise, comme nouveau partenaire. Nous avons profit\u00e9 d\u2019une rencontre\u00a0pour interviewer S\u00e9bastien Besson le directeur associ\u00e9,\u00a0afin d\u2019en savoir un peu plus sur le&#8230;<\/p>\n","protected":false},"author":134,"featured_media":8052,"comment_status":"open","ping_status":"open","sticky":false,"template":"","format":"standard","meta":{"_acf_changed":false,"footnotes":""},"categories":[39],"tags":[204,618,42,48,47,547,624,546],"class_list":["post-8033","post","type-post","status-publish","format-standard","has-post-thumbnail","hentry","category-interviews","tag-arthur-loyd","tag-arthur-loyd-sud-rhone-alpes","tag-bureaux","tag-immobilier-dentreprise","tag-locaux-dactivites","tag-montelimar","tag-romans-sur-isere","tag-valence","partenaires-arthur-loyd-valence"],"acf":[],"thumbnail":"https:\/\/www.geolocaux.com\/blog\/wp-content\/uploads\/2017\/03\/geolocaux-ITW-sebastienbesson-737x491.png","partenaire":"156","category":"Interviews","_links":{"self":[{"href":"https:\/\/www.geolocaux.com\/blog\/wp-json\/wp\/v2\/posts\/8033","targetHints":{"allow":["GET"]}}],"collection":[{"href":"https:\/\/www.geolocaux.com\/blog\/wp-json\/wp\/v2\/posts"}],"about":[{"href":"https:\/\/www.geolocaux.com\/blog\/wp-json\/wp\/v2\/types\/post"}],"author":[{"embeddable":true,"href":"https:\/\/www.geolocaux.com\/blog\/wp-json\/wp\/v2\/users\/134"}],"replies":[{"embeddable":true,"href":"https:\/\/www.geolocaux.com\/blog\/wp-json\/wp\/v2\/comments?post=8033"}],"version-history":[{"count":16,"href":"https:\/\/www.geolocaux.com\/blog\/wp-json\/wp\/v2\/posts\/8033\/revisions"}],"predecessor-version":[{"id":20248,"href":"https:\/\/www.geolocaux.com\/blog\/wp-json\/wp\/v2\/posts\/8033\/revisions\/20248"}],"wp:featuredmedia":[{"embeddable":true,"href":"https:\/\/www.geolocaux.com\/blog\/wp-json\/wp\/v2\/media\/8052"}],"wp:attachment":[{"href":"https:\/\/www.geolocaux.com\/blog\/wp-json\/wp\/v2\/media?parent=8033"}],"wp:term":[{"taxonomy":"category","embeddable":true,"href":"https:\/\/www.geolocaux.com\/blog\/wp-json\/wp\/v2\/categories?post=8033"},{"taxonomy":"post_tag","embeddable":true,"href":"https:\/\/www.geolocaux.com\/blog\/wp-json\/wp\/v2\/tags?post=8033"}],"curies":[{"name":"wp","href":"https:\/\/api.w.org\/{rel}","templated":true}]}}