{"id":5997,"date":"2016-10-04T15:15:09","date_gmt":"2016-10-04T13:15:09","guid":{"rendered":"https:\/\/blog.geolocaux.com\/?p=5997"},"modified":"2025-05-22T15:18:12","modified_gmt":"2025-05-22T13:18:12","slug":"pierre-ricklin-industrimmo","status":"publish","type":"post","link":"https:\/\/www.geolocaux.com\/blog\/interviews\/pierre-ricklin-industrimmo\/","title":{"rendered":"Interview de Pierre Ricklin, Pr\u00e9sident d&rsquo;INDUSTRIMMO"},"content":{"rendered":"<p style=\"text-align: justify;\">Pierre Ricklin, Docteur en Droit et Pr\u00e9sident du <strong>cabinet de conseil en immobilier d&rsquo;entreprise\u00a0<a href=\"https:\/\/www.geolocaux.com\/agences-immobilier-entreprise\/industrimmo-115.html\">INDUSTRIMMO<\/a><\/strong>, s&rsquo;est pr\u00eat\u00e9\u00a0\u00e0 l&rsquo;exercice de l&rsquo;interview pour le blog de Geolocaux. Sp\u00e9cialiste de <strong>Bordeaux M\u00e9tropole et plus largement de la Gironde<\/strong>, nous lui avons donc pos\u00e9 quelques questions pour apprendre \u00e0 conna\u00eetre INDUSTRIMMO et\u00a0en savoir un peu plus sur le march\u00e9 de l&rsquo;immobilier d&rsquo;entreprise de\u00a0son secteur.<\/p>\n<p style=\"text-align: justify;\"><strong><span style=\"color: #99cc00;\">Geolocaux : Pouvez vous nous pr\u00e9senter\u00a0INDUSTRIMMO ?<\/span><\/strong><\/p>\n<p style=\"text-align: justify;\"><strong>Pierre Ricklin :\u00a0<\/strong>Le cabinet a \u00e9t\u00e9 cr\u00e9\u00e9 par M. Belat\u00a0en 1986.\u00a0D\u00e8s l\u2019origine la soci\u00e9t\u00e9 s\u2019est sp\u00e9cialis\u00e9e dans l\u2019immobilier d\u2019entreprise et <strong>en particulier dans les locaux d\u2019activit\u00e9s<\/strong>.\u00a0Une filiale, PAC GESTION, a \u00e9t\u00e9 cr\u00e9\u00e9e en 2008 pour assurer la <strong>gestion immobili\u00e8re des locaux de ses propri\u00e9taires<\/strong>.\u00a0La soci\u00e9t\u00e9 m&rsquo;a \u00e9t\u00e9 c\u00e9d\u00e9e depuis et j&rsquo;en assure la pr\u00e9sidence.\u00a0INDUSTRIMMO est d\u00e9sormais un intervenant sur l\u2019ensemble de l\u2019immobilier d\u2019entreprise et la cession des fonds de commerce.\u00a0Sa force commerciale est compos\u00e9e de 3 commerciaux salari\u00e9s \u00e9paul\u00e9s par deux agents commerciaux.\u00a0Sa zone d\u2019intervention est le d\u00e9partement de la Gironde.<\/p>\n<h2 style=\"text-align: center;\">Pierre ricklin : \u00ab\u00a0La LGV devrait \u00eatre un succ\u00e8s\u00a0\u00bb<\/h2>\n<p style=\"text-align: justify;\"><strong><span style=\"color: #99cc00;\">Geolocaux : Comment se porte votre march\u00e9 ? L&rsquo;arriv\u00e9e de la LGV aura-t-elle selon vous un impact positif sur le march\u00e9 bordelais de l&rsquo;immobilier d&rsquo;entreprise ?\u00a0<\/span><\/strong><\/p>\n<p style=\"text-align: justify;\"><strong>Pierre Ricklin :\u00a0<\/strong>Le march\u00e9 de l\u2019immobilier d\u2019entreprise \u00e0 Bordeaux est <strong>contrast\u00e9 mais se porte bien<\/strong>.\u00a0Le march\u00e9 des locaux d\u2019activit\u00e9s est tendu, on pourrait m\u00eame dire qu\u2019il y a une p\u00e9nurie pour\u00a0ce type de bien dans certaines zones de Bordeaux M\u00e9tropole, en particulier pour les surfaces sup\u00e9rieures \u00e0 100 m\u00b2.\u00a0Le <strong>march\u00e9 de la <a href=\"https:\/\/www.geolocaux.com\/location\/bureau\/bordeaux-33000\/\" target=\"_blank\" rel=\"noopener noreferrer\">location de bureaux \u00e0 Bordeaux<\/a> pr\u00e9sente une dichotomie<\/strong>, en effet il y a\u00a0pl\u00e9thore d&rsquo;offres sp\u00e9cialement de seconde main dans les zones p\u00e9riph\u00e9riques de Bordeaux M\u00e9tropole et p\u00e9nurie dans\u00a0centre de Bordeaux.<\/p>\n<p style=\"text-align: justify;\"><img loading=\"lazy\" decoding=\"async\" class=\"aligncenter wp-image-4005 size-large\" title=\"Location bureaux bordeaux gare saint jean Geolocaux Pierre Ricklin\" src=\"https:\/\/geolocaux.com\/blog\/wp-content\/uploads\/2016\/02\/1280px-Bordeaux_Gare_StJean_R02-1200x875.jpg\" alt=\"Location bureaux bordeaux gare saint jean Geolocaux Pierre Ricklin\" width=\"837\" height=\"610\" srcset=\"https:\/\/www.geolocaux.com\/blog\/wp-content\/uploads\/2016\/02\/1280px-Bordeaux_Gare_StJean_R02-1200x875.jpg 1200w, https:\/\/www.geolocaux.com\/blog\/wp-content\/uploads\/2016\/02\/1280px-Bordeaux_Gare_StJean_R02-300x219.jpg 300w, https:\/\/www.geolocaux.com\/blog\/wp-content\/uploads\/2016\/02\/1280px-Bordeaux_Gare_StJean_R02-768x560.jpg 768w, https:\/\/www.geolocaux.com\/blog\/wp-content\/uploads\/2016\/02\/1280px-Bordeaux_Gare_StJean_R02-600x437.jpg 600w, https:\/\/www.geolocaux.com\/blog\/wp-content\/uploads\/2016\/02\/1280px-Bordeaux_Gare_StJean_R02-837x610.jpg 837w, https:\/\/www.geolocaux.com\/blog\/wp-content\/uploads\/2016\/02\/1280px-Bordeaux_Gare_StJean_R02-667x486.jpg 667w, https:\/\/www.geolocaux.com\/blog\/wp-content\/uploads\/2016\/02\/1280px-Bordeaux_Gare_StJean_R02-272x198.jpg 272w, https:\/\/www.geolocaux.com\/blog\/wp-content\/uploads\/2016\/02\/1280px-Bordeaux_Gare_StJean_R02-544x397.jpg 544w, https:\/\/www.geolocaux.com\/blog\/wp-content\/uploads\/2016\/02\/1280px-Bordeaux_Gare_StJean_R02-750x547.jpg 750w, https:\/\/www.geolocaux.com\/blog\/wp-content\/uploads\/2016\/02\/1280px-Bordeaux_Gare_StJean_R02.jpg 1280w\" sizes=\"auto, (max-width: 837px) 100vw, 837px\" \/><\/p>\n<p style=\"text-align: justify;\">La <strong>LGV devrait \u00eatre un succ\u00e8s<\/strong> gr\u00e2ce \u00e0 la volont\u00e9 politique d\u2019accompagner son arriv\u00e9e avec de nouvelles zones de <a title=\"location bureau bordeaux\" href=\"https:\/\/www.geolocaux.com\/location\/bureau\/bordeaux-33000\/\" target=\"_blank\" rel=\"noopener noreferrer\">bureaux \u00e0 proximit\u00e9 de la gare de Bordeaux Saint-Jean<\/a> notamment dans le cadre de la r\u00e9novation du quartier Belcier et de la ZAC Euratlantique. De grandes entreprises se sont d&rsquo;ores et d\u00e9j\u00e0 positionn\u00e9es dans ce quartier et devraient servir de locomotives pour son d\u00e9veloppement.<\/p>\n<p style=\"text-align: justify;\"><strong><span style=\"color: #99cc00;\">Geolocaux : Des transactions dont vous souhaitez nous parler ?\u00a0<\/span><\/strong><\/p>\n<p style=\"text-align: justify;\"><strong>Pierre Ricklin :\u00a0<\/strong>Nous avons r\u00e9cemment conclu plusieurs transactions :<\/p>\n<p style=\"text-align: justify;\">&#8211; OBLIS, Centre de bien-\u00eatre, pour 600 m\u00b2 Cours du M\u00e9doc<\/p>\n<p style=\"text-align: justify;\">&#8211; HYDROVIDE, sp\u00e9cialiste de l&rsquo;entretien des canalisations, pour un entrep\u00f4t 450 m\u00b2 dans la ZI de Pessac<\/p>\n<p style=\"text-align: justify;\">&#8211; Cession d\u2019un immeuble de bureaux de 1220 m\u00b2 \u00e0 Bordeaux dans le quartier de Caud\u00e9ran<\/p>\n<p style=\"text-align: justify;\">&#8211; Cession des fonds de commerce de deux restaurants \u00e0 Bordeaux : \u00ab L\u2019olivier des Chartrons \u00bb quai des Chartrons et \u00ab Le Foch \u00bb Cours du Mar\u00e9chal Foch.<\/p>\n<p style=\"text-align: justify;\"><strong><span style=\"color: #99cc00;\">Geolocaux : INDUSTRIMMO\u00a0est pr\u00e9sent sur les r\u00e9seaux sociaux, qu\u2019est ce qui a motiv\u00e9 votre choix de choisir ce canal de communication ?<\/span><\/strong><\/p>\n<p style=\"text-align: justify;\"><strong>Pierre Ricklin :\u00a0<\/strong>Nous avons, depuis 2014, pris le virage du digital. C&rsquo;est donc tout naturellement que, dans le cadre d\u2019une communication moderne, pertinente et efficace, la <strong>pr\u00e9sence sur les r\u00e9seaux sociaux nous est apparue indispensable<\/strong>. Cela nous permet de conforter la notori\u00e9t\u00e9 qu\u2019avait\u00a0cr\u00e9\u00e9e, par une action de terrain, la pose des panneaux INDUSTRIMMO depuis 30 ans.<\/p>\n<p style=\"text-align: justify;\"><img loading=\"lazy\" decoding=\"async\" class=\"aligncenter wp-image-6019 size-full\" title=\"Pierre Ricklin r\u00e9seaux sociaux industrimmo\" src=\"https:\/\/geolocaux.com\/blog\/wp-content\/uploads\/2016\/07\/r\u00e9seaux-sociaux-industrimmo.jpg\" alt=\"Pierre Ricklin r\u00e9seaux sociaux industrimmo\" width=\"340\" height=\"343\" srcset=\"https:\/\/www.geolocaux.com\/blog\/wp-content\/uploads\/2016\/07\/r\u00e9seaux-sociaux-industrimmo.jpg 340w, https:\/\/www.geolocaux.com\/blog\/wp-content\/uploads\/2016\/07\/r\u00e9seaux-sociaux-industrimmo-150x150.jpg 150w, https:\/\/www.geolocaux.com\/blog\/wp-content\/uploads\/2016\/07\/r\u00e9seaux-sociaux-industrimmo-300x303.jpg 300w, https:\/\/www.geolocaux.com\/blog\/wp-content\/uploads\/2016\/07\/r\u00e9seaux-sociaux-industrimmo-272x274.jpg 272w\" sizes=\"auto, (max-width: 340px) 100vw, 340px\" \/><\/p>\n<p style=\"text-align: justify;\"><strong><span style=\"color: #99cc00;\">Geolocaux : Pourquoi avez vous choisi Geolocaux pour diffuser vos annonces ?<\/span><\/strong><\/p>\n<p style=\"text-align: justify;\"><strong>Pierre Ricklin : <\/strong>Geolocaux est un <strong>support innovant<\/strong> qui couvre l\u2019ensemble des activit\u00e9s d\u2019INDUSTRIMMO, vente et location d\u2019immobilier d\u2019entreprise ainsi que cession de fonds de commerce.<\/p>\n<hr \/>\n<p style=\"text-align: justify;\">Retrouvez INDUSTRIMMO\u00a0sur Facebook \/ Twitter \/ Linkedin \/ Google + et bien s\u00fbr sur\u00a0Geolocaux !<\/p>\n<p style=\"text-align: justify;\">L\u2019\u00e9quipe Geolocaux remercie Pierre Ricklin\u00a0d\u2019avoir r\u00e9pondu \u00e0 nos questions. Nous lui souhaitons le meilleur et esp\u00e9rons pouvoir contribuer \u00e0 sa r\u00e9ussite. Vous souhaitez partager cet article sur les r\u00e9seaux sociaux ? \u00c7a se passe sur la gauche de votre \u00e9cran. Pour recevoir nos prochains articles d\u00e8s la publication, indiquez votre adresse mail en haut \u00e0 droite de cet article et cliquez sur \u00ab JE M\u2019ABONNE ! \u00bb <\/p>\n<p style=\"text-align: justify;\">\n","protected":false},"excerpt":{"rendered":"<p>Pierre Ricklin, Docteur en Droit et Pr\u00e9sident du cabinet de conseil en immobilier d&rsquo;entreprise\u00a0INDUSTRIMMO, s&rsquo;est pr\u00eat\u00e9\u00a0\u00e0 l&rsquo;exercice de l&rsquo;interview pour le blog de Geolocaux. Sp\u00e9cialiste de Bordeaux M\u00e9tropole et plus largement de la Gironde, nous lui avons donc pos\u00e9 quelques&#8230;<\/p>\n","protected":false},"author":134,"featured_media":6411,"comment_status":"open","ping_status":"open","sticky":false,"template":"","format":"standard","meta":{"_acf_changed":false,"footnotes":""},"categories":[39],"tags":[139,462,328,461,460],"class_list":["post-5997","post","type-post","status-publish","format-standard","has-post-thumbnail","hentry","category-interviews","tag-bordeaux","tag-euratlantique","tag-industrimmo","tag-location-bureaux-bordeaux","tag-pierre-ricklin","partenaires-industrimmo"],"acf":[],"thumbnail":"https:\/\/www.geolocaux.com\/blog\/wp-content\/uploads\/2016\/10\/pierre-ricklin-industrimmo-itw-737x576.png","partenaire":"115","category":"Interviews","_links":{"self":[{"href":"https:\/\/www.geolocaux.com\/blog\/wp-json\/wp\/v2\/posts\/5997","targetHints":{"allow":["GET"]}}],"collection":[{"href":"https:\/\/www.geolocaux.com\/blog\/wp-json\/wp\/v2\/posts"}],"about":[{"href":"https:\/\/www.geolocaux.com\/blog\/wp-json\/wp\/v2\/types\/post"}],"author":[{"embeddable":true,"href":"https:\/\/www.geolocaux.com\/blog\/wp-json\/wp\/v2\/users\/134"}],"replies":[{"embeddable":true,"href":"https:\/\/www.geolocaux.com\/blog\/wp-json\/wp\/v2\/comments?post=5997"}],"version-history":[{"count":10,"href":"https:\/\/www.geolocaux.com\/blog\/wp-json\/wp\/v2\/posts\/5997\/revisions"}],"predecessor-version":[{"id":20562,"href":"https:\/\/www.geolocaux.com\/blog\/wp-json\/wp\/v2\/posts\/5997\/revisions\/20562"}],"wp:featuredmedia":[{"embeddable":true,"href":"https:\/\/www.geolocaux.com\/blog\/wp-json\/wp\/v2\/media\/6411"}],"wp:attachment":[{"href":"https:\/\/www.geolocaux.com\/blog\/wp-json\/wp\/v2\/media?parent=5997"}],"wp:term":[{"taxonomy":"category","embeddable":true,"href":"https:\/\/www.geolocaux.com\/blog\/wp-json\/wp\/v2\/categories?post=5997"},{"taxonomy":"post_tag","embeddable":true,"href":"https:\/\/www.geolocaux.com\/blog\/wp-json\/wp\/v2\/tags?post=5997"}],"curies":[{"name":"wp","href":"https:\/\/api.w.org\/{rel}","templated":true}]}}