{"id":21035,"date":"2026-01-22T13:32:18","date_gmt":"2026-01-22T11:32:18","guid":{"rendered":"https:\/\/www.geolocaux.com\/blog\/?p=21035"},"modified":"2026-01-27T18:42:06","modified_gmt":"2026-01-27T16:42:06","slug":"karine-lamont-2c-immobilier","status":"publish","type":"post","link":"https:\/\/www.geolocaux.com\/blog\/interviews\/karine-lamont-2c-immobilier\/","title":{"rendered":"Karine Lamont, directrice de l&rsquo;agence 2C Immobilier"},"content":{"rendered":"<p>Karine Lamont est la directrice de l&rsquo;agence <a href=\"https:\/\/www.geolocaux.com\/agences-immobilier-entreprise\/2c-immobilier-664.html\">2C Immobilier \u00e0 Amiens<\/a>, nous avons eu le plaisir de l&rsquo;interviewer dans le cadre de la diffusion de ses annonces sur Geolocaux. Sp\u00e9cialiste de l&rsquo;immobilier d&rsquo;entreprise, elle nous partage son exp\u00e9rience, son agence, le march\u00e9 sur lequel elle intervient et ses projets :<\/p>\n<p><span style=\"color: #abd132;\"><strong>Pr\u00e9sentez-nous votre parcours et ce qui vous a men\u00e9 \u00e0 l&rsquo;immobilier d&rsquo;entreprise<\/strong><\/span><\/p>\n<p><strong>Karine :\u00a0<\/strong>Issue des services de la CCI d\u2019Amiens, o\u00f9 j\u2019ai exerc\u00e9 pendant plus de 25 ans en tant que responsable de l\u2019immobilier d\u2019entreprise, j\u2019ai accompagn\u00e9 de nombreuses soci\u00e9t\u00e9s dans la concr\u00e9tisation de leur implantation et de leur d\u00e9veloppement.<\/p>\n<p>\u00c0 ce titre, j\u2019ai activement contribu\u00e9 au dynamisme \u00e9conomique du territoire ami\u00e9nois. Au fil des ann\u00e9es, j\u2019ai vu grandir de nombreuses entreprises, parfois d\u00e8s leurs premiers pas. Certaines ont d\u00e9but\u00e9 dans un bureau de 12 m\u00b2 avant de devenir, en quelques ann\u00e9es seulement, propri\u00e9taires de plateaux de plus de 300 m\u00b2 et de constituer des \u00e9quipes de plusieurs dizaines de collaborateurs. D\u2019autres jeunes cr\u00e9ateurs sont devenus des dirigeants d\u2019entreprises locales de belle envergure.<\/p>\n<p>Cet accompagnement est essentiel dans le parcours d\u2019un chef d\u2019entreprise. Chaque projet immobilier s\u2019inscrit dans une ambition de d\u00e9veloppement, de structuration et de p\u00e9rennisation de l\u2019activit\u00e9, avec l\u2019objectif d\u2019\u00e9voluer dans des conditions adapt\u00e9es, tant en termes de surfaces que de vision entrepreneuriale.\u00a0L\u2019immobilier professionnel ne se r\u00e9sume pas \u00e0 une simple op\u00e9ration financi\u00e8re. Il s\u2019agit avant tout d\u2019un projet de vie professionnelle : une id\u00e9e qui na\u00eet, m\u00fbrit, se d\u00e9veloppe et prend forme \u00e0 travers un lieu.<\/p>\n<p>C\u2019est cette dimension humaine, de proximit\u00e9 et de conduite de projet, qui a toujours guid\u00e9 mon engagement.\u00a0Construire, aux c\u00f4t\u00e9s du chef d\u2019entreprise, l\u2019histoire de son projet et le transformer en opportunit\u00e9 immobili\u00e8re, dans le respect de la d\u00e9ontologie et avec bienveillance, est au c\u0153ur de ma d\u00e9marche.<\/p>\n<p><picture><source srcset=\"https:\/\/www.geolocaux.com\/blog\/wp-content\/uploads\/2026\/01\/2C-Immobilier-NB-5.webp 2500w, https:\/\/www.geolocaux.com\/blog\/wp-content\/uploads\/2026\/01\/2C-Immobilier-NB-5-300x200.jpg 300w, https:\/\/www.geolocaux.com\/blog\/wp-content\/uploads\/2026\/01\/2C-Immobilier-NB-5-1024x682.jpg 1024w, https:\/\/www.geolocaux.com\/blog\/wp-content\/uploads\/2026\/01\/2C-Immobilier-NB-5-1536x1024.jpg 1536w, https:\/\/www.geolocaux.com\/blog\/wp-content\/uploads\/2026\/01\/2C-Immobilier-NB-5-2048x1365.jpg 2048w,https:\/\/www.geolocaux.com\/blog\/wp-content\/uploads\/2026\/01\/2C-Immobilier-NB-5-737x491.webp 737w\" sizes=\"auto, (max-width: 2500px) 100vw, 2500px\" type=\"image\/webp\"><img src=\"https:\/\/www.geolocaux.com\/blog\/wp-content\/uploads\/2026\/01\/2C-Immobilier-NB-5.jpg\" height=\"1666\" width=\"2500\" srcset=\"https:\/\/www.geolocaux.com\/blog\/wp-content\/uploads\/2026\/01\/2C-Immobilier-NB-5.jpg 2500w, https:\/\/www.geolocaux.com\/blog\/wp-content\/uploads\/2026\/01\/2C-Immobilier-NB-5-300x200.jpg 300w, https:\/\/www.geolocaux.com\/blog\/wp-content\/uploads\/2026\/01\/2C-Immobilier-NB-5-1024x682.jpg 1024w, https:\/\/www.geolocaux.com\/blog\/wp-content\/uploads\/2026\/01\/2C-Immobilier-NB-5-1536x1024.jpg 1536w, https:\/\/www.geolocaux.com\/blog\/wp-content\/uploads\/2026\/01\/2C-Immobilier-NB-5-2048x1365.jpg 2048w, https:\/\/www.geolocaux.com\/blog\/wp-content\/uploads\/2026\/01\/2C-Immobilier-NB-5-737x491.jpg 737w\" sizes=\"auto, (max-width: 2500px) 100vw, 2500px\" class=\"aligncenter wp-image-21042 size-full sp-no-webp\" alt=\"\" loading=\"lazy\" decoding=\"async\"  > <\/picture><\/p>\n<p><span style=\"color: #abd132;\"><strong>Pouvez-vous nous pr\u00e9senter 2C Immobilier ?<\/strong><\/span><\/p>\n<p><strong>Karine :\u00a0<\/strong>Mon r\u00e9seau, b\u00e2ti au fil des ann\u00e9es, a naturellement \u00e9volu\u00e9. La cr\u00e9ation de mon agence en 2022 a marqu\u00e9 un nouveau d\u00e9part, avec la m\u00eame exigence et la m\u00eame implication.<\/p>\n<p>Implant\u00e9e sur le territoire du Grand Ami\u00e9nois, que je connais parfaitement, j\u2019interviens \u00e9galement sur les d\u00e9partements limitrophes. Mon ambition est de positionner mon agence comme un acteur local de r\u00e9f\u00e9rence en immobilier professionnel.<\/p>\n<p><span style=\"color: #abd132;\"><strong>Comment se porte votre march\u00e9 ?<\/strong><\/span><\/p>\n<p><strong>Karine : <\/strong>Le march\u00e9 de l\u2019immobilier professionnel conna\u00eet, depuis la p\u00e9riode post-Covid, de profondes mutations. Dans un contexte tendu et en constante \u00e9volution, les besoins des utilisateurs se diversifient et les usages des locaux se transforment. Les entreprises recherchent d\u00e9sormais des solutions immobili\u00e8res capables d\u2019accompagner leurs \u00e9volutions organisationnelles, \u00e9conomiques et fonctionnelles.<\/p>\n<p>Dans ce cadre, la r\u00e9activit\u00e9, la capacit\u00e9 d\u2019anticipation et une connaissance fine du march\u00e9 sont devenues essentielles pour proposer des r\u00e9ponses pertinentes et adapt\u00e9es.<\/p>\n<p><span style=\"color: #abd132;\"><strong>Pour conclure, une anecdote \u00e0 partager avec nos lecteurs ?<\/strong><\/span><\/p>\n<p><strong>Karine : <\/strong>M\u00eame si mon agence est encore jeune, elle s\u2019appuie sur une exp\u00e9rience solide qui me permet d\u2019aborder chaque projet immobilier avec recul, m\u00e9thode et engagement. R\u00e9cemment, j\u2019ai \u00e9t\u00e9 contact\u00e9e par l\u2019un de mes tout premiers clients, avec lequel je n\u2019avais plus \u00e9chang\u00e9 depuis \u2026\u2026..pr\u00e8s de vingt ans !!<strong><br \/>\n<\/strong><\/p>\n","protected":false},"excerpt":{"rendered":"<p>Karine Lamont est la directrice de l&rsquo;agence 2C Immobilier \u00e0 Amiens, nous avons eu le plaisir de l&rsquo;interviewer dans le cadre de la diffusion de ses annonces sur Geolocaux. Sp\u00e9cialiste de l&rsquo;immobilier d&rsquo;entreprise, elle nous partage son exp\u00e9rience, son agence,&#8230;<\/p>\n","protected":false},"author":134,"featured_media":21042,"comment_status":"closed","ping_status":"open","sticky":false,"template":"","format":"standard","meta":{"_acf_changed":false,"footnotes":""},"categories":[39],"tags":[],"class_list":["post-21035","post","type-post","status-publish","format-standard","has-post-thumbnail","hentry","category-interviews","partenaires-2c-immobilier"],"acf":[],"thumbnail":"https:\/\/www.geolocaux.com\/blog\/wp-content\/uploads\/2026\/01\/2C-Immobilier-NB-5-737x491.webp","partenaire":"664","category":"Interviews","_links":{"self":[{"href":"https:\/\/www.geolocaux.com\/blog\/wp-json\/wp\/v2\/posts\/21035","targetHints":{"allow":["GET"]}}],"collection":[{"href":"https:\/\/www.geolocaux.com\/blog\/wp-json\/wp\/v2\/posts"}],"about":[{"href":"https:\/\/www.geolocaux.com\/blog\/wp-json\/wp\/v2\/types\/post"}],"author":[{"embeddable":true,"href":"https:\/\/www.geolocaux.com\/blog\/wp-json\/wp\/v2\/users\/134"}],"replies":[{"embeddable":true,"href":"https:\/\/www.geolocaux.com\/blog\/wp-json\/wp\/v2\/comments?post=21035"}],"version-history":[{"count":8,"href":"https:\/\/www.geolocaux.com\/blog\/wp-json\/wp\/v2\/posts\/21035\/revisions"}],"predecessor-version":[{"id":21074,"href":"https:\/\/www.geolocaux.com\/blog\/wp-json\/wp\/v2\/posts\/21035\/revisions\/21074"}],"wp:featuredmedia":[{"embeddable":true,"href":"https:\/\/www.geolocaux.com\/blog\/wp-json\/wp\/v2\/media\/21042"}],"wp:attachment":[{"href":"https:\/\/www.geolocaux.com\/blog\/wp-json\/wp\/v2\/media?parent=21035"}],"wp:term":[{"taxonomy":"category","embeddable":true,"href":"https:\/\/www.geolocaux.com\/blog\/wp-json\/wp\/v2\/categories?post=21035"},{"taxonomy":"post_tag","embeddable":true,"href":"https:\/\/www.geolocaux.com\/blog\/wp-json\/wp\/v2\/tags?post=21035"}],"curies":[{"name":"wp","href":"https:\/\/api.w.org\/{rel}","templated":true}]}}