{"id":20990,"date":"2025-12-22T15:30:15","date_gmt":"2025-12-22T13:30:15","guid":{"rendered":"https:\/\/www.geolocaux.com\/blog\/?p=20990"},"modified":"2025-12-26T17:53:17","modified_gmt":"2025-12-26T15:53:17","slug":"fonctionnement-taxe-friches-commerciales","status":"publish","type":"post","link":"https:\/\/www.geolocaux.com\/blog\/conseils\/fonctionnement-taxe-friches-commerciales\/","title":{"rendered":"Comment fonctionne la taxe sur les friches commerciales ?"},"content":{"rendered":"<p>La taxe sur les friches commerciales (TFC) s\u2019impose progressivement comme un levier fiscal des collectivit\u00e9s publiques, pour lutter contre la vacance des locaux commerciaux et professionnels. Souvent ignor\u00e9, cet imp\u00f4t local annuel concerne directement les propri\u00e9taires de biens inoccup\u00e9s. Penchons-nous sur ses m\u00e9canismes et ses modalit\u00e9s.<\/p>\n<h2>Comprendre la taxe sur les friches commerciales pour mieux investir<\/h2>\n<h3>D\u00e9finition et principe de la taxe<\/h3>\n<p>La taxe sur les friches commerciales (TFC) est un imp\u00f4t local annuel, instaur\u00e9 depuis 2006 au profit des communes ou des intercommunalit\u00e9s. Elle vise les biens soumis \u00e0 la <a href=\"https:\/\/www.geolocaux.com\/blog\/conseils\/taxe-fonciere-proprietes-baties\/\">taxe fonci\u00e8re sur les propri\u00e9t\u00e9s b\u00e2ties<\/a>, qui ne sont plus exploit\u00e9s depuis une certaine dur\u00e9e.<\/p>\n<h3>Objectif de lutte contre la vacance commerciale<\/h3>\n<p>L\u2019objectif principal de la taxe sur les friches commerciales est d\u2019inciter les propri\u00e9taires \u00e0 exploiter eux-m\u00eames leurs locaux ou \u00e0 les remettre sur le march\u00e9 locatif. Elle s\u2019inscrit dans une politique globale de dynamisation et d\u2019am\u00e9nagement des territoires, en luttant contre les inoccupations prolong\u00e9es de biens professionnels.<\/p>\n<h3>Biens imposables \u00e0 la TFC<\/h3>\n<p>La taxe sur les friches commerciales s\u2019applique aux biens remplissant les conditions suivantes :<\/p>\n<ul>\n<li>\u00catre redevable de la taxe fonci\u00e8re sur les propri\u00e9t\u00e9s b\u00e2ties (bureaux, lieux de stockage, magasins\u2026).<\/li>\n<li>Ne plus \u00eatre affect\u00e9 \u00e0 une activit\u00e9 entrant dans le champ d\u2019application de la cotisation fonci\u00e8re des entreprises (CFE) et \u00eatre inexploit\u00e9 depuis au moins deux ans (au 1er janvier de l\u2019ann\u00e9e d\u2019imposition).<\/li>\n<\/ul>\n<p>Bon \u00e0 savoir : la TFC est due par le propri\u00e9taire ou l\u2019usufruitier du bien. Elle ne l\u2019est pas uniquement si l\u2019inexploitation est involontaire.<\/p>\n<h2>Comment est calcul\u00e9e la taxe sur les friches commerciales\u2009?<\/h2>\n<h3>Majoration progressive selon la dur\u00e9e de vacance<\/h3>\n<p>La majoration progressive est une particularit\u00e9 de la taxe sur les friches commerciales. Plus la vacance du local se prolonge, plus le taux augmente : 10 % la 1re ann\u00e9e, 15 % la 2e et 20 % la 3e. Cette \u00e9volutivit\u00e9 vise \u00e0 d\u00e9courager la r\u00e9tention fonci\u00e8re et \u00e0 acc\u00e9l\u00e9rer la remise sur le march\u00e9.<\/p>\n<h3>Taux d\u2019imposition fix\u00e9 localement<\/h3>\n<p>Le taux d\u2019imposition de la taxe TFC est d\u00e9fini avant le 1er octobre d\u2019une ann\u00e9e, pour \u00eatre applicable l\u2019ann\u00e9e suivante, par la collectivit\u00e9 territoriale. Une majoration peut \u00eatre d\u00e9cid\u00e9e, pour un maximum de 20 % la 1re ann\u00e9e, 30 % la 2e et 40 % la 3e. Il est donc susceptible de varier fortement d\u2019un territoire \u00e0 l\u2019autre.<\/p>\n<h3>M\u00e9thode de calcul de la valeur locative<\/h3>\n<p>L\u2019assiette fiscale de la TFC est \u00e9tablie selon le revenu net servant de base \u00e0 la taxe fonci\u00e8re sur les propri\u00e9t\u00e9s b\u00e2ties (TFPB). La base de calcul de la taxe sur les friches commerciales repose donc sur la valeur locative cadastrale, correspondant au revenu th\u00e9orique g\u00e9n\u00e9r\u00e9 par le bien s\u2019il \u00e9tait lou\u00e9. Le montant de l\u2019imp\u00f4t est obtenu par le produit de l\u2019assiette au taux d\u2019imposition et major\u00e9 de frais fiscaux de 8 %, per\u00e7us par l\u2019\u00c9tat.<\/p>\n<h2>Quelles sont les obligations pour les propri\u00e9taires\u2009?<\/h2>\n<h3>D\u00e9clarations et justificatifs \u00e0 fournir<\/h3>\n<p>Les organismes territoriaux \u00e9tablissent chaque ann\u00e9e la liste des biens potentiellement redevables de TFC et la communique \u00e0 l\u2019administration publique. C\u2019est elle qui v\u00e9rifie ensuite que les biens entrent dans le cadre de la taxe sur les friches commerciales. Les propri\u00e9taires re\u00e7oivent alors un avis d\u2019imposition. Pour le contester, ils doivent \u00eatre en mesure de justifier la situation involontaire d\u2019inoccupation du local.<\/p>\n<h3>D\u00e9lai de vacance avant d\u00e9clenchement de la taxe<\/h3>\n<p>La taxe sur les friches commerciales n\u2019est pas imm\u00e9diate. Un d\u00e9lai de vacance d\u2019au moins deux ans est requis, avant que la TFC ne soit applicable.<\/p>\n<h3>Recours et possibilit\u00e9s d\u2019exon\u00e9ration<\/h3>\n<p>Des circonstances sp\u00e9cifiques sont susceptibles d\u2019octroyer une exon\u00e9ration ou un d\u00e9gr\u00e8vement. Ces recours doivent \u00eatre formalis\u00e9s dans les d\u00e9lais l\u00e9gaux, aupr\u00e8s de la commune, de l\u2019EPCI ou du service des imp\u00f4ts comp\u00e9tent.<\/p>\n<p><picture><source srcset=\"https:\/\/www.geolocaux.com\/blog\/wp-content\/uploads\/2025\/12\/e8bedb8b-9a00-4e92-83dd-896c288e151d.webp 1536w, https:\/\/www.geolocaux.com\/blog\/wp-content\/uploads\/2025\/12\/e8bedb8b-9a00-4e92-83dd-896c288e151d-300x200.png 300w, https:\/\/www.geolocaux.com\/blog\/wp-content\/uploads\/2025\/12\/e8bedb8b-9a00-4e92-83dd-896c288e151d-1024x683.png 1024w,https:\/\/www.geolocaux.com\/blog\/wp-content\/uploads\/2025\/12\/e8bedb8b-9a00-4e92-83dd-896c288e151d-737x491.webp 737w\" sizes=\"auto, (max-width: 1536px) 100vw, 1536px\" type=\"image\/webp\"><img src=\"https:\/\/www.geolocaux.com\/blog\/wp-content\/uploads\/2025\/12\/e8bedb8b-9a00-4e92-83dd-896c288e151d.png\" height=\"1024\" width=\"1536\" srcset=\"https:\/\/www.geolocaux.com\/blog\/wp-content\/uploads\/2025\/12\/e8bedb8b-9a00-4e92-83dd-896c288e151d.png 1536w, https:\/\/www.geolocaux.com\/blog\/wp-content\/uploads\/2025\/12\/e8bedb8b-9a00-4e92-83dd-896c288e151d-300x200.png 300w, https:\/\/www.geolocaux.com\/blog\/wp-content\/uploads\/2025\/12\/e8bedb8b-9a00-4e92-83dd-896c288e151d-1024x683.png 1024w, https:\/\/www.geolocaux.com\/blog\/wp-content\/uploads\/2025\/12\/e8bedb8b-9a00-4e92-83dd-896c288e151d-737x491.png 737w\" sizes=\"auto, (max-width: 1536px) 100vw, 1536px\" class=\"aligncenter size-full wp-image-21011 sp-no-webp\" alt=\"friche commerciale\" loading=\"lazy\" decoding=\"async\"  > <\/picture><\/p>\n<h2>Quels sont les effets de la taxe sur la strat\u00e9gie immobili\u00e8re des entreprises\u2009?<\/h2>\n<h3>Arbitrage entre conservation et cession des locaux<\/h3>\n<p>La taxe sur les friches pousse le propri\u00e9taire \u00e0 se positionner entre conserver un bien vacant, en payant l\u2019imp\u00f4t, ou trouver un preneur pour <a href=\"https:\/\/www.geolocaux.com\/location\/local-commercial\/\">louer son local commercial<\/a>. Une autre alternative est aussi la cession du bien.<\/p>\n<h3>Impact sur les investissements dans les zones \u00e0 risque<\/h3>\n<p>Les zones \u00e0 forte vacance commerciale deviennent moins attractives et donc plus risqu\u00e9es pour les investisseurs. Les friches p\u00e9nalisent la valorisation des biens, mais peuvent constituer des opportunit\u00e9s strat\u00e9giques d\u2019implantation, pour des entreprises cherchant \u00e0 <a href=\"https:\/\/www.geolocaux.com\/vente\/local-commercial\/\">acheter un local commercial<\/a>.<\/p>\n<h2>Identifier les meilleures opportunit\u00e9s d\u2019implantation<\/h2>\n<p>Pour implanter son activit\u00e9 en louant un local ou en l\u2019achetant, comme pour <a href=\"https:\/\/www.geolocaux.com\/vente\/fonds-de-commerce\/\">acheter un fonds de commerce<\/a>, il est indispensable d\u2019\u00e9tudier les diff\u00e9rents param\u00e8tres fiscaux des territoires vis\u00e9s, en compl\u00e9ment de la recherche g\u00e9olocalis\u00e9e de biens disponibles. Ici, prendre connaissance des friches commerciales existantes et se positionner comme acqu\u00e9reur ou comme locataire peut \u00eatre une strat\u00e9gie payante.<\/p>\n<h2>Questions fr\u00e9quentes : taxe sur les friches commerciales<\/h2>\n<h3>Qui est concern\u00e9 par la taxe sur les friches commerciales\u2009?<\/h3>\n<p>Les propri\u00e9taires de locaux commerciaux soumis \u00e0 la taxe fonci\u00e8re sur les propri\u00e9t\u00e9s b\u00e2ties (TFPB) et durablement inoccup\u00e9s sont cibl\u00e9s par la TFC.<\/p>\n<h3>Comment \u00e9viter la taxe sur les locaux vacants\u2009?<\/h3>\n<p>En prouvant une mise en location ou une mise en vente active, ainsi qu\u2019en justifiant d\u2019un motif l\u00e9gitime d\u2019inexploitation, il est possible d\u2019\u00e9viter la taxe sur les friches commerciales.<\/p>\n<h3>Que faire si un local est temporairement inoccup\u00e9\u2009?<\/h3>\n<p>Une vacance temporaire ne d\u00e9clenche pas la TFC. Le d\u00e9lai avant application de la taxe est de deux ans d\u2019inexploitation.<\/p>\n<h3>La taxe sur les friches s\u2019applique-t-elle \u00e0 un entrep\u00f4t non exploit\u00e9\u2009?<\/h3>\n<p>Les entrep\u00f4ts font partie des biens soumis \u00e0 la taxe fonci\u00e8re sur les propri\u00e9t\u00e9s b\u00e2ties et sont donc concern\u00e9s par la TFC.<\/p>\n<p>Sources officielles :<br \/>\nMinist\u00e8re de l\u2019\u00c9conomie et des Finances : https:\/\/www.economie.gouv.fr\/entreprises\/gerer-sa-fiscalite-et-ses-impots\/autres-impots-et-taxes\/la-taxe-sur-les-friches<br \/>\nPortail des collectivit\u00e9s locales : https:\/\/www.collectivites-locales.gouv.fr\/taxe-sur-les-friches-commerciales<br \/>\nCode g\u00e9n\u00e9ral des imp\u00f4ts : https:\/\/www.legifrance.gouv.fr\/codes\/section_lc\/LEGITEXT000006069577\/LEGISCTA000022795767\/<\/p>\n","protected":false},"excerpt":{"rendered":"<p>La taxe sur les friches commerciales (TFC) s\u2019impose progressivement comme un levier fiscal des collectivit\u00e9s publiques, pour lutter contre la vacance des locaux commerciaux et professionnels. Souvent ignor\u00e9, cet imp\u00f4t local annuel concerne directement les propri\u00e9taires de biens inoccup\u00e9s. Penchons-nous&#8230;<\/p>\n","protected":false},"author":4,"featured_media":21011,"comment_status":"closed","ping_status":"open","sticky":false,"template":"","format":"standard","meta":{"_acf_changed":false,"footnotes":""},"categories":[40],"tags":[],"class_list":["post-20990","post","type-post","status-publish","format-standard","has-post-thumbnail","hentry","category-conseils"],"acf":[],"thumbnail":"https:\/\/www.geolocaux.com\/blog\/wp-content\/uploads\/2025\/12\/e8bedb8b-9a00-4e92-83dd-896c288e151d-737x491.webp","partenaire":"","category":"Conseils","_links":{"self":[{"href":"https:\/\/www.geolocaux.com\/blog\/wp-json\/wp\/v2\/posts\/20990","targetHints":{"allow":["GET"]}}],"collection":[{"href":"https:\/\/www.geolocaux.com\/blog\/wp-json\/wp\/v2\/posts"}],"about":[{"href":"https:\/\/www.geolocaux.com\/blog\/wp-json\/wp\/v2\/types\/post"}],"author":[{"embeddable":true,"href":"https:\/\/www.geolocaux.com\/blog\/wp-json\/wp\/v2\/users\/4"}],"replies":[{"embeddable":true,"href":"https:\/\/www.geolocaux.com\/blog\/wp-json\/wp\/v2\/comments?post=20990"}],"version-history":[{"count":5,"href":"https:\/\/www.geolocaux.com\/blog\/wp-json\/wp\/v2\/posts\/20990\/revisions"}],"predecessor-version":[{"id":21027,"href":"https:\/\/www.geolocaux.com\/blog\/wp-json\/wp\/v2\/posts\/20990\/revisions\/21027"}],"wp:featuredmedia":[{"embeddable":true,"href":"https:\/\/www.geolocaux.com\/blog\/wp-json\/wp\/v2\/media\/21011"}],"wp:attachment":[{"href":"https:\/\/www.geolocaux.com\/blog\/wp-json\/wp\/v2\/media?parent=20990"}],"wp:term":[{"taxonomy":"category","embeddable":true,"href":"https:\/\/www.geolocaux.com\/blog\/wp-json\/wp\/v2\/categories?post=20990"},{"taxonomy":"post_tag","embeddable":true,"href":"https:\/\/www.geolocaux.com\/blog\/wp-json\/wp\/v2\/tags?post=20990"}],"curies":[{"name":"wp","href":"https:\/\/api.w.org\/{rel}","templated":true}]}}