{"id":20906,"date":"2025-11-03T16:55:54","date_gmt":"2025-11-03T14:55:54","guid":{"rendered":"https:\/\/www.geolocaux.com\/blog\/?p=20906"},"modified":"2025-11-03T17:00:12","modified_gmt":"2025-11-03T15:00:12","slug":"propriete-commerciale-notion","status":"publish","type":"post","link":"https:\/\/www.geolocaux.com\/blog\/conseils\/propriete-commerciale-notion\/","title":{"rendered":"Propri\u00e9t\u00e9 commerciale : une notion \u00e0 conna\u00eetre"},"content":{"rendered":"<p>La propri\u00e9t\u00e9 commerciale d\u00e9finit un cadre juridique essentiel \u00e0 ma\u00eetriser, avant de s\u2019engager dans un contrat de location ou un achat. Entre droits du locataire, obligations du bailleur et sp\u00e9cificit\u00e9s du bail, son application repose sur des m\u00e9canismes pr\u00e9cis d\u00e9finis par le Code de commerce. Laissez-vous guider et d\u00e9couvrez tous les aspects fondamentaux de la propri\u00e9t\u00e9 commerciale, pour vous aider \u00e0 mener \u00e0 bien votre projet.<\/p>\n<h2>Qu\u2019est-ce que la propri\u00e9t\u00e9 commerciale\u2009?<\/h2>\n<h3>D\u00e9finition juridique de la propri\u00e9t\u00e9 commerciale<\/h3>\n<p>Inscrite au Code de commerce, la propri\u00e9t\u00e9 commerciale est une notion relative au bail commercial. Son r\u00f4le est de prot\u00e9ger l\u2019activit\u00e9 du preneur (l\u2019exploitation de son fonds de commerce) et de lui d\u00e9livrer un <a href=\"https:\/\/www.geolocaux.com\/blog\/conseils\/bail-commercial-propriete-commerciale-renouvellement-du-bail\/\">droit au renouvellement<\/a> du contrat de bail locatif, ou \u00e0 d\u00e9faut, d\u2019obtenir une <a href=\"https:\/\/www.geolocaux.com\/blog\/conseils\/indemnite-eviction-bail-commercial\/\">indemnit\u00e9 d\u2019\u00e9viction<\/a>.<\/p>\n<h3>\u00c0 quoi sert la propri\u00e9t\u00e9 commercial\u2009?<\/h3>\n<p>Contrairement au droit de propri\u00e9t\u00e9 classique d\u2019un bien immobilier, la propri\u00e9t\u00e9 commerciale ne conf\u00e8re pas au locataire la possession des murs, mais la propri\u00e9t\u00e9 d\u2019une activit\u00e9 commerciale, artisanale ou industrielle. Le locataire exploite son fonds de commerce, dans les murs du bailleur et dans le cadre d\u2019un contrat de bail commercial. C\u2019est une protection juridique pr\u00e9servant le commer\u00e7ant d\u2019une \u00e9viction arbitraire du propri\u00e9taire.<\/p>\n<h3>Diff\u00e9rence entre propri\u00e9t\u00e9 commerciale et fonds de commerce<\/h3>\n<p>La propri\u00e9t\u00e9 commerciale est induite dans la clause de renouvellement du bail commercial sign\u00e9 entre bailleur et preneur. Le <a href=\"https:\/\/www.geolocaux.com\/vente\/fonds-de-commerce\/\">fonds de commerce<\/a> regroupe les \u00e9l\u00e9ments incorporels (client\u00e8le, enseigne, mat\u00e9riel) dans le cadre de l\u2019exploitation d\u2019un local commercial. Il int\u00e8gre le droit au bail, constituant la transmission du contrat de bail en cours.<\/p>\n<p><picture><source srcset=\"https:\/\/www.geolocaux.com\/blog\/wp-content\/uploads\/2025\/11\/shutterstock_2478548775.webp 2500w, https:\/\/www.geolocaux.com\/blog\/wp-content\/uploads\/2025\/11\/shutterstock_2478548775-300x200.jpg 300w, https:\/\/www.geolocaux.com\/blog\/wp-content\/uploads\/2025\/11\/shutterstock_2478548775-1024x682.jpg 1024w, https:\/\/www.geolocaux.com\/blog\/wp-content\/uploads\/2025\/11\/shutterstock_2478548775-1536x1024.jpg 1536w, https:\/\/www.geolocaux.com\/blog\/wp-content\/uploads\/2025\/11\/shutterstock_2478548775-2048x1365.jpg 2048w,https:\/\/www.geolocaux.com\/blog\/wp-content\/uploads\/2025\/11\/shutterstock_2478548775-737x491.webp 737w\" sizes=\"auto, (max-width: 2500px) 100vw, 2500px\" type=\"image\/webp\"><img src=\"https:\/\/www.geolocaux.com\/blog\/wp-content\/uploads\/2025\/11\/shutterstock_2478548775.jpg\" height=\"1666\" width=\"2500\" srcset=\"https:\/\/www.geolocaux.com\/blog\/wp-content\/uploads\/2025\/11\/shutterstock_2478548775.jpg 2500w, https:\/\/www.geolocaux.com\/blog\/wp-content\/uploads\/2025\/11\/shutterstock_2478548775-300x200.jpg 300w, https:\/\/www.geolocaux.com\/blog\/wp-content\/uploads\/2025\/11\/shutterstock_2478548775-1024x682.jpg 1024w, https:\/\/www.geolocaux.com\/blog\/wp-content\/uploads\/2025\/11\/shutterstock_2478548775-1536x1024.jpg 1536w, https:\/\/www.geolocaux.com\/blog\/wp-content\/uploads\/2025\/11\/shutterstock_2478548775-2048x1365.jpg 2048w, https:\/\/www.geolocaux.com\/blog\/wp-content\/uploads\/2025\/11\/shutterstock_2478548775-737x491.jpg 737w\" sizes=\"auto, (max-width: 2500px) 100vw, 2500px\" class=\"aligncenter size-full wp-image-20908 sp-no-webp\" alt=\"Propri\u00e9t\u00e9 commerciale\" loading=\"lazy\" decoding=\"async\"  > <\/picture><\/p>\n<h2>Quels sont les droits li\u00e9s \u00e0 la propri\u00e9t\u00e9 commerciale\u2009?<\/h2>\n<h3>Le droit au bail commercial<\/h3>\n<p>Le droit au bail prot\u00e8ge le contrat de bail commercial et ses conditions d\u2019application. Il assure son renouvellement \u00e0 expiration. Sa valeur lui est propre et il peut \u00eatre c\u00e9d\u00e9 avec le fonds de commerce.<\/p>\n<h3>Le droit \u00e0 la protection du fonds de commerce<\/h3>\n<p>Il prot\u00e8ge le locataire d\u2019une \u00e9viction arbitraire, attestant que le lieu d\u2019exploitation participe \u00e0 la valeur du commerce. Il permet donc de garantir la stabilit\u00e9 de l\u2019exploitation de l\u2019activit\u00e9.<\/p>\n<h3>Les conditions de renouvellement et d\u2019indemnit\u00e9 d\u2019\u00e9viction<\/h3>\n<p>Un <a href=\"https:\/\/www.geolocaux.com\/blog\/conseils\/bail-commercial-definition-statut-conditions-application\/\">bail commercial\u00a03 6 9<\/a> est conclu pour neuf ans, avec possibilit\u00e9 de r\u00e9vision triennale. \u00c0 la fin de cette p\u00e9riode, le locataire dispose d\u2019un droit l\u00e9gitime au <a href=\"https:\/\/www.geolocaux.com\/blog\/conseils\/bail-commercial-propriete-commerciale-renouvellement-du-bail\/\">renouvellement de bail commercial<\/a>, sauf refus du bailleur pour motif l\u00e9gitime (non-paiement du loyer, faute grave\u2026). En cas de refus de renouvellement sans motif valable, le bailleur doit verser au preneur une indemnit\u00e9 d\u2019\u00e9viction, \u00e9quivalente \u00e0 la valeur marchande du fonds de commerce<\/p>\n<h3>La cessibilit\u00e9 du bail commercial<\/h3>\n<p>Le locataire peut c\u00e9der son droit au bail, conjointement \u00e0 son fonds de commerce. Cette transmission permet au nouveau commer\u00e7ant preneur de b\u00e9n\u00e9ficier des m\u00eames conditions contractuelles locatives que son c\u00e9dant.<\/p>\n<p>Sources officielles\u00a0:<\/p>\n<p>Code de commerce\u00a0: https:\/\/www.legifrance.gouv.fr\/codes\/section_lc\/LEGITEXT000005634379\/LEGISCTA000006146040\/<\/p>\n","protected":false},"excerpt":{"rendered":"<p>La propri\u00e9t\u00e9 commerciale d\u00e9finit un cadre juridique essentiel \u00e0 ma\u00eetriser, avant de s\u2019engager dans un contrat de location ou un achat. Entre droits du locataire, obligations du bailleur et sp\u00e9cificit\u00e9s du bail, son application repose sur des m\u00e9canismes pr\u00e9cis d\u00e9finis&#8230;<\/p>\n","protected":false},"author":4,"featured_media":20908,"comment_status":"closed","ping_status":"open","sticky":false,"template":"","format":"standard","meta":{"_acf_changed":false,"footnotes":""},"categories":[40],"tags":[],"class_list":["post-20906","post","type-post","status-publish","format-standard","has-post-thumbnail","hentry","category-conseils"],"acf":[],"thumbnail":"https:\/\/www.geolocaux.com\/blog\/wp-content\/uploads\/2025\/11\/shutterstock_2478548775-737x491.webp","partenaire":"","category":"Conseils","_links":{"self":[{"href":"https:\/\/www.geolocaux.com\/blog\/wp-json\/wp\/v2\/posts\/20906","targetHints":{"allow":["GET"]}}],"collection":[{"href":"https:\/\/www.geolocaux.com\/blog\/wp-json\/wp\/v2\/posts"}],"about":[{"href":"https:\/\/www.geolocaux.com\/blog\/wp-json\/wp\/v2\/types\/post"}],"author":[{"embeddable":true,"href":"https:\/\/www.geolocaux.com\/blog\/wp-json\/wp\/v2\/users\/4"}],"replies":[{"embeddable":true,"href":"https:\/\/www.geolocaux.com\/blog\/wp-json\/wp\/v2\/comments?post=20906"}],"version-history":[{"count":2,"href":"https:\/\/www.geolocaux.com\/blog\/wp-json\/wp\/v2\/posts\/20906\/revisions"}],"predecessor-version":[{"id":20911,"href":"https:\/\/www.geolocaux.com\/blog\/wp-json\/wp\/v2\/posts\/20906\/revisions\/20911"}],"wp:featuredmedia":[{"embeddable":true,"href":"https:\/\/www.geolocaux.com\/blog\/wp-json\/wp\/v2\/media\/20908"}],"wp:attachment":[{"href":"https:\/\/www.geolocaux.com\/blog\/wp-json\/wp\/v2\/media?parent=20906"}],"wp:term":[{"taxonomy":"category","embeddable":true,"href":"https:\/\/www.geolocaux.com\/blog\/wp-json\/wp\/v2\/categories?post=20906"},{"taxonomy":"post_tag","embeddable":true,"href":"https:\/\/www.geolocaux.com\/blog\/wp-json\/wp\/v2\/tags?post=20906"}],"curies":[{"name":"wp","href":"https:\/\/api.w.org\/{rel}","templated":true}]}}