{"id":20566,"date":"2025-06-26T09:50:27","date_gmt":"2025-06-26T07:50:27","guid":{"rendered":"https:\/\/www.geolocaux.com\/blog\/?p=20566"},"modified":"2025-07-18T15:39:28","modified_gmt":"2025-07-18T13:39:28","slug":"louis-durozey-agence-du-centre","status":"publish","type":"post","link":"https:\/\/www.geolocaux.com\/blog\/interviews\/louis-durozey-agence-du-centre\/","title":{"rendered":"Louis Durozey , dirigeant Agence du Centre"},"content":{"rendered":"<p>Louis Durozey est g\u00e9rant de l&rsquo;<a href=\"https:\/\/www.geolocaux.com\/agences-immobilier-entreprise\/agence-du-centre-771.html\">Agence du Centre<\/a>, un cabinet sp\u00e9cialiste de l\u2019immobilier d\u2019entreprise et commercial implant\u00e9 \u00e0 F\u00e9camp depuis 30 ans. L&rsquo;\u00e9quipe vous accompagne dans la recherche de location ou l\u2019achat de bureaux, de locaux d\u2019activit\u00e9s artisanaux ou industriels, de locaux commerciaux, d\u2019entrep\u00f4ts, de locaux d\u2019entreprise, de terrains \u00e0 F\u00e9camp, dans le Pays de Caux, en Seine Maritime. Dans le cadre de notre partenariat pour la diffusion de ses annonces, nous avons eu l\u2019occasion d\u2019\u00e9changer :<\/p>\n<p><strong><span style=\"color: #99cc00;\">Geolocaux : Pouvez-vous nous pr\u00e9senter Agence\u00a0du\u00a0Centre\u00a0?<\/span><\/strong><\/p>\n<p><strong>Louis Durozey :<\/strong> En 2016 nous avons d\u00e9cid\u00e9 avec mon p\u00e8re de reprendre l&rsquo;Agence du Centre. Auparavant, nous travaillions dans l&rsquo;industrie agroalimentaire et \u00e9tions propri\u00e9taires d&rsquo;un groupe de 400 salari\u00e9s, nous avons arr\u00eater cette activit\u00e9 en 2014.<\/p>\n<p><strong><span style=\"color: #99cc00;\">Geolocaux : Parlez nous de votre parcours, qu&rsquo;est ce qui vous a pouss\u00e9 \u00e0 travailler dans ce secteur ?<\/span><\/strong><\/p>\n<p><strong>Louis Durozey :<\/strong> Notre m\u00e9tier est plut\u00f4t g\u00e9n\u00e9raliste, notre service de transaction (habitation &#8211; professionnel &#8211; viager) et location gestion. Avant d&rsquo;\u00eatre agent immobilier, entre 2014 et 2016, je me retrouve \u00e0 l&rsquo;\u00e9cole pour devenir expert-comptable, cependant en 2015 nous avons eu cette <a href=\"https:\/\/www.agenceducentre.net\/\">belle opportunit\u00e9<\/a> de reprendre cette agence immobili\u00e8re.\u00a0 Le contact client, (vendeur et acqu\u00e9reur) et ainsi trouver de multiples solutions aux clients afin de trouver une meilleure strat\u00e9gie pour leurs investissements est tr\u00e8s enrichissant !\u00a0 J&rsquo;ai d\u00e9cid\u00e9 de me porter vers l&rsquo;immobilier professionnel afin de retrouver la client\u00e8le professionnelle. Le monde de la fiscalit\u00e9 d&rsquo;entreprise et des implantations commerciales me pla\u00eet \u00e9norm\u00e9ment !<\/p>\n<p><span style=\"color: #99cc00;\"><strong>Geolocaux : Comment se porte votre march\u00e9 ? Quels sont vos particularit\u00e9s ?\u00a0<\/strong><\/span><\/p>\n<p><strong>Louis Durozey :<\/strong> Le march\u00e9 en 2025 est assez \u00e9trange&#8230; Le premier trimestre 2025 a \u00e9t\u00e9 tr\u00e8s bon, cependant pour le 2\u00e8me trimestre c&rsquo;est beaucoup plus timide&#8230; Il y a tr\u00e8s peu de porteurs de projets&#8230; Les fonds de commerces et la location de locaux commerciaux sont actuellement au ralenti&#8230;<\/p>\n<p><strong><span style=\"color: #99cc00;\">Geolocaux : Avez-vous des projets \u00e0 venir pour l&rsquo;<span class=\"il\">agence<\/span> ? <\/span><\/strong><\/p>\n<p><strong>Louis Durozey :<\/strong> Nous souhaitons d\u00e9velopper massivement la gestion locative (pro et habitation), c&rsquo;est pour cela que nous recrutons des collaborateurs exp\u00e9riment\u00e9s.<\/p>\n<p><span style=\"color: #99cc00;\"><strong>Geolocaux : Quelles sont vos derni\u00e8res transactions marquantes ?<\/strong><\/span><\/p>\n<p><strong>Louis Durozey :<\/strong> Ma derni\u00e8re transaction professionnelle marquante a \u00e9t\u00e9 sur le secteur d&rsquo; Etretat, j&rsquo;ai vendu un h\u00f4tel-restaurant avec les murs (vue sur mer et la falaise d&rsquo;Etretat) au prix de 1 150 000\u20ac FAI.<\/p>\n","protected":false},"excerpt":{"rendered":"<p>Louis Durozey est g\u00e9rant de l&rsquo;Agence du Centre, un cabinet sp\u00e9cialiste de l\u2019immobilier d\u2019entreprise et commercial implant\u00e9 \u00e0 F\u00e9camp depuis 30 ans. L&rsquo;\u00e9quipe vous accompagne dans la recherche de location ou l\u2019achat de bureaux, de locaux d\u2019activit\u00e9s artisanaux ou industriels,&#8230;<\/p>\n","protected":false},"author":134,"featured_media":20577,"comment_status":"closed","ping_status":"open","sticky":false,"template":"","format":"standard","meta":{"_acf_changed":false,"footnotes":""},"categories":[39],"tags":[],"class_list":["post-20566","post","type-post","status-publish","format-standard","has-post-thumbnail","hentry","category-interviews","partenaires-agence-du-centre"],"acf":[],"thumbnail":"https:\/\/www.geolocaux.com\/blog\/wp-content\/uploads\/2025\/06\/agence1modif-1-737x533.webp","partenaire":"771","category":"Interviews","_links":{"self":[{"href":"https:\/\/www.geolocaux.com\/blog\/wp-json\/wp\/v2\/posts\/20566","targetHints":{"allow":["GET"]}}],"collection":[{"href":"https:\/\/www.geolocaux.com\/blog\/wp-json\/wp\/v2\/posts"}],"about":[{"href":"https:\/\/www.geolocaux.com\/blog\/wp-json\/wp\/v2\/types\/post"}],"author":[{"embeddable":true,"href":"https:\/\/www.geolocaux.com\/blog\/wp-json\/wp\/v2\/users\/134"}],"replies":[{"embeddable":true,"href":"https:\/\/www.geolocaux.com\/blog\/wp-json\/wp\/v2\/comments?post=20566"}],"version-history":[{"count":10,"href":"https:\/\/www.geolocaux.com\/blog\/wp-json\/wp\/v2\/posts\/20566\/revisions"}],"predecessor-version":[{"id":20583,"href":"https:\/\/www.geolocaux.com\/blog\/wp-json\/wp\/v2\/posts\/20566\/revisions\/20583"}],"wp:featuredmedia":[{"embeddable":true,"href":"https:\/\/www.geolocaux.com\/blog\/wp-json\/wp\/v2\/media\/20577"}],"wp:attachment":[{"href":"https:\/\/www.geolocaux.com\/blog\/wp-json\/wp\/v2\/media?parent=20566"}],"wp:term":[{"taxonomy":"category","embeddable":true,"href":"https:\/\/www.geolocaux.com\/blog\/wp-json\/wp\/v2\/categories?post=20566"},{"taxonomy":"post_tag","embeddable":true,"href":"https:\/\/www.geolocaux.com\/blog\/wp-json\/wp\/v2\/tags?post=20566"}],"curies":[{"name":"wp","href":"https:\/\/api.w.org\/{rel}","templated":true}]}}