{"id":20507,"date":"2025-07-17T16:52:45","date_gmt":"2025-07-17T14:52:45","guid":{"rendered":"https:\/\/www.geolocaux.com\/blog\/?p=20507"},"modified":"2025-07-17T16:52:45","modified_gmt":"2025-07-17T14:52:45","slug":"arthur-loyd-tours-interview-jeanne-anibal-romain","status":"publish","type":"post","link":"https:\/\/www.geolocaux.com\/blog\/interviews\/arthur-loyd-tours-interview-jeanne-anibal-romain\/","title":{"rendered":"Arthur Loyd Tours : interview de Jeanne, Anibal et Romain"},"content":{"rendered":"<p>Consultants et experts reconnus du secteur de l\u2019immobilier d\u2019entreprise, Jeanne Thelisson, Romain Vaucelle et Anibal Pires se sont associ\u00e9s pour prendre la suite de l&rsquo;activit\u00e9 d&rsquo;<a href=\"https:\/\/www.geolocaux.com\/agences-immobilier-entreprise\/arthur-loyd-tours-136.html\">Arthur Loyd Tours<\/a>. Dans le cadre de notre partenariat pour la diffusion de leurs annonces depuis 2016, nous avons eu l&rsquo;occasion de les interviewer.<\/p>\n<p><span style=\"color: #abd132;\"><strong>Pr\u00e9sentez-nous vos parcours respectifs et ce qui vous a men\u00e9 \u00e0 l\u2019immobilier<\/strong><\/span><\/p>\n<p><strong>Jeanne, Anibal et Romain<\/strong> : Nous avons trois parcours diff\u00e9rents, mais une passion commune : l\u2019immobilier. Romain et Jeanne se sont connus sur les bancs de l\u2019\u00e9cole, il y a d\u00e9j\u00e0 25 ans, pendant leurs \u00e9tudes en immobilier. Romain est arriv\u00e9 le premier chez Arthur Loyd, par le biais de son contrat d\u2019alternance qui a marqu\u00e9 le d\u00e9but de sa carri\u00e8re professionnelle. Depuis il n\u2019est jamais parti ! Anibal a d\u00e9marr\u00e9 sa carri\u00e8re aupr\u00e8s de la mairie de Fondettes puis \u00e0 la Communaut\u00e9 d\u2019Agglom\u00e9ration Tours Plus, au service d\u00e9veloppement \u00e9conomique, avant de se tourner vers l\u2019immobilier professionnel. Il y a trouv\u00e9 un \u00e9quilibre entre les enjeux \u00e9conomiques, humains et territoriaux. Jeanne a quant \u00e0 elle travaill\u00e9 10 ans dans l\u2019habitation au sein de plusieurs agences avant de rejoindre Arthur Loyd et de se tourner vers l\u2019immobilier d\u2019entreprise.<\/p>\n<p>On s\u2019est retrouv\u00e9s autour de valeurs communes : l\u2019amiti\u00e9, le sens du service, la connaissance fine du tissu local, et l\u2019envie de travailler de mani\u00e8re professionnelle pour accompagner et conseiller au mieux nos clients. Et surtout, une volont\u00e9 forte de construire quelque chose ensemble, sur un march\u00e9 qu\u2019on conna\u00eet bien et qui nous anime : celui de la M\u00e9tropole Tourangelle.<\/p>\n<p><span style=\"color: #abd132;\"><strong>Pouvez-vous nous pr\u00e9senter Arthur Loyd Tours et vos r\u00f4les au sein de l\u2019agence ?<\/strong><\/span><\/p>\n<p><strong>Jeanne, Anibal et Romain<\/strong> : Arthur Loyd Tours est une agence ind\u00e9pendante, ancr\u00e9e localement depuis plus de 30 ans. C\u2019est \u00e9galement un r\u00e9seau national reconnu, et qui plus est le premier r\u00e9seau d\u2019immobilier sp\u00e9cialis\u00e9 en entreprise sur le territoire Fran\u00e7ais. Notre sp\u00e9cialit\u00e9, c\u2019est l\u2019immobilier d\u2019entreprise : bureaux, locaux d\u2019activit\u00e9, entrep\u00f4ts logistiques et commerces, sur l\u2019ensemble de la M\u00e9tropole de Tours et ses alentours.<\/p>\n<div id=\"attachment_20633\" style=\"width: 2570px\" class=\"wp-caption aligncenter\"><img loading=\"lazy\" decoding=\"async\" aria-describedby=\"caption-attachment-20633\" class=\"size-full wp-image-20633\" src=\"https:\/\/www.geolocaux.com\/blog\/wp-content\/uploads\/2025\/05\/Famille-Fenart-33-scaled.jpg\" alt=\"arthur loyd tours jeanne thelisson romain vaucelle anibal pires coralie bonifaci\" width=\"2560\" height=\"1707\" srcset=\"https:\/\/www.geolocaux.com\/blog\/wp-content\/uploads\/2025\/05\/Famille-Fenart-33-scaled.jpg 2560w, https:\/\/www.geolocaux.com\/blog\/wp-content\/uploads\/2025\/05\/Famille-Fenart-33-300x200.jpg 300w, https:\/\/www.geolocaux.com\/blog\/wp-content\/uploads\/2025\/05\/Famille-Fenart-33-1024x683.jpg 1024w, https:\/\/www.geolocaux.com\/blog\/wp-content\/uploads\/2025\/05\/Famille-Fenart-33-1536x1024.jpg 1536w, https:\/\/www.geolocaux.com\/blog\/wp-content\/uploads\/2025\/05\/Famille-Fenart-33-2048x1365.jpg 2048w, https:\/\/www.geolocaux.com\/blog\/wp-content\/uploads\/2025\/05\/Famille-Fenart-33-737x491.jpg 737w\" sizes=\"auto, (max-width: 2560px) 100vw, 2560px\" \/><p id=\"caption-attachment-20633\" class=\"wp-caption-text\">Romain Vaucelle, Jeanne Thelisson, Coralie Bonifaci et Anibal Pires<\/p><\/div>\n<p>Au sein de l\u2019agence, nos r\u00f4les sont compl\u00e9mentaires. Jeanne a cr\u00e9\u00e9 le service commerce \u00e0 son arriv\u00e9e en 2010 et le d\u00e9veloppe depuis. Anibal et Romain sont compl\u00e9mentaires sur la partie Activit\u00e9, Logistique et Bureaux comme ils le font depuis 20 ans pour Anibal et 25 ans pour Romain. Coralie qui nous suit depuis bient\u00f4t 10 ans, nous assiste sur la partie marketing, commerciale et relations client.<\/p>\n<p>On se retrouve tous sur le pilotage global, les choix strat\u00e9giques et le d\u00e9veloppement de l\u2019agence.<\/p>\n<p><span style=\"color: #abd132;\"><strong>Quels sont vos projets pour l\u2019agence ?<\/strong><\/span><\/p>\n<p><strong>Jeanne, Anibal et Romain<\/strong> : Notre ambition est de continuer \u00e0 consolider notre position de r\u00e9f\u00e9rence sur la M\u00e9tropole Tourangelle, tout en d\u00e9veloppant de nouveaux services \u00e0 valeur ajout\u00e9e pour nos clients. Nous devons dans un premier temps stabiliser notre rachat. On se donne ensuite 6 mois pour r\u00e9fl\u00e9chir aux nouvelles structures connexes que nous aimerions d\u00e9velopper.<\/p>\n<p>On veut aussi renforcer notre r\u00f4le de conseil aupr\u00e8s des collectivit\u00e9s et des am\u00e9nageurs, car l\u2019immobilier d\u2019entreprise est un levier majeur de d\u00e9veloppement \u00e9conomique local. Enfin, on accorde une place importante \u00e0 la digitalisation : outils de commercialisation, data march\u00e9, services en ligne\u2026 L\u2019id\u00e9e, c\u2019est de rester agiles, \u00e0 l\u2019\u00e9coute, et toujours utiles.<\/p>\n<p><span style=\"color: #abd132;\"><strong>Comment se porte votre march\u00e9 ? Quelles sont ses particularit\u00e9s ?<\/strong><\/span><\/p>\n<p><strong>Jeanne, Anibal et Romain<\/strong> : Le march\u00e9 tourangeau reste dynamique, m\u00eame si on sent une certaine prudence. 2023 et 2024 ont \u00e9t\u00e9 tr\u00e8s bonnes ann\u00e9es, mais le premier semestre 2025 semble pour le moment plus prudent\u00a0: les niveaux d\u2019engagement sont moins \u00e9lev\u00e9s et l\u2019offre a tendance \u00e0 croitre. Les produits \u00e0 vendre partent en revanche tr\u00e8s vite s\u2019ils sont dans les conditions du march\u00e9. Cot\u00e9 commerce, les acteurs soufrent, la consommation est en baisse, mais la vacance du centre-ville reste inf\u00e9rieure \u00e0 la moyenne nationale.<\/p>\n<p>En revanche, le segment logistique et activit\u00e9 est en forme : il y a une vraie tension sur l\u2019offre, notamment sur les produits r\u00e9cents et bien situ\u00e9s.<\/p>\n<p>Apr\u00e8s une vague historique de d\u00e9faillance d\u2019entreprises en 2024 li\u00e9e \u00e0 la fin des moratoires, on esp\u00e8re que les retournements de conjonctures et probl\u00e8mes g\u00e9opolitiques ne vont pas continuer \u00e0 accentuer les difficult\u00e9s.<\/p>\n<p>Tours a la particularit\u00e9 d\u2019\u00eatre \u00e0 la fois une m\u00e9tropole attractive pour les entreprises et les commer\u00e7ants, et un territoire \u00e0 taille humaine o\u00f9 les relations locales comptent. C\u2019est un march\u00e9 o\u00f9 la r\u00e9activit\u00e9, la connaissance fine du tissu \u00e9conomique, et la capacit\u00e9 \u00e0 bien conseiller les porteurs de projets font toute la diff\u00e9rence. Et c\u2019est exactement ce qu\u2019on s\u2019efforce d\u2019apporter.<\/p>\n<p><span style=\"color: #abd132;\"><strong>Une anecdote \u00e0 partager avec nos lecteurs ?<\/strong><\/span><\/p>\n<p><strong>Jeanne, Anibal et Romain<\/strong> : On pourrait en raconter des dizaines !<\/p>\n<p>R\u00e9cemment, alors que nous \u00e9tions tous plong\u00e9s dans les d\u00e9marches administratives li\u00e9es au rachat de notre fonds de commerce, nous avons combl\u00e9 de bonheur une de nos clientes. Elle cherchait des bureaux \u00e0 acheter \u00e0 Tours depuis maintenant 3 ans sans trouver le bien de ses r\u00eaves. Quand nous lui avons annonc\u00e9 que nous avions re\u00e7u son offre d\u2019achat accept\u00e9e, l\u2019\u00e9motion l\u2019a emport\u00e9e et les larmes lui sont mont\u00e9es aux yeux. C\u2019\u00e9tait une premi\u00e8re en 25 ans et \u00e7a fait chaud au c\u0153ur car vous vous dites que vous r\u00e9alisez un travail passionnant et que vous avez bien fait de reprendre un beau r\u00e9seau comme Arthur Loyd.<\/p>\n","protected":false},"excerpt":{"rendered":"<p>Consultants et experts reconnus du secteur de l\u2019immobilier d\u2019entreprise, Jeanne Thelisson, Romain Vaucelle et Anibal Pires se sont associ\u00e9s pour prendre la suite de l&rsquo;activit\u00e9 d&rsquo;Arthur Loyd Tours. Dans le cadre de notre partenariat pour la diffusion de leurs annonces&#8230;<\/p>\n","protected":false},"author":134,"featured_media":20633,"comment_status":"closed","ping_status":"open","sticky":false,"template":"","format":"standard","meta":{"_acf_changed":false,"footnotes":""},"categories":[39],"tags":[],"class_list":["post-20507","post","type-post","status-publish","format-standard","has-post-thumbnail","hentry","category-interviews","partenaires-arthur-loyd-tours"],"acf":[],"thumbnail":"https:\/\/www.geolocaux.com\/blog\/wp-content\/uploads\/2025\/05\/Famille-Fenart-33-737x491.jpg","partenaire":"136","category":"Interviews","_links":{"self":[{"href":"https:\/\/www.geolocaux.com\/blog\/wp-json\/wp\/v2\/posts\/20507","targetHints":{"allow":["GET"]}}],"collection":[{"href":"https:\/\/www.geolocaux.com\/blog\/wp-json\/wp\/v2\/posts"}],"about":[{"href":"https:\/\/www.geolocaux.com\/blog\/wp-json\/wp\/v2\/types\/post"}],"author":[{"embeddable":true,"href":"https:\/\/www.geolocaux.com\/blog\/wp-json\/wp\/v2\/users\/134"}],"replies":[{"embeddable":true,"href":"https:\/\/www.geolocaux.com\/blog\/wp-json\/wp\/v2\/comments?post=20507"}],"version-history":[{"count":5,"href":"https:\/\/www.geolocaux.com\/blog\/wp-json\/wp\/v2\/posts\/20507\/revisions"}],"predecessor-version":[{"id":20630,"href":"https:\/\/www.geolocaux.com\/blog\/wp-json\/wp\/v2\/posts\/20507\/revisions\/20630"}],"wp:featuredmedia":[{"embeddable":true,"href":"https:\/\/www.geolocaux.com\/blog\/wp-json\/wp\/v2\/media\/20633"}],"wp:attachment":[{"href":"https:\/\/www.geolocaux.com\/blog\/wp-json\/wp\/v2\/media?parent=20507"}],"wp:term":[{"taxonomy":"category","embeddable":true,"href":"https:\/\/www.geolocaux.com\/blog\/wp-json\/wp\/v2\/categories?post=20507"},{"taxonomy":"post_tag","embeddable":true,"href":"https:\/\/www.geolocaux.com\/blog\/wp-json\/wp\/v2\/tags?post=20507"}],"curies":[{"name":"wp","href":"https:\/\/api.w.org\/{rel}","templated":true}]}}