{"id":19862,"date":"2025-04-04T14:45:00","date_gmt":"2025-04-04T12:45:00","guid":{"rendered":"https:\/\/www.geolocaux.com\/blog\/?p=19862"},"modified":"2025-04-10T09:43:26","modified_gmt":"2025-04-10T07:43:26","slug":"nicolas-germain-chartes-isare","status":"publish","type":"post","link":"https:\/\/www.geolocaux.com\/blog\/interviews\/nicolas-germain-chartes-isare\/","title":{"rendered":"Nicolas Germain, dirigeant Isare Immobilier"},"content":{"rendered":"<p><span style=\"color: #99cc00;\"><strong>Geolocaux : Pouvez-vous nous pr\u00e9senter\u00a0Isare\u00a0Immobilier ?<\/strong><\/span><\/p>\n<p style=\"font-weight: 400;\"><span style=\"color: #99cc00;\"><strong>Nicolas Germain :<\/strong><\/span> Bonjour, je suis Nicolas Germain, fondateur d&rsquo;Isare Immobilier, une soci\u00e9t\u00e9 que j&rsquo;ai cr\u00e9\u00e9e en 2019 apr\u00e8s avoir obtenu mon master 2 MIFIM \u00e0 l&rsquo;ESPI. <a href=\"https:\/\/www.isare-immobilier.com\/\" target=\"_blank\" rel=\"noopener\">Isare Immobilier<\/a> est sp\u00e9cialis\u00e9 dans l&rsquo;immobilier d\u2019entreprise. Nous accompagnons les entreprises dans leurs projets immobiliers, qu&rsquo;il s&rsquo;agisse de la vente, de la location ou de l&rsquo;achat de locaux commerciaux, bureaux, entrep\u00f4ts, et autres types de biens professionnels.<\/p>\n<p style=\"font-weight: 400;\">Mon \u00e9quipe et moi op\u00e9rons en \u00cele-de-France, dans la r\u00e9gion Centre, ainsi qu&rsquo;\u00e0 l&rsquo;\u00e9chelle nationale pour nos clients investisseurs.\u00a0De la phase initiale jusqu&rsquo;\u00e0 la concr\u00e9tisation de chaque projet immobilier, nous veillons \u00e0 offrir un service complet en animant et coordonnant les diff\u00e9rents acteurs de l&rsquo;immobilier, tels que notaires, ma\u00eetres d&rsquo;\u0153uvre, g\u00e9om\u00e8tres, et bien d&rsquo;autres. Notre objectif est de garantir la r\u00e9ussite de chaque transaction en offrant un accompagnement premium \u00e0 nos clients.<\/p>\n<p style=\"font-weight: 400;\">Nous sommes toujours en qu\u00eate de nouvelles opportunit\u00e9s pour collaborer avec des investisseurs et des d\u00e9veloppeurs d&rsquo;enseignes nationales. Nous serions ravis d&rsquo;\u00e9changer avec vos lecteurs pour explorer les possibilit\u00e9s de collaboration.<\/p>\n<p><picture><source srcset=\"https:\/\/www.geolocaux.com\/blog\/wp-content\/uploads\/2025\/02\/Sans-titre-826x1024.jpg 826w, https:\/\/www.geolocaux.com\/blog\/wp-content\/uploads\/2025\/02\/Sans-titre-242x300.jpg 242w,https:\/\/www.geolocaux.com\/blog\/wp-content\/uploads\/2025\/02\/Sans-titre-737x914.webp 737w,https:\/\/www.geolocaux.com\/blog\/wp-content\/uploads\/2025\/02\/Sans-titre.webp 1035w\" sizes=\"auto, (max-width: 826px) 100vw, 826px\" type=\"image\/webp\"><img src=\"https:\/\/www.geolocaux.com\/blog\/wp-content\/uploads\/2025\/02\/Sans-titre-826x1024.jpg\" height=\"1024\" width=\"826\" srcset=\"https:\/\/www.geolocaux.com\/blog\/wp-content\/uploads\/2025\/02\/Sans-titre-826x1024.jpg 826w, https:\/\/www.geolocaux.com\/blog\/wp-content\/uploads\/2025\/02\/Sans-titre-242x300.jpg 242w, https:\/\/www.geolocaux.com\/blog\/wp-content\/uploads\/2025\/02\/Sans-titre-737x914.jpg 737w, https:\/\/www.geolocaux.com\/blog\/wp-content\/uploads\/2025\/02\/Sans-titre.jpg 1035w\" sizes=\"auto, (max-width: 826px) 100vw, 826px\" class=\"aligncenter size-large wp-image-20402 sp-no-webp\" alt=\"\" loading=\"lazy\" decoding=\"async\"  > <\/picture><\/p>\n<p><strong><span style=\"color: #99cc00;\">Geolocaux : Qu\u2019est-ce qui vous a pouss\u00e9 \u00e0 travailler dans ce secteur ?\u00a0<\/span><\/strong><\/p>\n<p style=\"font-weight: 400;\"><strong><span style=\"color: #99cc00;\">Nicolas Germain :<\/span><\/strong> L&rsquo;immobilier d&rsquo;entreprise m&rsquo;a toujours attir\u00e9 pour son aspect concret, rationnel et strat\u00e9gique. C&rsquo;est un secteur o\u00f9 la diversification des besoins est si importante, que ce soit pour les porteurs de projets, les investisseurs, les utilisateurs ou les propri\u00e9taires. Il y a cinq ans, j&rsquo;ai d\u00e9cid\u00e9 de me lancer dans ce m\u00e9tier passionnant avec l&rsquo;ambition d&rsquo;apporter une forte valeur ajout\u00e9e \u00e0 nos clients, en leur offrant des solutions sur mesure. J&rsquo;ai \u00e9galement mis un point d&rsquo;honneur \u00e0 int\u00e9grer des outils technologiques innovants et performants au sein de mon \u00e9quipe pour optimiser notre efficacit\u00e9.<\/p>\n<p style=\"font-weight: 400;\">Aujourd&rsquo;hui, dans le cadre de notre croissance, nous sommes \u00e0 la recherche de talents passionn\u00e9s, ambitieux et motiv\u00e9s pour nous rejoindre.<\/p>\n<p><strong><span style=\"color: #99cc00;\">Geolocaux : Pouvez-vous nous parler du march\u00e9 de l\u2019immobilier d&rsquo;entreprise \u00e0 Chartres ?\u00a0<\/span><\/strong><\/p>\n<p style=\"font-weight: 400;\"><strong><span style=\"color: #99cc00;\">Nicolas Germain :<\/span> <\/strong>Le march\u00e9 de l\u2019immobilier d\u2019entreprise \u00e0 Chartres est dynamique et en pleine expansion. La proximit\u00e9 avec la r\u00e9gion parisienne, combin\u00e9e \u00e0 des co\u00fbts comp\u00e9titifs, attire non seulement les entreprises, mais aussi les promoteurs sp\u00e9cialis\u00e9s en villages d\u2019activit\u00e9s. On observe un large \u00e9ventail de cellules d\u2019activit\u00e9s disponibles \u00e0 la location ou \u00e0 l\u2019achat, notamment sur le Jardin d\u2019Entreprises de Chartres \u00e0 l\u2019Est, ainsi que sur la nouvelle zone d\u2019activit\u00e9 \u00e0 l\u2019Ouest.<\/p>\n<p style=\"font-weight: 400;\">Concernant le secteur commercial, la zone situ\u00e9e au sud de Chartres est tr\u00e8s pris\u00e9e par les enseignes nationales, rendant le m\u00e8tre carr\u00e9 disponible de plus en plus rare. L\u2019activit\u00e9 \u00e9conomique y est particuli\u00e8rement forte. Cependant, gr\u00e2ce \u00e0 notre proximit\u00e9 avec les bailleurs, nous sommes en mesure de proposer encore quelques espaces disponibles.<\/p>\n","protected":false},"excerpt":{"rendered":"<p>Geolocaux : Pouvez-vous nous pr\u00e9senter\u00a0Isare\u00a0Immobilier ? Nicolas Germain : Bonjour, je suis Nicolas Germain, fondateur d&rsquo;Isare Immobilier, une soci\u00e9t\u00e9 que j&rsquo;ai cr\u00e9\u00e9e en 2019 apr\u00e8s avoir obtenu mon master 2 MIFIM \u00e0 l&rsquo;ESPI. Isare Immobilier est sp\u00e9cialis\u00e9 dans l&rsquo;immobilier d\u2019entreprise&#8230;.<\/p>\n","protected":false},"author":134,"featured_media":20478,"comment_status":"closed","ping_status":"open","sticky":false,"template":"","format":"standard","meta":{"_acf_changed":false,"footnotes":""},"categories":[39],"tags":[],"class_list":["post-19862","post","type-post","status-publish","format-standard","has-post-thumbnail","hentry","category-interviews","partenaires-isare-immobilier"],"acf":[],"thumbnail":"https:\/\/www.geolocaux.com\/blog\/wp-content\/uploads\/2025\/03\/nicolas-germain-737x597.webp","partenaire":"554","category":"Interviews","_links":{"self":[{"href":"https:\/\/www.geolocaux.com\/blog\/wp-json\/wp\/v2\/posts\/19862","targetHints":{"allow":["GET"]}}],"collection":[{"href":"https:\/\/www.geolocaux.com\/blog\/wp-json\/wp\/v2\/posts"}],"about":[{"href":"https:\/\/www.geolocaux.com\/blog\/wp-json\/wp\/v2\/types\/post"}],"author":[{"embeddable":true,"href":"https:\/\/www.geolocaux.com\/blog\/wp-json\/wp\/v2\/users\/134"}],"replies":[{"embeddable":true,"href":"https:\/\/www.geolocaux.com\/blog\/wp-json\/wp\/v2\/comments?post=19862"}],"version-history":[{"count":4,"href":"https:\/\/www.geolocaux.com\/blog\/wp-json\/wp\/v2\/posts\/19862\/revisions"}],"predecessor-version":[{"id":20479,"href":"https:\/\/www.geolocaux.com\/blog\/wp-json\/wp\/v2\/posts\/19862\/revisions\/20479"}],"wp:featuredmedia":[{"embeddable":true,"href":"https:\/\/www.geolocaux.com\/blog\/wp-json\/wp\/v2\/media\/20478"}],"wp:attachment":[{"href":"https:\/\/www.geolocaux.com\/blog\/wp-json\/wp\/v2\/media?parent=19862"}],"wp:term":[{"taxonomy":"category","embeddable":true,"href":"https:\/\/www.geolocaux.com\/blog\/wp-json\/wp\/v2\/categories?post=19862"},{"taxonomy":"post_tag","embeddable":true,"href":"https:\/\/www.geolocaux.com\/blog\/wp-json\/wp\/v2\/tags?post=19862"}],"curies":[{"name":"wp","href":"https:\/\/api.w.org\/{rel}","templated":true}]}}