{"id":19513,"date":"2024-07-03T12:06:34","date_gmt":"2024-07-03T10:06:34","guid":{"rendered":"https:\/\/www.geolocaux.com\/blog\/?p=19513"},"modified":"2025-04-10T09:43:51","modified_gmt":"2025-04-10T07:43:51","slug":"gregory-cappelle-immodespros","status":"publish","type":"post","link":"https:\/\/www.geolocaux.com\/blog\/interviews\/gregory-cappelle-immodespros\/","title":{"rendered":"Gr\u00e9gory Cappelle, g\u00e9rant de l&rsquo;agence ImmoDesPros"},"content":{"rendered":"<p>Gr\u00e9gory Cappelle est le g\u00e9rant de l&rsquo;agence <a href=\"https:\/\/www.geolocaux.com\/agences-immobilier-entreprise\/immodespros-113.html\">ImmoDesPros<\/a>, partenaire de Geolocaux pour la diffusion de ses annonces sur la m\u00e9tropole lilloise depuis 2016. Nous avons eu l&rsquo;occasion d&rsquo;\u00e9changer sur son parcours et sa soci\u00e9t\u00e9 :<\/p>\n<p style=\"font-weight: 400;\"><span style=\"color: #abd132;\"><strong>Parlez-nous de votre parcours et des raisons pour lesquelles vous avez choisi l\u2019immobilier ?<\/strong><\/span><\/p>\n<p style=\"font-weight: 400;\"><strong>Gr\u00e9gory Cappelle : <\/strong>Apr\u00e8s une d\u00e9cennie sp\u00e9cialis\u00e9 en t\u00e9l\u00e9communication d\u2019entreprise, \u00e0 vendre des solutions virtuelles complexes aux grandes entreprises de la r\u00e9gion, j\u2019ai souhait\u00e9 me recentrer sur un domaine concret, pour lequel j\u2019avais d\u00e9j\u00e0 une app\u00e9tence particuli\u00e8re.<\/p>\n<p style=\"font-weight: 400;\"><span style=\"color: #abd132;\"><strong>Pouvez-vous nous pr\u00e9senter ImmoDesPros et votre r\u00f4le au sein de l\u2019agence ?<\/strong><\/span><\/p>\n<p style=\"font-weight: 400;\"><strong>Gr\u00e9gory Cappelle : <\/strong>ImmoDesPros est une agence ind\u00e9pendante que j\u2019ai cr\u00e9\u00e9e en 2008. Elle est sp\u00e9cialis\u00e9e en <a href=\"https:\/\/immodespros.fr\/\">immobilier professionnel et commercial<\/a>, essentiellement sur la m\u00e9tropole lilloise. L\u2019agence compte un effectif de cinq collaborateurs et a pour projet de se repositionner g\u00e9ographiquement, en emm\u00e9nageant dans des bureaux neufs, alliant modernit\u00e9 et centralit\u00e9.<\/p>\n<p><picture><source srcset=\"https:\/\/www.geolocaux.com\/blog\/wp-content\/uploads\/2024\/07\/Immodespros-Geolocaux-Gregory-Cappelle.webp 2152w, https:\/\/www.geolocaux.com\/blog\/wp-content\/uploads\/2024\/07\/Immodespros-Geolocaux-Gregory-Cappelle-300x220.png 300w, https:\/\/www.geolocaux.com\/blog\/wp-content\/uploads\/2024\/07\/Immodespros-Geolocaux-Gregory-Cappelle-1024x751.png 1024w, https:\/\/www.geolocaux.com\/blog\/wp-content\/uploads\/2024\/07\/Immodespros-Geolocaux-Gregory-Cappelle-1536x1126.png 1536w, https:\/\/www.geolocaux.com\/blog\/wp-content\/uploads\/2024\/07\/Immodespros-Geolocaux-Gregory-Cappelle-2048x1502.png 2048w,https:\/\/www.geolocaux.com\/blog\/wp-content\/uploads\/2024\/07\/Immodespros-Geolocaux-Gregory-Cappelle-737x540.webp 737w\" sizes=\"auto, (max-width: 2152px) 100vw, 2152px\" type=\"image\/webp\"><img src=\"https:\/\/www.geolocaux.com\/blog\/wp-content\/uploads\/2024\/07\/Immodespros-Geolocaux-Gregory-Cappelle.png\" height=\"1578\" width=\"2152\" srcset=\"https:\/\/www.geolocaux.com\/blog\/wp-content\/uploads\/2024\/07\/Immodespros-Geolocaux-Gregory-Cappelle.png 2152w, https:\/\/www.geolocaux.com\/blog\/wp-content\/uploads\/2024\/07\/Immodespros-Geolocaux-Gregory-Cappelle-300x220.png 300w, https:\/\/www.geolocaux.com\/blog\/wp-content\/uploads\/2024\/07\/Immodespros-Geolocaux-Gregory-Cappelle-1024x751.png 1024w, https:\/\/www.geolocaux.com\/blog\/wp-content\/uploads\/2024\/07\/Immodespros-Geolocaux-Gregory-Cappelle-1536x1126.png 1536w, https:\/\/www.geolocaux.com\/blog\/wp-content\/uploads\/2024\/07\/Immodespros-Geolocaux-Gregory-Cappelle-2048x1502.png 2048w, https:\/\/www.geolocaux.com\/blog\/wp-content\/uploads\/2024\/07\/Immodespros-Geolocaux-Gregory-Cappelle-737x540.png 737w\" sizes=\"auto, (max-width: 2152px) 100vw, 2152px\" class=\"aligncenter size-full wp-image-19515 sp-no-webp\" alt=\"Immodespros Geolocaux Gregory Cappelle\" loading=\"lazy\" decoding=\"async\"  > <\/picture><\/p>\n<p style=\"font-weight: 400;\"><span style=\"color: #abd132;\"><strong>Quelles sont vos derni\u00e8res transactions marquantes ?<\/strong><\/span><\/p>\n<p style=\"font-weight: 400;\"><strong>Gr\u00e9gory Cappelle : <\/strong>Positionn\u00e9e sur le segment <em>middle market<\/em> de la m\u00e9tropole lilloise, ImmoDesPros profite d\u2019une bonne notori\u00e9t\u00e9, de par ses valeurs d\u2019int\u00e9grit\u00e9 et son expertise march\u00e9. Nous accompagnons les entreprises dans leur d\u00e9veloppement, en traitant au mieux, leurs diff\u00e9rents sujets immobiliers. ImmoDesPros est missionn\u00e9e sur la plupart des op\u00e9rations de constructions neuves, tout comme sur de la seconde main. Nous intervenons tant sur les ventes et les locations \u00e0 utilisateurs que sur des ventes \u00e0 investisseurs (actifs lou\u00e9s).<\/p>\n<p style=\"font-weight: 400;\"><span style=\"color: #abd132;\"><strong>Qu\u2019est-ce qui diff\u00e9rencie ImmoDesPros de ses confr\u00e8res ?<\/strong><\/span><\/p>\n<p style=\"font-weight: 400;\"><strong>Gr\u00e9gory Cappelle : <\/strong>ImmoDesPros est membre-partenaire du r\u00e9seau REXIM, premier r\u00e9seau national d&rsquo;ind\u00e9pendant. En effet, notre volont\u00e9 est d\u2018accompagner nos clients sur toute la France. Nous sommes unis dans ce r\u00e9seau pour rassembler nos comp\u00e9tences, les mettre en commun pour mieux servir les int\u00e9r\u00eats de nos clients : la puissance d&rsquo;un r\u00e9seau national pour trouver localement la solution \u00e0 leurs besoins en immobilier d&rsquo;entreprise.<\/p>\n<hr \/>\n<p>Nous vous proposerons prochainement de nouveaux contenus exclusifs autour de nos partenaires. En attendant, retrouvez les autres <a href=\"https:\/\/www.geolocaux.com\/blog\/category\/interviews\/\">interviews de professionnels de l&rsquo;immobilier d&rsquo;entreprise<\/a>.<\/p>\n","protected":false},"excerpt":{"rendered":"<p>Gr\u00e9gory Cappelle est le g\u00e9rant de l&rsquo;agence ImmoDesPros, partenaire de Geolocaux pour la diffusion de ses annonces sur la m\u00e9tropole lilloise depuis 2016. Nous avons eu l&rsquo;occasion d&rsquo;\u00e9changer sur son parcours et sa soci\u00e9t\u00e9 : Parlez-nous de votre parcours et&#8230;<\/p>\n","protected":false},"author":134,"featured_media":19516,"comment_status":"closed","ping_status":"open","sticky":false,"template":"","format":"standard","meta":{"_acf_changed":false,"footnotes":""},"categories":[39],"tags":[],"class_list":["post-19513","post","type-post","status-publish","format-standard","has-post-thumbnail","hentry","category-interviews","partenaires-immodespros"],"acf":[],"thumbnail":"https:\/\/www.geolocaux.com\/blog\/wp-content\/uploads\/2024\/07\/Gregory-Cappelle-Immodespros-Geoocaux-737x499.webp","partenaire":"113","category":"Interviews","_links":{"self":[{"href":"https:\/\/www.geolocaux.com\/blog\/wp-json\/wp\/v2\/posts\/19513","targetHints":{"allow":["GET"]}}],"collection":[{"href":"https:\/\/www.geolocaux.com\/blog\/wp-json\/wp\/v2\/posts"}],"about":[{"href":"https:\/\/www.geolocaux.com\/blog\/wp-json\/wp\/v2\/types\/post"}],"author":[{"embeddable":true,"href":"https:\/\/www.geolocaux.com\/blog\/wp-json\/wp\/v2\/users\/134"}],"replies":[{"embeddable":true,"href":"https:\/\/www.geolocaux.com\/blog\/wp-json\/wp\/v2\/comments?post=19513"}],"version-history":[{"count":5,"href":"https:\/\/www.geolocaux.com\/blog\/wp-json\/wp\/v2\/posts\/19513\/revisions"}],"predecessor-version":[{"id":19522,"href":"https:\/\/www.geolocaux.com\/blog\/wp-json\/wp\/v2\/posts\/19513\/revisions\/19522"}],"wp:featuredmedia":[{"embeddable":true,"href":"https:\/\/www.geolocaux.com\/blog\/wp-json\/wp\/v2\/media\/19516"}],"wp:attachment":[{"href":"https:\/\/www.geolocaux.com\/blog\/wp-json\/wp\/v2\/media?parent=19513"}],"wp:term":[{"taxonomy":"category","embeddable":true,"href":"https:\/\/www.geolocaux.com\/blog\/wp-json\/wp\/v2\/categories?post=19513"},{"taxonomy":"post_tag","embeddable":true,"href":"https:\/\/www.geolocaux.com\/blog\/wp-json\/wp\/v2\/tags?post=19513"}],"curies":[{"name":"wp","href":"https:\/\/api.w.org\/{rel}","templated":true}]}}