{"id":19409,"date":"2024-05-30T13:28:49","date_gmt":"2024-05-30T11:28:49","guid":{"rendered":"https:\/\/www.geolocaux.com\/blog\/?p=19409"},"modified":"2024-08-26T16:38:09","modified_gmt":"2024-08-26T14:38:09","slug":"ciel-2024-lyon","status":"publish","type":"post","link":"https:\/\/www.geolocaux.com\/blog\/actualites\/ciel-2024-lyon\/","title":{"rendered":"CIEL 2024 : le rendez-vous 100% BtoB \u00e0 Lyon !"},"content":{"rendered":"<p>Le <strong>CIEL 2024 <\/strong>(Construction et Immobilier d&rsquo;Entreprise Lyonnais) revient pour sa 6\u00e8me \u00e9dition, les 12 &amp; 13 juin 2024 au Palais de la Bourse \u00e0 Lyon. Le salon est l&rsquo;occasion id\u00e9ale pour cr\u00e9er des opportunit\u00e9s de mise en relation entre les principaux acteurs de l&rsquo;immobilier d&rsquo;entreprise et des professionnels tels que les dirigeants d&rsquo;entreprise, les investisseurs et les directeurs immobiliers. L&rsquo;objectif est de les accompagner dans leurs projets de construction, de r\u00e9novation, de recherche de locaux commerciaux, d&rsquo;espaces d&rsquo;activit\u00e9, de bureaux ou de solutions de coworking.<\/p>\n<h1 style=\"text-align: center;\"><strong><span style=\"color: #abd132;\">CIEL 2024 : 3 raisons de vous inscrire<\/span><\/strong><\/h1>\n<h4 style=\"text-align: left;\"><strong>R\u00e9alisez votre futur projet immobilier professionnel<\/strong><\/h4>\n<p>Plus de <a href=\"https:\/\/www.carrefour-immobilier-entreprise.fr\/les-exposants-au-carrefour-de-l-immobilier-d-entreprise&amp;utm_source=emailing-partenaire&amp;utm_medium=geolocaux&amp;utm_campaign=inscription-CIEL\">60 acteurs majeurs de l&rsquo;immobilier d&rsquo;entreprise lyonnais<\/a> vous aideront \u00e0 trouver les solutions pour acheter, louer, transformer, agrandir, am\u00e9liorer et repenser votre immobilier professionnel !<\/p>\n<h4 style=\"text-align: left;\"><strong>Les conf\u00e9rences et ateliers<\/strong><\/h4>\n<p>B\u00e9n\u00e9ficiez de conf\u00e9rences et ateliers sur des th\u00e9matiques d&rsquo;actualit\u00e9. Restez connect\u00e9s pour d\u00e9couvrir <a href=\"https:\/\/www.carrefour-immobilier-entreprise.fr\/programme&amp;utm_source=emailing-partenaire&amp;utm_medium=geolocaux&amp;utm_campaign=inscription-CIEL\">le programme !<\/a><\/p>\n<h4 style=\"text-align: left;\"><strong>Un lieu d&rsquo;\u00e9changes et de rencontres<\/strong><\/h4>\n<p>Pour la 6\u00e8me \u00e9dition, le CIEL reste le rendez-vous de l&rsquo;immobilier d&rsquo;entreprise lyonnais 100% BtoB. Une occasion unique de rencontrer de nombreux professionnels et de d\u00e9velopper votre portefeuille de contacts car pr\u00e8s de 2000 visiteurs sont attendus !<\/p>\n<p><a href=\"https:\/\/ciel.bee-worx.net\/WebForm.aspx?fid=2269&amp;cat=VISITEUR&amp;_gl=1*1p5fvx3*_ga*MjA1MjEwNzMxOC4xNzE1NTg3OTQ1*_ga_NBX19PPRNY*MTcxNTU4Nzk0NC4xLjEuMTcxNTU4OTg3OC40OS4wLjA.\" rel=\"attachment wp-att-19411\"><picture><source srcset=\"https:\/\/www.geolocaux.com\/blog\/wp-content\/uploads\/2024\/05\/2024-CIEL-Post-Facebook-1200x630-1-1024x538.jpg 1024w, https:\/\/www.geolocaux.com\/blog\/wp-content\/uploads\/2024\/05\/2024-CIEL-Post-Facebook-1200x630-1-300x158.jpg 300w,https:\/\/www.geolocaux.com\/blog\/wp-content\/uploads\/2024\/05\/2024-CIEL-Post-Facebook-1200x630-1-737x387.webp 737w,https:\/\/www.geolocaux.com\/blog\/wp-content\/uploads\/2024\/05\/2024-CIEL-Post-Facebook-1200x630-1.webp 1200w\" sizes=\"auto, (max-width: 1024px) 100vw, 1024px\" type=\"image\/webp\"><img src=\"https:\/\/www.geolocaux.com\/blog\/wp-content\/uploads\/2024\/05\/2024-CIEL-Post-Facebook-1200x630-1-1024x538.jpg\" height=\"538\" width=\"1024\" srcset=\"https:\/\/www.geolocaux.com\/blog\/wp-content\/uploads\/2024\/05\/2024-CIEL-Post-Facebook-1200x630-1-1024x538.jpg 1024w, https:\/\/www.geolocaux.com\/blog\/wp-content\/uploads\/2024\/05\/2024-CIEL-Post-Facebook-1200x630-1-300x158.jpg 300w, https:\/\/www.geolocaux.com\/blog\/wp-content\/uploads\/2024\/05\/2024-CIEL-Post-Facebook-1200x630-1-737x387.jpg 737w, https:\/\/www.geolocaux.com\/blog\/wp-content\/uploads\/2024\/05\/2024-CIEL-Post-Facebook-1200x630-1.jpg 1200w\" sizes=\"auto, (max-width: 1024px) 100vw, 1024px\" class=\"aligncenter size-large wp-image-19411 sp-no-webp\" alt=\"\" loading=\"lazy\" decoding=\"async\"  > <\/picture><\/a><\/p>\n<h1 style=\"text-align: center;\"><strong><span style=\"color: #abd132;\">CIEL 2024 : Geolocaux, partenaire de l&rsquo;\u00e9v\u00e9nement\u00a0<\/span><\/strong><\/h1>\n<p>Pour cette 6\u00e8me \u00e9dition, Geolocaux participera de nouveau au CIEL en tant que partenaire, aux c\u00f4t\u00e9s de la M\u00e9tropole Grand Lyon, Only Lyon Invest, la FNAIM, la F\u00e9d\u00e9ration des promoteurs immobiliers, Tribune de Lyon, BFM Lyon, M\u00b2 La Lettre, l&rsquo;UNICEF, et bien d&rsquo;autres. <a href=\"https:\/\/ciel.bee-worx.net\/WebForm.aspx?fid=2269&amp;cat=VISITEUR&amp;utm_source=emailing-partenaire&amp;utm_medium=geolocaux&amp;utm_campaign=inscription-CIEL\">Inscrivez-vous gratuitement !<\/a><\/p>\n<h1 style=\"text-align: center;\"><strong><span style=\"color: #abd132;\">CIEL 2024 : Infos pratiques\u00a0<\/span><\/strong><\/h1>\n<p style=\"text-align: left;\">Le CIEL aura lieu au <strong>Palais de la Bourse \u00e0 Lyon.<\/strong> Il sera accessible aux\u00a0horaires suivantes :<\/p>\n<p style=\"text-align: center;\"><strong>Mardi 12 juin 2024 : 9h30 &#8211; 18h00<\/strong><br \/>\n<strong>Mercredi 13 juin 2024 : 9h00 &#8211; 14h00<\/strong><\/p>\n<p style=\"text-align: center;\">M\u00e9tro : Ligne A &#8211; arr\u00eat Cordeliers<br \/>\nBus : Arr\u00eat Cordeliers : C3, C5, C13, C14, 27<\/p>\n","protected":false},"excerpt":{"rendered":"<p>Le CIEL 2024 (Construction et Immobilier d&rsquo;Entreprise Lyonnais) revient pour sa 6\u00e8me \u00e9dition, les 12 &amp; 13 juin 2024 au Palais de la Bourse \u00e0 Lyon. Le salon est l&rsquo;occasion id\u00e9ale pour cr\u00e9er des opportunit\u00e9s de mise en relation entre&#8230;<\/p>\n","protected":false},"author":134,"featured_media":19411,"comment_status":"closed","ping_status":"open","sticky":false,"template":"","format":"standard","meta":{"_acf_changed":false,"footnotes":""},"categories":[147],"tags":[],"class_list":["post-19409","post","type-post","status-publish","format-standard","has-post-thumbnail","hentry","category-actualites"],"acf":[],"thumbnail":"https:\/\/www.geolocaux.com\/blog\/wp-content\/uploads\/2024\/05\/2024-CIEL-Post-Facebook-1200x630-1-737x387.webp","partenaire":"","category":"Actualit\u00e9s","_links":{"self":[{"href":"https:\/\/www.geolocaux.com\/blog\/wp-json\/wp\/v2\/posts\/19409","targetHints":{"allow":["GET"]}}],"collection":[{"href":"https:\/\/www.geolocaux.com\/blog\/wp-json\/wp\/v2\/posts"}],"about":[{"href":"https:\/\/www.geolocaux.com\/blog\/wp-json\/wp\/v2\/types\/post"}],"author":[{"embeddable":true,"href":"https:\/\/www.geolocaux.com\/blog\/wp-json\/wp\/v2\/users\/134"}],"replies":[{"embeddable":true,"href":"https:\/\/www.geolocaux.com\/blog\/wp-json\/wp\/v2\/comments?post=19409"}],"version-history":[{"count":4,"href":"https:\/\/www.geolocaux.com\/blog\/wp-json\/wp\/v2\/posts\/19409\/revisions"}],"predecessor-version":[{"id":19858,"href":"https:\/\/www.geolocaux.com\/blog\/wp-json\/wp\/v2\/posts\/19409\/revisions\/19858"}],"wp:featuredmedia":[{"embeddable":true,"href":"https:\/\/www.geolocaux.com\/blog\/wp-json\/wp\/v2\/media\/19411"}],"wp:attachment":[{"href":"https:\/\/www.geolocaux.com\/blog\/wp-json\/wp\/v2\/media?parent=19409"}],"wp:term":[{"taxonomy":"category","embeddable":true,"href":"https:\/\/www.geolocaux.com\/blog\/wp-json\/wp\/v2\/categories?post=19409"},{"taxonomy":"post_tag","embeddable":true,"href":"https:\/\/www.geolocaux.com\/blog\/wp-json\/wp\/v2\/tags?post=19409"}],"curies":[{"name":"wp","href":"https:\/\/api.w.org\/{rel}","templated":true}]}}