{"id":19127,"date":"2023-12-08T12:51:35","date_gmt":"2023-12-08T10:51:35","guid":{"rendered":"https:\/\/blog.geolocaux.com\/?p=19127"},"modified":"2025-09-23T15:41:47","modified_gmt":"2025-09-23T13:41:47","slug":"simi-2023-emmanuel-mazille-malsh","status":"publish","type":"post","link":"https:\/\/www.geolocaux.com\/blog\/interviews\/simi-2023-emmanuel-mazille-malsh\/","title":{"rendered":"SIMI 2023 : ITW d&rsquo;Emmanuel Mazille, Directeur g\u00e9n\u00e9ral de Malsh"},"content":{"rendered":"<p><span style=\"font-weight: 400;\">Partenaire depuis plusieurs ann\u00e9es, le <a href=\"https:\/\/www.geolocaux.com\/agences-immobilier-entreprise\/malsh-realty-60.html\">cabinet Malsh<\/a> est devenu incontournable sur son secteur, \u00e0 l&rsquo;arriv\u00e9e du SIMI nous avons eu la chance de pouvoir \u00e9changer avec Emmanuel Mazille.\u00a0<\/span><\/p>\n<h4><span style=\"color: #abd132;\"><strong>Geolocaux : Qui est Emmanuel Mazille de l\u2019agence MALSH ?\u00a0<\/strong><\/span><\/h4>\n<p><span style=\"font-weight: 400;\">MALSH est un cabinet ind\u00e9pendant depuis 1988 en r\u00e9gion Rh\u00f4ne-Alpes, dont je suis le Directeur G\u00e9n\u00e9ral. Notre \u00e9quipe de 40 collaborateurs accompagne les chefs d&rsquo;entreprise vers la concr\u00e9tisation de leurs projets en immobilier d&rsquo;entreprise \u00e0 la vente et \u00e0 la location pour leurs actifs de bureaux, locaux commerciaux, locaux d\u2019activit\u00e9s et logistique, et les projets de vente \u00e0 investisseur.\u00a0<\/span><\/p>\n<p><i><span style=\"font-weight: 400;\">\u201c\u00c0 titre personnel, j\u2019ai d\u00e9but\u00e9 ma carri\u00e8re en immobilier d\u2019entreprise en 2004. Je suis passionn\u00e9 par mon m\u00e9tier et par les relations interpersonnelles.\u201d<\/span><\/i><\/p>\n<p><img loading=\"lazy\" decoding=\"async\" class=\"alignnone wp-image-19130 size-full\" src=\"https:\/\/geolocaux.com\/blog\/wp-content\/uploads\/2023\/12\/MG_4592_Photographe_Frederic-Vigier-1-scaled.jpg\" alt=\" Emmanuel Mazille, cabinet Malsh\" width=\"2560\" height=\"1707\" srcset=\"https:\/\/www.geolocaux.com\/blog\/wp-content\/uploads\/2023\/12\/MG_4592_Photographe_Frederic-Vigier-1-scaled.jpg 2560w, https:\/\/www.geolocaux.com\/blog\/wp-content\/uploads\/2023\/12\/MG_4592_Photographe_Frederic-Vigier-1-300x200.jpg 300w, https:\/\/www.geolocaux.com\/blog\/wp-content\/uploads\/2023\/12\/MG_4592_Photographe_Frederic-Vigier-1-1024x683.jpg 1024w, https:\/\/www.geolocaux.com\/blog\/wp-content\/uploads\/2023\/12\/MG_4592_Photographe_Frederic-Vigier-1-1536x1024.jpg 1536w, https:\/\/www.geolocaux.com\/blog\/wp-content\/uploads\/2023\/12\/MG_4592_Photographe_Frederic-Vigier-1-2048x1366.jpg 2048w, https:\/\/www.geolocaux.com\/blog\/wp-content\/uploads\/2023\/12\/MG_4592_Photographe_Frederic-Vigier-1-737x491.jpg 737w\" sizes=\"auto, (max-width: 2560px) 100vw, 2560px\" \/><\/p>\n<h4><b><span style=\"color: #abd132;\"><strong>Geolocaux : <\/strong>Quelles sont les tendances sur le march\u00e9 lyonnais en cette fin d&rsquo;ann\u00e9e ?<\/span><\/b><\/h4>\n<p><span style=\"font-weight: 400;\">D\u00e8s le d\u00e9but de l&rsquo;ann\u00e9e 2023, les entreprises sont rest\u00e9es prudentes. Et cette tendance s&rsquo;est v\u00e9rifi\u00e9e tout au long de l&rsquo;ann\u00e9e. Cela s&rsquo;est traduit par <\/span><span style=\"font-weight: 400;\">un net ralentissement des surfaces <\/span><span style=\"font-weight: 400;\">transact\u00e9es<\/span><span style=\"font-weight: 400;\"> sur le march\u00e9 de l\u2019immobilier d\u2019entreprise lyonnais.\u00a0<\/span><\/p>\n<p><span style=\"font-weight: 400;\">Dans notre r\u00e9gion, nous pouvons toutefois noter la bonne r\u00e9silience des march\u00e9s utilisateurs pour les petites surfaces, et notamment pour les locaux d\u2019activit\u00e9s.<\/span><\/p>\n<p><span style=\"font-weight: 400;\">Nous restons mobilis\u00e9s aupr\u00e8s de nos clients chefs d&rsquo;entreprises pour les accompagner dans la r\u00e9alisation de tous leurs projets en immobilier professionnel.<\/span><\/p>\n<h4><span style=\"color: #abd132;\"><b><strong>Geolocaux :<\/strong>\u00a0Quelles sont les nouveaut\u00e9s pr\u00e9vues pour 2024 ?<\/b><b>\u00a0<\/b><\/span><\/h4>\n<p><span style=\"font-weight: 400;\">Nous continuons notre d\u00e9veloppement et notre rayonnement sur le territoire. Nous aurons le plaisir d&rsquo;annoncer la concr\u00e9tisation de nos projets d\u00e8s le d\u00e9but de l&rsquo;ann\u00e9e 2024. Restez connect\u00e9s !\u00a0<\/span><\/p>\n<h4><b><span style=\"color: #abd132;\"><strong>Geolocaux : <\/strong>Comment s&rsquo;annonce le SIMI cette ann\u00e9e ?<\/span><\/b><\/h4>\n<p><span style=\"font-weight: 400;\">Nous esp\u00e9rons que le <a href=\"https:\/\/www.salonsimi.com\/\">SIMI<\/a> saura se montrer aussi dynamique que les ann\u00e9es pr\u00e9c\u00e9dentes en d\u00e9pit de la situation globale que l&rsquo;on traverse ! Et \u00e0 plus d&rsquo;un titre, ce SIMI pourra se r\u00e9v\u00e9ler tr\u00e8s int\u00e9ressant &#8230;\u00a0<\/span><\/p>\n<h4><b><span style=\"color: #abd132;\"><strong>Geolocaux : <\/strong>Vous avez un scoop \u00e0 nous annoncer cette ann\u00e9e ? Doit-on attendre le SIMI pour le d\u00e9couvrir ?<\/span><\/b><\/h4>\n<p><span style=\"font-weight: 400;\">Oui. A d\u00e9couvrir au moment du SIMI !<\/span><\/p>\n<p><span style=\"font-weight: 400;\">Merci \u00e0 <\/span><span style=\"font-weight: 400;\">Emmanuel Mazille d\u2019avoir r\u00e9pondu \u00e0 nos questions, rendez-vous donc au SIMI pour en apprendre davantage \ud83d\ude09<\/span><\/p>\n","protected":false},"excerpt":{"rendered":"<p>Partenaire depuis plusieurs ann\u00e9es, le cabinet Malsh est devenu incontournable sur son secteur, \u00e0 l&rsquo;arriv\u00e9e du SIMI nous avons eu la chance de pouvoir \u00e9changer avec Emmanuel Mazille.\u00a0 Geolocaux : Qui est Emmanuel Mazille de l\u2019agence MALSH ?\u00a0 MALSH est&#8230;<\/p>\n","protected":false},"author":134,"featured_media":19130,"comment_status":"closed","ping_status":"open","sticky":false,"template":"","format":"standard","meta":{"_acf_changed":false,"footnotes":""},"categories":[39],"tags":[1588],"class_list":["post-19127","post","type-post","status-publish","format-standard","has-post-thumbnail","hentry","category-interviews","tag-malsh","partenaires-malsh"],"acf":[],"thumbnail":"https:\/\/www.geolocaux.com\/blog\/wp-content\/uploads\/2023\/12\/MG_4592_Photographe_Frederic-Vigier-1-737x491.webp","partenaire":"60","category":"Interviews","_links":{"self":[{"href":"https:\/\/www.geolocaux.com\/blog\/wp-json\/wp\/v2\/posts\/19127","targetHints":{"allow":["GET"]}}],"collection":[{"href":"https:\/\/www.geolocaux.com\/blog\/wp-json\/wp\/v2\/posts"}],"about":[{"href":"https:\/\/www.geolocaux.com\/blog\/wp-json\/wp\/v2\/types\/post"}],"author":[{"embeddable":true,"href":"https:\/\/www.geolocaux.com\/blog\/wp-json\/wp\/v2\/users\/134"}],"replies":[{"embeddable":true,"href":"https:\/\/www.geolocaux.com\/blog\/wp-json\/wp\/v2\/comments?post=19127"}],"version-history":[{"count":9,"href":"https:\/\/www.geolocaux.com\/blog\/wp-json\/wp\/v2\/posts\/19127\/revisions"}],"predecessor-version":[{"id":20785,"href":"https:\/\/www.geolocaux.com\/blog\/wp-json\/wp\/v2\/posts\/19127\/revisions\/20785"}],"wp:featuredmedia":[{"embeddable":true,"href":"https:\/\/www.geolocaux.com\/blog\/wp-json\/wp\/v2\/media\/19130"}],"wp:attachment":[{"href":"https:\/\/www.geolocaux.com\/blog\/wp-json\/wp\/v2\/media?parent=19127"}],"wp:term":[{"taxonomy":"category","embeddable":true,"href":"https:\/\/www.geolocaux.com\/blog\/wp-json\/wp\/v2\/categories?post=19127"},{"taxonomy":"post_tag","embeddable":true,"href":"https:\/\/www.geolocaux.com\/blog\/wp-json\/wp\/v2\/tags?post=19127"}],"curies":[{"name":"wp","href":"https:\/\/api.w.org\/{rel}","templated":true}]}}