{"id":18935,"date":"2023-11-16T11:16:22","date_gmt":"2023-11-16T09:16:22","guid":{"rendered":"https:\/\/blog.geolocaux.com\/?p=18935"},"modified":"2025-12-02T18:00:06","modified_gmt":"2025-12-02T16:00:06","slug":"arthur-loyd-2-savoies-sylvain-clerc-directeurs-associes","status":"publish","type":"post","link":"https:\/\/www.geolocaux.com\/blog\/interviews\/arthur-loyd-2-savoies-sylvain-clerc-directeurs-associes\/","title":{"rendered":"Arthur Loyd 2 Savoies : Sylvain Clerc, directeur"},"content":{"rendered":"<p>Sylvain Clerc est directeur de l&rsquo;agence <a href=\"https:\/\/www.geolocaux.com\/agences-immobilier-entreprise\/arthur-loyd-2-savoies-557.html\">Arthur Loyd 2 Savoies<\/a>, bas\u00e9e \u00e0 Drumettaz-Clarafond. Dans le cadre de notre partenariat pour la diffusion de leurs annonces sur Geolocaux, nous avons eu l&rsquo;occasion d&rsquo;\u00e9changer pour vous proposer cette interview. Bonne lecture !<\/p>\n<p><span style=\"color: #99cc00;\"><strong>Pr\u00e9sentez-nous votre parcours et les raisons qui vous ont fait choisir l\u2019immobilier d\u2019entreprise<\/strong><\/span><\/p>\n<p>J&rsquo;ai 43 ans et je baigne depuis bient\u00f4t 15 ans dans l\u2019immobilier d\u2019entreprise. J\u2019y suis arriv\u00e9 un peu par hasard apr\u00e8s une premi\u00e8re partie de carri\u00e8re dans la construction mais je n\u2019ai plus quitt\u00e9 ce domaine. Je suis pass\u00e9 par l\u2019expertise immobili\u00e8re, le consulting et la formation pour Orpi France et maintenant la transaction apr\u00e8s avoir cr\u00e9\u00e9 Procimes devenue Arthur Loyd 2 Savoies.<\/p>\n<p><img loading=\"lazy\" decoding=\"async\" class=\"aligncenter wp-image-19887 size-full\" src=\"https:\/\/www.geolocaux.com\/blog\/wp-content\/uploads\/2023\/11\/Arthur-Loyd-2-Savoies-Patrice-Campagne-Sylvain-Campagne-1-e1764690798265.jpg\" alt=\"Arthur Loyd 2 Savoies Sylvain Clerc\" width=\"983\" height=\"795\" srcset=\"https:\/\/www.geolocaux.com\/blog\/wp-content\/uploads\/2023\/11\/Arthur-Loyd-2-Savoies-Patrice-Campagne-Sylvain-Campagne-1-e1764690798265.jpg 983w, https:\/\/www.geolocaux.com\/blog\/wp-content\/uploads\/2023\/11\/Arthur-Loyd-2-Savoies-Patrice-Campagne-Sylvain-Campagne-1-e1764690798265-300x243.jpg 300w, https:\/\/www.geolocaux.com\/blog\/wp-content\/uploads\/2023\/11\/Arthur-Loyd-2-Savoies-Patrice-Campagne-Sylvain-Campagne-1-e1764690798265-737x596.jpg 737w\" sizes=\"auto, (max-width: 983px) 100vw, 983px\" \/><\/p>\n<p><span style=\"color: #99cc00;\"><strong>Pouvez-vous nous pr\u00e9senter Arthur Loyd 2 Savoies ?<\/strong><\/span><\/p>\n<p>Arthur Loyd 2 Savoies est une<a href=\"https:\/\/www.arthur-loyd.com\/2savoies\"> agence 100% d\u00e9di\u00e9e \u00e0 l\u2019immobilier professionnel<\/a>. Nous avons une \u00e9quipe de cinq collaborateurs : n\u00e9gociateurs, back office et un charg\u00e9 de communication. Nous intervenons du Genevois jusqu\u2019\u00e0 Grenoble et nos bureaux sont situ\u00e9s \u00e0 Aix les Bains, \u00e0 c\u00f4t\u00e9 du Golf dont la terrasse du restaurant est devenue notre salle de r\u00e9union annexe ! Vous pouvez nous y retrouver si vous voulez parler immobilier avec nous .<\/p>\n<p><span style=\"color: #99cc00;\"><strong>Quels sont vos projets pour l&rsquo;agence ?<\/strong><\/span><\/p>\n<p>Mon projet sont de continuer \u00e0 d\u00e9velopper Arthur Loyd 2 Savoies sur plusieurs secteurs : en particulier sur le Nord Is\u00e8re, le Gr\u00e9sivaudan et les vall\u00e9es alpines. Ma volont\u00e9 est surtout de moderniser ce m\u00e9tier en le digitalisant : tous nos mandats et offres sont sign\u00e9s en signature \u00e9lectronique, des visites virtuelles sont faites pour tous nos biens sous mandats, nous utilisons les outils de Data les plus performants du march\u00e9 gr\u00e2ce au r\u00e9seau Arthur Loyd.<\/p>\n<p><span style=\"color: #99cc00;\"><strong>Quel est votre regard sur le march\u00e9 de l\u2019immobilier d\u2019entreprise entre Annecy, Albertville et le Gr\u00e9sivaudan ?<\/strong><\/span><\/p>\n<p>Nous avons la chance d\u2019\u00eatre dans un secteur \u00e9conomiquement tr\u00e8s dynamique ! La demande ne faiblit pas malgr\u00e9 la hausse des taux et plusieurs projets en cours ou \u00e0 venir nous permettent de proposer des biens \u00e0 nos clients.\u00a0 Il y a cependant une p\u00e9nurie importante de locaux d\u2019activit\u00e9s et la g\u00e9ographie de notre r\u00e9gion fait que le foncier manque cruellement pour lancer de nouveaux projets !<\/p>\n<hr \/>\n<p>Nous vous proposerons prochainement de nouvelles<a href=\"https:\/\/www.geolocaux.com\/blog\/category\/interviews\/\"> interviews exclusives de professionnels de l&rsquo;immobilier d&rsquo;entreprise<\/a>, restez connect\u00e9s \ud83d\ude09<\/p>\n","protected":false},"excerpt":{"rendered":"<p>Sylvain Clerc est directeur de l&rsquo;agence Arthur Loyd 2 Savoies, bas\u00e9e \u00e0 Drumettaz-Clarafond. Dans le cadre de notre partenariat pour la diffusion de leurs annonces sur Geolocaux, nous avons eu l&rsquo;occasion d&rsquo;\u00e9changer pour vous proposer cette interview. Bonne lecture !&#8230;<\/p>\n","protected":false},"author":134,"featured_media":19887,"comment_status":"closed","ping_status":"open","sticky":false,"template":"","format":"standard","meta":{"_acf_changed":false,"footnotes":""},"categories":[39],"tags":[],"class_list":["post-18935","post","type-post","status-publish","format-standard","has-post-thumbnail","hentry","category-interviews","partenaires-procimes"],"acf":[],"thumbnail":"https:\/\/www.geolocaux.com\/blog\/wp-content\/uploads\/2023\/11\/Arthur-Loyd-2-Savoies-Patrice-Campagne-Sylvain-Campagne-1-e1764690798265-737x596.jpg","partenaire":"557","category":"Interviews","_links":{"self":[{"href":"https:\/\/www.geolocaux.com\/blog\/wp-json\/wp\/v2\/posts\/18935","targetHints":{"allow":["GET"]}}],"collection":[{"href":"https:\/\/www.geolocaux.com\/blog\/wp-json\/wp\/v2\/posts"}],"about":[{"href":"https:\/\/www.geolocaux.com\/blog\/wp-json\/wp\/v2\/types\/post"}],"author":[{"embeddable":true,"href":"https:\/\/www.geolocaux.com\/blog\/wp-json\/wp\/v2\/users\/134"}],"replies":[{"embeddable":true,"href":"https:\/\/www.geolocaux.com\/blog\/wp-json\/wp\/v2\/comments?post=18935"}],"version-history":[{"count":15,"href":"https:\/\/www.geolocaux.com\/blog\/wp-json\/wp\/v2\/posts\/18935\/revisions"}],"predecessor-version":[{"id":20950,"href":"https:\/\/www.geolocaux.com\/blog\/wp-json\/wp\/v2\/posts\/18935\/revisions\/20950"}],"wp:featuredmedia":[{"embeddable":true,"href":"https:\/\/www.geolocaux.com\/blog\/wp-json\/wp\/v2\/media\/19887"}],"wp:attachment":[{"href":"https:\/\/www.geolocaux.com\/blog\/wp-json\/wp\/v2\/media?parent=18935"}],"wp:term":[{"taxonomy":"category","embeddable":true,"href":"https:\/\/www.geolocaux.com\/blog\/wp-json\/wp\/v2\/categories?post=18935"},{"taxonomy":"post_tag","embeddable":true,"href":"https:\/\/www.geolocaux.com\/blog\/wp-json\/wp\/v2\/tags?post=18935"}],"curies":[{"name":"wp","href":"https:\/\/api.w.org\/{rel}","templated":true}]}}