{"id":18916,"date":"2023-11-17T10:28:11","date_gmt":"2023-11-17T08:28:11","guid":{"rendered":"https:\/\/blog.geolocaux.com\/?p=18916"},"modified":"2025-09-23T14:36:23","modified_gmt":"2025-09-23T12:36:23","slug":"zfe-zones-faibles-emissions","status":"publish","type":"post","link":"https:\/\/www.geolocaux.com\/blog\/conseils\/zfe-zones-faibles-emissions\/","title":{"rendered":"Zones \u00e0 Faibles \u00c9missions (ZFE) : r\u00e9duire la pollution et repenser les d\u00e9placements domicile-travail"},"content":{"rendered":"<p>Les <strong>Zones \u00e0 Faibles \u00c9missions (ZFE)<\/strong> \u00e9mergent comme des initiatives urbaines cruciales pour lutter contre la pollution atmosph\u00e9rique et les \u00e9missions de gaz \u00e0 effet de serre dans nos villes. Ces zones d\u00e9limit\u00e9es imposent des restrictions \u00e0 la circulation des v\u00e9hicules les plus polluants, incitant ainsi \u00e0 repenser la mobilit\u00e9 en milieu urbain. Toutefois, leur impact ne se limite pas \u00e0 l&rsquo;am\u00e9lioration de la qualit\u00e9 de l&rsquo;air, elles ont \u00e9galement un r\u00f4le essentiel \u00e0 jouer dans la r\u00e9duction des trajets domicile-travail, un domaine o\u00f9 des changements significatifs sont n\u00e9cessaires pour att\u00e9nuer les effets n\u00e9fastes sur l&rsquo;environnement et la qualit\u00e9 de vie.<\/p>\n<h2><span style=\"color: #abd132;\"><b>Qu&rsquo;est-ce qu&rsquo;une Zone \u00e0 Faibles \u00c9missions (ZFE) ?<\/b><\/span><\/h2>\n<p><span style=\"font-weight: 400;\">Une ZFE \u00e0 pour but de limiter la circulation des v\u00e9hicules les plus polluants dans un p\u00e9rim\u00e8tre d\u00e9fini, des horaires peuvent aussi \u00eatre pris en compte. Chaque ville ou collectivit\u00e9 est libre d\u2019attribuer ses propres crit\u00e8res. Le but commun est de r\u00e9duire les \u00e9missions rejet\u00e9es pour un avenir meilleur.\u00a0<\/span><\/p>\n<p><span style=\"font-weight: 400;\">Les zones \u00e0 faibles \u00e9missions (ZFE) permettent de lutter contre la pollution routi\u00e8re et ainsi agir sur l&rsquo;environnement, mais il y a aussi une donn\u00e9e sanitaire. Chaque ann\u00e9e de nombreux d\u00e9c\u00e8s sont li\u00e9s \u00e0 une exposition aux particules fines et au dioxyde d\u2019azote (NO\u00b2).\u00a0<\/span><\/p>\n<h2><span style=\"color: #abd132;\"><b>Quels sont les v\u00e9hicules concern\u00e9s par les ZFE en France ?<\/b><\/span><\/h2>\n<p><span style=\"font-weight: 400;\">Tous les v\u00e9hicules \u00e0 moteur sont concern\u00e9s par cette mise en place, il faudra vous procurer un certificat de qualit\u00e9 de l\u2019air Crit\u2019Air. Ce certificat classe chaque voiture et poids lourd en fonction de sa classe environnementale (Crit\u2019Air 1 \u00e0 5). Que vous soyez particulier ou professionnel, la <\/span><a href=\"https:\/\/www.certificat-air.gouv.fr\/\"><span style=\"font-weight: 400;\">vignette Crit\u2019Air<\/span><\/a><span style=\"font-weight: 400;\"> est obligatoire dans la majorit\u00e9 des grandes villes et elle fonctionne d\u00e9j\u00e0 dans plusieurs d\u2019entre elles pour interdire les v\u00e9hicules les plus polluants.<\/span><\/p>\n<p><img loading=\"lazy\" decoding=\"async\" class=\"alignnone wp-image-18917 size-full\" src=\"https:\/\/geolocaux.com\/blog\/wp-content\/uploads\/2023\/10\/Capture-decran-2023-10-12-a-17.08.03.png\" alt=\"Zones \u00e0 Faibles \u00c9missions (ZFE)\" width=\"2054\" height=\"1450\" srcset=\"https:\/\/www.geolocaux.com\/blog\/wp-content\/uploads\/2023\/10\/Capture-decran-2023-10-12-a-17.08.03.png 2054w, https:\/\/www.geolocaux.com\/blog\/wp-content\/uploads\/2023\/10\/Capture-decran-2023-10-12-a-17.08.03-300x212.png 300w, https:\/\/www.geolocaux.com\/blog\/wp-content\/uploads\/2023\/10\/Capture-decran-2023-10-12-a-17.08.03-1024x723.png 1024w, https:\/\/www.geolocaux.com\/blog\/wp-content\/uploads\/2023\/10\/Capture-decran-2023-10-12-a-17.08.03-1536x1084.png 1536w, https:\/\/www.geolocaux.com\/blog\/wp-content\/uploads\/2023\/10\/Capture-decran-2023-10-12-a-17.08.03-2048x1446.png 2048w, https:\/\/www.geolocaux.com\/blog\/wp-content\/uploads\/2023\/10\/Capture-decran-2023-10-12-a-17.08.03-737x520.png 737w\" sizes=\"auto, (max-width: 2054px) 100vw, 2054px\" \/><\/p>\n<h2><span style=\"color: #abd132;\"><b>Comment faire si mes salari\u00e9s viennent au travail en voiture ?\u00a0<\/b><\/span><\/h2>\n<p><i><span style=\"font-weight: 400;\">\u201cEn 10 ans, la distance moyenne des trajets domicile-travail a augment\u00e9 de plus de deux kilom\u00e8tres. Elle est pass\u00e9e de 11,2 km \u00e0 13,3 km. Cependant, <\/span><\/i><b><i>une majorit\u00e9 d\u2019actifs a un trajet inf\u00e9rieur \u00e0 10 kilom\u00e8tres avec 54,2 %<\/i><\/b><i><span style=\"font-weight: 400;\">. Ce chiffre baisse \u00e0 35,8 % pour la part des trajets inf\u00e9rieurs \u00e0 5 kilom\u00e8tres.\u201d <\/span><\/i><span style=\"font-weight: 400;\">selon l\u2019INSEE<\/span><\/p>\n<p><span style=\"font-weight: 400;\">Il est donc urgent de changer nos habitudes de transports, pour l\u2019environnement mais aussi pour une meilleure qualit\u00e9 de vie. Mais quelles alternatives existe-t-il ? Avant d\u2019envisager les solutions pour remplacer l\u2019usage de la voiture, il est essentiel de r\u00e9aliser un bilan des \u00e9missions de CO2 lors du trajet domicile-travail par salari\u00e9. Une solution existe pour cela : <strong>Mes Employ\u00e9s.<\/strong> Gr\u00e2ce \u00e0 cet outil, calculez les \u00e9missions de CO2 rejet\u00e9es de chacun de vos salari\u00e9s qu\u2019il soit en voiture, en deux roues ou qu\u2019il emprunte les <a href=\"https:\/\/www.geolocaux.com\/blog\/actualites\/metropole-du-grand-paris\/\">transports en commun<\/a>. Apr\u00e8s avoir r\u00e9alis\u00e9 ce bilan en moins de 48h, il est possible de se demander comment changer mes m\u00e9thodes de transports gr\u00e2ce \u00e0 Mes Employ\u00e9s :<\/span><\/p>\n<ul>\n<li style=\"font-weight: 400;\" aria-level=\"1\"><span style=\"font-weight: 400;\">Mise en place de la mobilit\u00e9 douces : marche \u00e0 pied, flotte de v\u00e9lo \u00e9lectrique\u00a0\u00a0<\/span><\/li>\n<li style=\"font-weight: 400;\" aria-level=\"1\"><span style=\"font-weight: 400;\">Mise en place du covoiturage pour \u00e9viter l\u2019autosolisme\u00a0<\/span><\/li>\n<li style=\"font-weight: 400;\" aria-level=\"1\"><span style=\"font-weight: 400;\">Trouver des solutions multimodale pour les salari\u00e9s les plus \u00e9loign\u00e9s <\/span><span style=\"font-weight: 400;\">(voiture + train ou v\u00e9lo + train)<\/span><\/li>\n<li style=\"font-weight: 400;\" aria-level=\"1\"><span style=\"font-weight: 400;\">Mise en place du coworking, du t\u00e9l\u00e9travail ou un changement de site si vous poss\u00e9dez\u00a0 plusieurs entit\u00e9s<\/span><\/li>\n<\/ul>\n<p><span style=\"font-weight: 400;\">N\u2019h\u00e9sitez pas \u00e0 nous contacter pour comprendre au mieux les enjeux d\u2019une ZFE, et comment aider votre entreprise \u00e0 passer le cap pour <a href=\"https:\/\/www.geolocaux.com\/services\/professionnel\/mes-employes.html\">r\u00e9duire les trajets en voiture quotidiennement<\/a>.<\/span><\/p>\n","protected":false},"excerpt":{"rendered":"<p>Les Zones \u00e0 Faibles \u00c9missions (ZFE) \u00e9mergent comme des initiatives urbaines cruciales pour lutter contre la pollution atmosph\u00e9rique et les \u00e9missions de gaz \u00e0 effet de serre dans nos villes. Ces zones d\u00e9limit\u00e9es imposent des restrictions \u00e0 la circulation des&#8230;<\/p>\n","protected":false},"author":5,"featured_media":18918,"comment_status":"closed","ping_status":"open","sticky":false,"template":"","format":"standard","meta":{"_acf_changed":false,"footnotes":""},"categories":[40],"tags":[954,1647],"class_list":["post-18916","post","type-post","status-publish","format-standard","has-post-thumbnail","hentry","category-conseils","tag-temps-de-trajet-domicile-travail","tag-zfe"],"acf":[],"thumbnail":"https:\/\/www.geolocaux.com\/blog\/wp-content\/uploads\/2023\/10\/close-up-electric-car-charging-1-737x491.webp","partenaire":"","category":"Conseils","_links":{"self":[{"href":"https:\/\/www.geolocaux.com\/blog\/wp-json\/wp\/v2\/posts\/18916","targetHints":{"allow":["GET"]}}],"collection":[{"href":"https:\/\/www.geolocaux.com\/blog\/wp-json\/wp\/v2\/posts"}],"about":[{"href":"https:\/\/www.geolocaux.com\/blog\/wp-json\/wp\/v2\/types\/post"}],"author":[{"embeddable":true,"href":"https:\/\/www.geolocaux.com\/blog\/wp-json\/wp\/v2\/users\/5"}],"replies":[{"embeddable":true,"href":"https:\/\/www.geolocaux.com\/blog\/wp-json\/wp\/v2\/comments?post=18916"}],"version-history":[{"count":4,"href":"https:\/\/www.geolocaux.com\/blog\/wp-json\/wp\/v2\/posts\/18916\/revisions"}],"predecessor-version":[{"id":20202,"href":"https:\/\/www.geolocaux.com\/blog\/wp-json\/wp\/v2\/posts\/18916\/revisions\/20202"}],"wp:featuredmedia":[{"embeddable":true,"href":"https:\/\/www.geolocaux.com\/blog\/wp-json\/wp\/v2\/media\/18918"}],"wp:attachment":[{"href":"https:\/\/www.geolocaux.com\/blog\/wp-json\/wp\/v2\/media?parent=18916"}],"wp:term":[{"taxonomy":"category","embeddable":true,"href":"https:\/\/www.geolocaux.com\/blog\/wp-json\/wp\/v2\/categories?post=18916"},{"taxonomy":"post_tag","embeddable":true,"href":"https:\/\/www.geolocaux.com\/blog\/wp-json\/wp\/v2\/tags?post=18916"}],"curies":[{"name":"wp","href":"https:\/\/api.w.org\/{rel}","templated":true}]}}