{"id":18798,"date":"2023-09-22T10:01:47","date_gmt":"2023-09-22T08:01:47","guid":{"rendered":"https:\/\/blog.geolocaux.com\/?p=18798"},"modified":"2025-05-21T16:41:47","modified_gmt":"2025-05-21T14:41:47","slug":"florian-munch-mcie","status":"publish","type":"post","link":"https:\/\/www.geolocaux.com\/blog\/interviews\/florian-munch-mcie\/","title":{"rendered":"Florian Munch, directeur associ\u00e9 de MCIE"},"content":{"rendered":"<p><span style=\"color: #000000;\">Florian Munch est le directeur associ\u00e9 de <a href=\"https:\/\/www.geolocaux.com\/agences-immobilier-entreprise\/mcie-616.html\">MCIE<\/a>. Dans le cadre de notre partenariat pour la diffusion de ses annonces sur Geolocaux, nous avons eu l\u2019occasion de l\u2019interviewer :<\/span><\/p>\n<p><picture><source srcset=\"https:\/\/www.geolocaux.com\/blog\/wp-content\/uploads\/2023\/09\/PA-FMU-sans-veste-WEB-1-1024x683.jpg 1024w, https:\/\/www.geolocaux.com\/blog\/wp-content\/uploads\/2023\/09\/PA-FMU-sans-veste-WEB-1-300x200.jpg 300w, https:\/\/www.geolocaux.com\/blog\/wp-content\/uploads\/2023\/09\/PA-FMU-sans-veste-WEB-1-1536x1025.jpg 1536w, https:\/\/www.geolocaux.com\/blog\/wp-content\/uploads\/2023\/09\/PA-FMU-sans-veste-WEB-1-2048x1366.jpg 2048w,https:\/\/www.geolocaux.com\/blog\/wp-content\/uploads\/2023\/09\/PA-FMU-sans-veste-WEB-1-737x492.webp 737w\" sizes=\"auto, (max-width: 1024px) 100vw, 1024px\" type=\"image\/webp\"><img src=\"https:\/\/www.geolocaux.com\/blog\/wp-content\/uploads\/2023\/09\/PA-FMU-sans-veste-WEB-1-1024x683.jpg\" height=\"683\" width=\"1024\" srcset=\"https:\/\/www.geolocaux.com\/blog\/wp-content\/uploads\/2023\/09\/PA-FMU-sans-veste-WEB-1-1024x683.jpg 1024w, https:\/\/www.geolocaux.com\/blog\/wp-content\/uploads\/2023\/09\/PA-FMU-sans-veste-WEB-1-300x200.jpg 300w, https:\/\/www.geolocaux.com\/blog\/wp-content\/uploads\/2023\/09\/PA-FMU-sans-veste-WEB-1-1536x1025.jpg 1536w, https:\/\/www.geolocaux.com\/blog\/wp-content\/uploads\/2023\/09\/PA-FMU-sans-veste-WEB-1-2048x1366.jpg 2048w, https:\/\/www.geolocaux.com\/blog\/wp-content\/uploads\/2023\/09\/PA-FMU-sans-veste-WEB-1-737x492.jpg 737w\" sizes=\"auto, (max-width: 1024px) 100vw, 1024px\" class=\"aligncenter wp-image-18811 size-large sp-no-webp\" alt=\"\" loading=\"lazy\" decoding=\"async\"  > <\/picture><\/p>\n<p><span style=\"color: #99cc00;\"><strong>Geolocaux : Pouvez-vous nous pr\u00e9senter MCIE ? <\/strong><\/span><\/p>\n<p><strong>Florian Munch :<\/strong> L\u2019activit\u00e9 principale de la soci\u00e9t\u00e9 MCIE est d\u2019accompagner les propri\u00e9taires, promoteurs, utilisateurs ou investisseurs dans leurs projets immobiliers en vue de la commercialisation ou de la recherche d\u2019actifs immobiliers : <a href=\"https:\/\/mcie.fr\/blog\/immeuble-de-bureaux\/\">bureaux<\/a>,\u00a0<a href=\"https:\/\/mcie.fr\/blog\/coworking\/\">espaces de coworking<\/a>,\u00a0<a href=\"https:\/\/mcie.fr\/blog\/entrepot\/\">entrep\u00f4ts<\/a>\u00a0\/<a href=\"https:\/\/mcie.fr\/blog\/local-activites\/\">locaux d\u2019activit\u00e9s<\/a>\u00a0ou commerces.<\/p>\n<p>MCIE est une agence immobili\u00e8re locale et ind\u00e9pendante, cr\u00e9e en d\u00e9but d\u2019ann\u00e9e 2023 par 2 associ\u00e9s Florian MUNCH et Pierre-Antoine CHAPLIN b\u00e9n\u00e9ficiant ensemble d\u2019une belle exp\u00e9rience de 24 ann\u00e9es cumul\u00e9es dans le domaine de la transaction en immobilier d\u2019entreprise, sur le secteur du Bas-Rhin. Nous arrivions \u00e0 un moment dans notre carri\u00e8re professionnelle o\u00f9 l\u2019envie d\u2019entreprendre nous a gagn\u00e9. Nous avons alors d\u00e9cid\u00e9 de prendre notre destin en main et de proposer une nouvelle alternative de services sur le march\u00e9 immobilier Bas-Rhinois avec une structure agile et r\u00e9active.<\/p>\n<p><span style=\"color: #99cc00;\"><strong>Geolocaux : Sur quels secteurs g\u00e9ographique intervenez-vous ? Comment se porte votre march\u00e9 ?<\/strong><\/span><\/p>\n<p><strong>Florian Munch :<\/strong> Nous intervenons sur tout le secteur du Bas-Rhin, sur une large gamme de typologie d\u2019actifs immobiliers : bureaux, locaux d\u2019activit\u00e9, entrep\u00f4ts, commerces. L\u2019ann\u00e9e 2023 est une ann\u00e9e de transition, marqu\u00e9e par un contexte inflationniste et par une \u00e9volution rapide des taux de cr\u00e9dits. Dans un climat \u00e9conomique incertain, le lancement de nombreuses op\u00e9rations immobili\u00e8res ont \u00e9t\u00e9 d\u00e9cal\u00e9es ou doivent faire l\u2019objet d\u2019une pr\u00e9-commercialisation toujours plus importante. Il n\u2019en demeure pas moins que la demande du march\u00e9 reste soutenue et que nous avons besoin de production immobili\u00e8re pour r\u00e9pondre \u00e0 la demande de nos utilisateurs quelle que soit la classe d\u2019actifs consid\u00e9r\u00e9e. Nous sommes aujourd\u2019hui convaincus que la dimension de conseil est primordiale pour accompagner et rassurer nos clients dans les choix qui seront op\u00e9r\u00e9s.<\/p>\n<p><span style=\"color: #99cc00;\"><strong>Geolocaux : Justement quels sont vos derni\u00e8res transactions \/ mandats marquants ?\u00a0<\/strong><\/span><\/p>\n<p><strong>Florian Munch :<\/strong> Nous essayons de nous d\u00e9marquer des grands acteurs du march\u00e9 qui proposent tous la m\u00eame offre de services en \u00e9tant plus agiles et plus constructifs en sortant du cadre pr\u00e9d\u00e9fini dans nos activit\u00e9s traditionnelles. Nous aimons travailler sur une \u00e9conomie de r\u00e9seaux afin de proposer \u00e0 nos clients des produits qui n\u2019existent pas, \u00e0 priori, sur le march\u00e9. Nous avons vendu derni\u00e8rement un b\u00e2timent \u00e0 usage bureaux de 2600 m\u00b2 qui va \u00eatre transform\u00e9 en foyer de jeunes travailleurs, nous travaillons sur des projets de r\u00e9sidences services, \u00e9coles. En locaux d\u2019activit\u00e9, nous venons de louer une b\u00e2timent neuf ind\u00e9pendant de 1700 m\u00b2 en plein c\u0153ur de la zone du Mittelfeld sur\u00a0 Schiltigheim. Forts des connexions que nous entretenons depuis des ann\u00e9es avec des grands bailleurs nationaux, nous cultivons notre diff\u00e9rence et nous arrivons aujourd\u2019hui \u00e0 nous immiscer dans des mandats jusqu\u2019alors d\u00e9tenus par les grands cabinets internationaux.<\/p>\n<p><span style=\"color: #99cc00;\"><strong>Geolocaux : Comment MCIE se diff\u00e9rencie de ses confr\u00e8res ?<\/strong><\/span><\/p>\n<p><strong>Florian Munch :<\/strong> MCIE est une structure phygitale. Nous sommes convaincus que le rapport humain est la base de notre future relation commerciale. Nous prenons le temps de comprendre les besoins de nos clients et de leur trouver les meilleures solutions. Nous ne sommes plus dans une logique de noyer nos clients sous des offres qui ne correspondent pas \u00e0 leurs attentes, il en est de m\u00eame pour les visites de sites. Pour ce faire, nous avons d\u00e9cid\u00e9 de miser sur des supports toujours plus immersifs en vid\u00e9o, afin que nos clients avant toutes visites aient un premier aper\u00e7u des biens que nous visiterons.<\/p>\n<p>MCIE investit aussi largement sur les plateforme de diffusion d\u2019annonces comme Geolocaux afin de mettre en avant les offres qui nous sont confi\u00e9es. Cr\u00e9ativit\u00e9, agilit\u00e9 et r\u00e9activit\u00e9 sont l\u2019adn de notre structure, c\u2019est avec plaisir et d\u00e9termination que nous vous accompagnerons dans toutes vos r\u00e9flexions immobili\u00e8res.<\/p>\n<p>N\u2019h\u00e9sitez surtout pas \u00e0 nous challenger\u00a0!<\/p>\n<p><span style=\"color: #99cc00;\"><strong>Geolocaux : Quels sont vos projets pour MCIE ?<\/strong><\/span><\/p>\n<p><strong>Florian Munch :<\/strong> L\u2019ann\u00e9e 2023 est consacr\u00e9e avant tout au lancement de notre organisation. Nous allons structurer au fur et \u00e0 mesure nos \u00e9quipes afin de prendre une place significative sur le March\u00e9 Bas-Rhinois, tout en conservant nos valeurs fondatrices. Nos ambitions sont grandes, nous souhaitons d\u00e9j\u00e0 penser au-del\u00e0 de nos fronti\u00e8res que nous nous sommes fix\u00e9es. Vous serez les acteurs de notre d\u00e9veloppement !<\/p>\n","protected":false},"excerpt":{"rendered":"<p>Florian Munch est le directeur associ\u00e9 de MCIE. Dans le cadre de notre partenariat pour la diffusion de ses annonces sur Geolocaux, nous avons eu l\u2019occasion de l\u2019interviewer : Geolocaux : Pouvez-vous nous pr\u00e9senter MCIE ? Florian Munch : L\u2019activit\u00e9&#8230;<\/p>\n","protected":false},"author":134,"featured_media":18811,"comment_status":"closed","ping_status":"open","sticky":false,"template":"","format":"standard","meta":{"_acf_changed":false,"footnotes":""},"categories":[39],"tags":[],"class_list":["post-18798","post","type-post","status-publish","format-standard","has-post-thumbnail","hentry","category-interviews","partenaires-mcie"],"acf":[],"thumbnail":"https:\/\/www.geolocaux.com\/blog\/wp-content\/uploads\/2023\/09\/PA-FMU-sans-veste-WEB-1-737x492.webp","partenaire":"616","category":"Interviews","_links":{"self":[{"href":"https:\/\/www.geolocaux.com\/blog\/wp-json\/wp\/v2\/posts\/18798","targetHints":{"allow":["GET"]}}],"collection":[{"href":"https:\/\/www.geolocaux.com\/blog\/wp-json\/wp\/v2\/posts"}],"about":[{"href":"https:\/\/www.geolocaux.com\/blog\/wp-json\/wp\/v2\/types\/post"}],"author":[{"embeddable":true,"href":"https:\/\/www.geolocaux.com\/blog\/wp-json\/wp\/v2\/users\/134"}],"replies":[{"embeddable":true,"href":"https:\/\/www.geolocaux.com\/blog\/wp-json\/wp\/v2\/comments?post=18798"}],"version-history":[{"count":12,"href":"https:\/\/www.geolocaux.com\/blog\/wp-json\/wp\/v2\/posts\/18798\/revisions"}],"predecessor-version":[{"id":20538,"href":"https:\/\/www.geolocaux.com\/blog\/wp-json\/wp\/v2\/posts\/18798\/revisions\/20538"}],"wp:featuredmedia":[{"embeddable":true,"href":"https:\/\/www.geolocaux.com\/blog\/wp-json\/wp\/v2\/media\/18811"}],"wp:attachment":[{"href":"https:\/\/www.geolocaux.com\/blog\/wp-json\/wp\/v2\/media?parent=18798"}],"wp:term":[{"taxonomy":"category","embeddable":true,"href":"https:\/\/www.geolocaux.com\/blog\/wp-json\/wp\/v2\/categories?post=18798"},{"taxonomy":"post_tag","embeddable":true,"href":"https:\/\/www.geolocaux.com\/blog\/wp-json\/wp\/v2\/tags?post=18798"}],"curies":[{"name":"wp","href":"https:\/\/api.w.org\/{rel}","templated":true}]}}