{"id":18763,"date":"2023-07-18T15:40:08","date_gmt":"2023-07-18T13:40:08","guid":{"rendered":"https:\/\/blog.geolocaux.com\/?p=18763"},"modified":"2025-09-22T15:41:52","modified_gmt":"2025-09-22T13:41:52","slug":"advenis-conseil-et-transaction-strasbourg-transaction","status":"publish","type":"post","link":"https:\/\/www.geolocaux.com\/blog\/actualites\/advenis-conseil-et-transaction-strasbourg-transaction\/","title":{"rendered":"Advenis Conseil et Transaction \u00e0 Strasbourg r\u00e9alise une nouvelle transaction gr\u00e2ce \u00e0 Geolocaux"},"content":{"rendered":"<p>Nous travaillons avec <strong>Advenis Conseil et Transaction<\/strong> \u00e0 Strasbourg depuis de longues ann\u00e9es \u00e0 pr\u00e9sent, le cabinet est sp\u00e9cialis\u00e9 en immobilier d&rsquo;entreprise pour la r\u00e9gion Alsace-Champagne-Ardenne-Lorraine (Grand Est) au nord-est de la France et plus pr\u00e9cis\u00e9ment sur la ville de Strasbourg et ses alentours. L&rsquo;agence est situ\u00e9e au c\u0153ur du principal p\u00f4le tertiaire de l\u2019agglom\u00e9ration strasbourgeoise, c\u2019est-\u00e0-dire l\u2019Espace Europ\u00e9en de l\u2019Entreprise \u00e0 Schiltigheim et b\u00e9n\u00e9ficie d&rsquo;une seconde entit\u00e9 sur Colmar qui traite le centre Alsace jusqu\u2019\u00e0 Mulhouse. Vous pouvez retrouver l&rsquo;int\u00e9gralit\u00e9 de leurs annonces depuis leur <a href=\"https:\/\/www.geolocaux.com\/agences-immobilier-entreprise\/advenis-conseil-et-transaction-strasbourg-411.html\" target=\"_blank\" rel=\"noopener\">page partenaire<\/a>.<\/p>\n<h2 style=\"text-align: center;\"><strong><span style=\"color: #abd132;\">Advenis Conseil et Transaction Strasbourg : un entrep\u00f4t de 574\u00a0<span style=\"caret-color: #abd132;\">m\u00b2<\/span>\u00a0\u00e0 Weyerhseim<\/span><\/strong><\/h2>\n<p>La soci\u00e9t\u00e9 Block Imaging est une soci\u00e9t\u00e9 am\u00e9ricaine sp\u00e9cialis\u00e9e dans l&rsquo;\u00e9valuation et la reprise d&rsquo;\u00e9quipement d&rsquo;imagerie m\u00e9dicale, anciennement implant\u00e9 \u00e0 Herrlisheim, elle d\u00e9m\u00e9nage \u00e0 pr\u00e9sent \u00e0\u00a0 Weyersheim. Advenis Conseil et Transaction fut conseil bailleur et preneur dans cette transaction. Ses nouveau locaux sont compos\u00e9s de 282 m\u00b2 de hall de stokage, de 164 m\u00b2 de mezzanine et de 128 m\u00b2 de bureaux. L\u2019ensemble est implant\u00e9 sur un site clos d\u2019environ 17 ares. La transaction s&rsquo;est faite gr\u00e2ce \u00e0 une demande de contact Geolocaux re\u00e7ue pour Advenis Conseil et Transaction \u00e0 Strasbourg.<\/p>\n<p><picture><source srcset=\"https:\/\/www.geolocaux.com\/blog\/wp-content\/uploads\/2023\/07\/image005.webp 2016w, https:\/\/www.geolocaux.com\/blog\/wp-content\/uploads\/2023\/07\/image005-300x225.jpg 300w, https:\/\/www.geolocaux.com\/blog\/wp-content\/uploads\/2023\/07\/image005-1024x768.jpg 1024w, https:\/\/www.geolocaux.com\/blog\/wp-content\/uploads\/2023\/07\/image005-1536x1152.jpg 1536w,https:\/\/www.geolocaux.com\/blog\/wp-content\/uploads\/2023\/07\/image005-737x553.webp 737w\" sizes=\"auto, (max-width: 2016px) 100vw, 2016px\" type=\"image\/webp\"><img src=\"https:\/\/www.geolocaux.com\/blog\/wp-content\/uploads\/2023\/07\/image005.jpg\" height=\"1512\" width=\"2016\" srcset=\"https:\/\/www.geolocaux.com\/blog\/wp-content\/uploads\/2023\/07\/image005.jpg 2016w, https:\/\/www.geolocaux.com\/blog\/wp-content\/uploads\/2023\/07\/image005-300x225.jpg 300w, https:\/\/www.geolocaux.com\/blog\/wp-content\/uploads\/2023\/07\/image005-1024x768.jpg 1024w, https:\/\/www.geolocaux.com\/blog\/wp-content\/uploads\/2023\/07\/image005-1536x1152.jpg 1536w, https:\/\/www.geolocaux.com\/blog\/wp-content\/uploads\/2023\/07\/image005-737x553.jpg 737w\" sizes=\"auto, (max-width: 2016px) 100vw, 2016px\" class=\"aligncenter wp-image-18768 size-full sp-no-webp\" alt=\"Advenis Conseil et Transaction Strasbourg\" loading=\"lazy\" decoding=\"async\"  > <\/picture><\/p>\n","protected":false},"excerpt":{"rendered":"<p>Nous travaillons avec Advenis Conseil et Transaction \u00e0 Strasbourg depuis de longues ann\u00e9es \u00e0 pr\u00e9sent, le cabinet est sp\u00e9cialis\u00e9 en immobilier d&rsquo;entreprise pour la r\u00e9gion Alsace-Champagne-Ardenne-Lorraine (Grand Est) au nord-est de la France et plus pr\u00e9cis\u00e9ment sur la ville de&#8230;<\/p>\n","protected":false},"author":134,"featured_media":18768,"comment_status":"closed","ping_status":"open","sticky":false,"template":"","format":"standard","meta":{"_acf_changed":false,"footnotes":""},"categories":[147],"tags":[],"class_list":["post-18763","post","type-post","status-publish","format-standard","has-post-thumbnail","hentry","category-actualites","partenaires-advenis-conseil-et-transaction-strasbourg"],"acf":[],"thumbnail":"https:\/\/www.geolocaux.com\/blog\/wp-content\/uploads\/2023\/07\/image005-737x553.webp","partenaire":"","category":"Actualit\u00e9s","_links":{"self":[{"href":"https:\/\/www.geolocaux.com\/blog\/wp-json\/wp\/v2\/posts\/18763","targetHints":{"allow":["GET"]}}],"collection":[{"href":"https:\/\/www.geolocaux.com\/blog\/wp-json\/wp\/v2\/posts"}],"about":[{"href":"https:\/\/www.geolocaux.com\/blog\/wp-json\/wp\/v2\/types\/post"}],"author":[{"embeddable":true,"href":"https:\/\/www.geolocaux.com\/blog\/wp-json\/wp\/v2\/users\/134"}],"replies":[{"embeddable":true,"href":"https:\/\/www.geolocaux.com\/blog\/wp-json\/wp\/v2\/comments?post=18763"}],"version-history":[{"count":8,"href":"https:\/\/www.geolocaux.com\/blog\/wp-json\/wp\/v2\/posts\/18763\/revisions"}],"predecessor-version":[{"id":20751,"href":"https:\/\/www.geolocaux.com\/blog\/wp-json\/wp\/v2\/posts\/18763\/revisions\/20751"}],"wp:featuredmedia":[{"embeddable":true,"href":"https:\/\/www.geolocaux.com\/blog\/wp-json\/wp\/v2\/media\/18768"}],"wp:attachment":[{"href":"https:\/\/www.geolocaux.com\/blog\/wp-json\/wp\/v2\/media?parent=18763"}],"wp:term":[{"taxonomy":"category","embeddable":true,"href":"https:\/\/www.geolocaux.com\/blog\/wp-json\/wp\/v2\/categories?post=18763"},{"taxonomy":"post_tag","embeddable":true,"href":"https:\/\/www.geolocaux.com\/blog\/wp-json\/wp\/v2\/tags?post=18763"}],"curies":[{"name":"wp","href":"https:\/\/api.w.org\/{rel}","templated":true}]}}