{"id":18234,"date":"2022-11-24T12:17:07","date_gmt":"2022-11-24T10:17:07","guid":{"rendered":"https:\/\/blog.geolocaux.com\/?p=18234"},"modified":"2025-09-23T15:32:37","modified_gmt":"2025-09-23T13:32:37","slug":"karine-rodde-lavrador-cidera2","status":"publish","type":"post","link":"https:\/\/www.geolocaux.com\/blog\/interviews\/karine-rodde-lavrador-cidera2\/","title":{"rendered":"Karine Rodde-Lavrador : g\u00e9rante de CIDERA\u00b2"},"content":{"rendered":"<p>Karine Rodde-Lavrador est g\u00e9rante de l&rsquo;agence <a href=\"https:\/\/www.geolocaux.com\/agences-immobilier-entreprise\/cidera-clermont-536.html\">CIDERA\u00b2<\/a> qu&rsquo;elle a cr\u00e9\u00e9e cette ann\u00e9e. Partenaire de Geolocaux pour la diffusion de ses offres disponibles, nous avons eu l&rsquo;occasion d&rsquo;\u00e9changer pour vous proposer cette interview :<\/p>\n<h2><span style=\"color: #99cc00;\"><strong>Geolocaux : Pr\u00e9sentez nous votre parcours et les raisons qui vous ont fait choisir l&rsquo;immobilier d&rsquo;entreprise<\/strong><\/span><\/h2>\n<p><strong>Karine Rodde-Lavrador :<\/strong> Apr\u00e8s un BAC ES, j\u2019ai pu int\u00e9grer la classe pr\u00e9paratoire HEC du Lyc\u00e9e Blaise Pascal de Clermont-Ferrand. J\u2019ai eu le concours de l\u2019entr\u00e9e de l\u2019ESCEM Tours pour travailler dans la finance \u00e0 la base. Mais au bout d\u2019un an, j\u2019ai d\u00e9cid\u00e9 d\u2019interrompre ces \u00e9tudes trop couteuses pour me lancer sur le monde du travail. J\u2019ai commenc\u00e9 par de la vente en magasin. Toutefois, tr\u00e8s rapidement, j\u2019ai pr\u00e9f\u00e9r\u00e9 aller chercher les clients plut\u00f4t que de les attendre. J\u2019ai test\u00e9 diff\u00e9rents secteurs d\u2019activit\u00e9 et \u00e9volu\u00e9 dans ma carri\u00e8re. A 28 ans j\u2019ai eu la direction de ma 1\u00e8re agence \u00e0 Lyon, dans le diagnostic immobilier au sein d\u2019un cabinet de contr\u00f4le. Mes exp\u00e9riences pr\u00e9c\u00e9dentes m\u2019avaient montr\u00e9 que je pr\u00e9f\u00e9rais travailler avec des professionnels que des particuliers.<\/p>\n<p>A 31 ans, Atrium CBRE Clermont cherchait son responsable et le dirigeant m\u2019a donn\u00e9 ma chance. \u00c7a a \u00e9t\u00e9 une r\u00e9v\u00e9lation. Je n\u2019ai jamais abord\u00e9 ce m\u00e9tier comme de la commercialisation pure, mais comme du conseil. S\u2019impr\u00e9gner de toutes les probl\u00e9matiques des soci\u00e9t\u00e9s, et tenter d\u2019accompagner les dirigeants pour les aider au mieux, c\u2019est \u00e7a mon m\u00e9tier. Avec de l\u2019immobilier d\u2019entreprise, il y a \u00e9videmment les notions de co\u00fbt, de patrimoine etc\u2026 mais aussi d\u2019am\u00e9liorer le confort de travail des salari\u00e9s, de lancer des projets d\u2019entreprise\u2026 Tous ces aspects sont passionnants.<\/p>\n<div id=\"attachment_18300\" style=\"width: 1034px\" class=\"wp-caption aligncenter\"><img loading=\"lazy\" decoding=\"async\" aria-describedby=\"caption-attachment-18300\" class=\"size-large wp-image-18300\" src=\"https:\/\/geolocaux.com\/blog\/wp-content\/uploads\/2022\/10\/CIDERA-1024x768.jpg\" alt=\"Karine Rodde-Lavrador CIDERA\u00b2 Audrey Caetano Remondin\" width=\"1024\" height=\"768\" srcset=\"https:\/\/www.geolocaux.com\/blog\/wp-content\/uploads\/2022\/10\/CIDERA-1024x768.jpg 1024w, https:\/\/www.geolocaux.com\/blog\/wp-content\/uploads\/2022\/10\/CIDERA-300x225.jpg 300w, https:\/\/www.geolocaux.com\/blog\/wp-content\/uploads\/2022\/10\/CIDERA-1536x1152.jpg 1536w, https:\/\/www.geolocaux.com\/blog\/wp-content\/uploads\/2022\/10\/CIDERA-2048x1536.jpg 2048w, https:\/\/www.geolocaux.com\/blog\/wp-content\/uploads\/2022\/10\/CIDERA-737x553.jpg 737w\" sizes=\"auto, (max-width: 1024px) 100vw, 1024px\" \/><p id=\"caption-attachment-18300\" class=\"wp-caption-text\">Karine Rodde-Lavrador et Audrey Caetano-Remondin<\/p><\/div>\n<h2><span style=\"color: #99cc00;\"><strong>Geolocaux : Pouvez-vous nous pr\u00e9senter Cidera\u00b2 ?<\/strong><\/span><\/h2>\n<p><strong>Karine Rodde-Lavrador :<\/strong> J\u2019ai cr\u00e9\u00e9 CIDERA\u00b2 cette ann\u00e9e pour pouvoir exercer librement avec les valeurs qui me sont ch\u00e8res. Je voulais que mes interlocuteurs aient la certitude de la neutralit\u00e9 des orientations que je leurs donnais. L\u2019\u00e9coute, l\u2019analyse et la r\u00e9activit\u00e9 sont au c\u0153ur de ma fa\u00e7on de travailler.<\/p>\n<p>Pour m\u2019accompagner, Audrey Caetano-Remondin m\u2019a rejoint d\u00e9but septembre. Je ne souhaitais pas travailler seule, car la notion d\u2019\u00e9quipe a toujours \u00e9t\u00e9 tr\u00e8s importante \u00e0 mes yeux. Je la d\u00e9marre avec Audrey avec qui j\u2019ai eu le plaisir de travailler dans une autre structure. Je n\u2019ai pas d\u2019ambition particuli\u00e8re sur le d\u00e9veloppement en termes de nombre de collaborateurs. Ce que je souhaite, c\u2019est que nous puissions r\u00e9pondre au mieux \u00e0 nos clients bailleurs, locataires et acheteurs. CIDERA\u00b2 est ind\u00e9pendante, donc je m\u2019adapterai en fonction des clients qui nous feront confiance.<\/p>\n<h2><span style=\"color: #99cc00;\"><strong>Geolocaux : Vous avez r\u00e9cemment cr\u00e9\u00e9 l&rsquo;agence, quels sont vos projets ?<\/strong><\/span><\/h2>\n<p><strong>Karine Rodde-Lavrador :<\/strong> D\u00e9velopper et former. Je ne ferme pas la porte \u00e0 la gestion, mais je veux faire les choses dans l\u2019ordre. D\u2019abord d\u00e9velopper notre portefeuille clients, devrait s\u2019en suivre le d\u00e9veloppement de l\u2019\u00e9quipe, mais \u00e0 un rythme qui permettra de garder la qualit\u00e9 de nos prestations. Pour cela, il faut continuer de se former et de former les collaborateurs. Et ensuite, je verrai. Un d\u00e9veloppement d\u2019activit\u00e9 (gestion, march\u00e9 du particulier\u2026) ou un d\u00e9veloppement g\u00e9ographique (des antennes \u00e0 d\u2019autres endroits) \u2026 Je ne sais pas encore. C\u2019est beaucoup trop t\u00f4t. Et la vie est faite de rencontres et d\u2019opportunit\u00e9s\u2026<\/p>\n\n\t\t<style type=\"text\/css\">\n\t\t\t#gallery-1 {\n\t\t\t\tmargin: auto;\n\t\t\t}\n\t\t\t#gallery-1 .gallery-item {\n\t\t\t\tfloat: left;\n\t\t\t\tmargin-top: 10px;\n\t\t\t\ttext-align: center;\n\t\t\t\twidth: 33%;\n\t\t\t}\n\t\t\t#gallery-1 img {\n\t\t\t\tborder: 2px solid #cfcfcf;\n\t\t\t}\n\t\t\t#gallery-1 .gallery-caption {\n\t\t\t\tmargin-left: 0;\n\t\t\t}\n\t\t\t\/* see gallery_shortcode() in wp-includes\/media.php *\/\n\t\t<\/style>\n\t\t<div id='gallery-1' class='gallery galleryid-18234 gallery-columns-3 gallery-size-large'><dl class='gallery-item'>\n\t\t\t<dt class='gallery-icon landscape'>\n\t\t\t\t<a href='https:\/\/www.geolocaux.com\/blog\/wp-content\/uploads\/2022\/10\/KARINE-RODDE-LAVRADOR-CIDERA\u00b2-3.jpg' title=\"\" data-rl_title=\"\" class=\"rl-gallery-link\" data-rl_caption=\"\" data-rel=\"lightbox-gallery-1\"><picture><source srcset=\"https:\/\/www.geolocaux.com\/blog\/wp-content\/uploads\/2022\/10\/KARINE-RODDE-LAVRADOR-CIDERA\u00b2-3-1024x627.jpg 1024w, https:\/\/www.geolocaux.com\/blog\/wp-content\/uploads\/2022\/10\/KARINE-RODDE-LAVRADOR-CIDERA\u00b2-3-300x184.jpg 300w, https:\/\/www.geolocaux.com\/blog\/wp-content\/uploads\/2022\/10\/KARINE-RODDE-LAVRADOR-CIDERA\u00b2-3-1536x941.jpg 1536w,https:\/\/www.geolocaux.com\/blog\/wp-content\/uploads\/2022\/10\/KARINE-RODDE-LAVRADOR-CIDERA\u00b2-3-737x451.webp 737w,https:\/\/www.geolocaux.com\/blog\/wp-content\/uploads\/2022\/10\/KARINE-RODDE-LAVRADOR-CIDERA\u00b2-3.webp 2043w\" sizes=\"(max-width: 1024px) 100vw, 1024px\" type=\"image\/webp\"><img loading=\"lazy\" decoding=\"async\" src=\"https:\/\/www.geolocaux.com\/blog\/wp-content\/uploads\/2022\/10\/KARINE-RODDE-LAVRADOR-CIDERA\u00b2-3-1024x627.jpg\" height=\"627\" width=\"1024\" srcset=\"https:\/\/www.geolocaux.com\/blog\/wp-content\/uploads\/2022\/10\/KARINE-RODDE-LAVRADOR-CIDERA\u00b2-3-1024x627.jpg 1024w, https:\/\/www.geolocaux.com\/blog\/wp-content\/uploads\/2022\/10\/KARINE-RODDE-LAVRADOR-CIDERA\u00b2-3-300x184.jpg 300w, https:\/\/www.geolocaux.com\/blog\/wp-content\/uploads\/2022\/10\/KARINE-RODDE-LAVRADOR-CIDERA\u00b2-3-1536x941.jpg 1536w, https:\/\/www.geolocaux.com\/blog\/wp-content\/uploads\/2022\/10\/KARINE-RODDE-LAVRADOR-CIDERA\u00b2-3-737x451.jpg 737w, https:\/\/www.geolocaux.com\/blog\/wp-content\/uploads\/2022\/10\/KARINE-RODDE-LAVRADOR-CIDERA\u00b2-3.jpg 2043w\" sizes=\"auto, (max-width: 1024px) 100vw, 1024px\" class=\"sp-no-webp attachment-large size-large sp-no-webp\" alt=\"KARINE RODDE-LAVRADOR CIDERA\u00b2\"  > <\/picture><\/a>\n\t\t\t<\/dt><\/dl><dl class='gallery-item'>\n\t\t\t<dt class='gallery-icon landscape'>\n\t\t\t\t<a href='https:\/\/www.geolocaux.com\/blog\/wp-content\/uploads\/2022\/10\/KARINE-RODDE-LAVRADOR-CIDERA\u00b2-2.jpg' title=\"\" data-rl_title=\"\" class=\"rl-gallery-link\" data-rl_caption=\"\" data-rel=\"lightbox-gallery-1\"><picture><source srcset=\"https:\/\/www.geolocaux.com\/blog\/wp-content\/uploads\/2022\/10\/KARINE-RODDE-LAVRADOR-CIDERA\u00b2-2-1024x598.jpg 1024w, https:\/\/www.geolocaux.com\/blog\/wp-content\/uploads\/2022\/10\/KARINE-RODDE-LAVRADOR-CIDERA\u00b2-2-300x175.jpg 300w, https:\/\/www.geolocaux.com\/blog\/wp-content\/uploads\/2022\/10\/KARINE-RODDE-LAVRADOR-CIDERA\u00b2-2-1536x897.jpg 1536w,https:\/\/www.geolocaux.com\/blog\/wp-content\/uploads\/2022\/10\/KARINE-RODDE-LAVRADOR-CIDERA\u00b2-2-737x430.webp 737w,https:\/\/www.geolocaux.com\/blog\/wp-content\/uploads\/2022\/10\/KARINE-RODDE-LAVRADOR-CIDERA\u00b2-2.webp 2046w\" sizes=\"(max-width: 1024px) 100vw, 1024px\" type=\"image\/webp\"><img loading=\"lazy\" decoding=\"async\" src=\"https:\/\/www.geolocaux.com\/blog\/wp-content\/uploads\/2022\/10\/KARINE-RODDE-LAVRADOR-CIDERA\u00b2-2-1024x598.jpg\" height=\"598\" width=\"1024\" srcset=\"https:\/\/www.geolocaux.com\/blog\/wp-content\/uploads\/2022\/10\/KARINE-RODDE-LAVRADOR-CIDERA\u00b2-2-1024x598.jpg 1024w, https:\/\/www.geolocaux.com\/blog\/wp-content\/uploads\/2022\/10\/KARINE-RODDE-LAVRADOR-CIDERA\u00b2-2-300x175.jpg 300w, https:\/\/www.geolocaux.com\/blog\/wp-content\/uploads\/2022\/10\/KARINE-RODDE-LAVRADOR-CIDERA\u00b2-2-1536x897.jpg 1536w, https:\/\/www.geolocaux.com\/blog\/wp-content\/uploads\/2022\/10\/KARINE-RODDE-LAVRADOR-CIDERA\u00b2-2-737x430.jpg 737w, https:\/\/www.geolocaux.com\/blog\/wp-content\/uploads\/2022\/10\/KARINE-RODDE-LAVRADOR-CIDERA\u00b2-2.jpg 2046w\" sizes=\"auto, (max-width: 1024px) 100vw, 1024px\" class=\"sp-no-webp attachment-large size-large sp-no-webp\" alt=\"KARINE RODDE-LAVRADOR CIDERA\u00b2\"  > <\/picture><\/a>\n\t\t\t<\/dt><\/dl><dl class='gallery-item'>\n\t\t\t<dt class='gallery-icon landscape'>\n\t\t\t\t<a href='https:\/\/www.geolocaux.com\/blog\/wp-content\/uploads\/2022\/10\/KARINE-RODDE-LAVRADOR-CIDERA\u00b2.jpg' title=\"\" data-rl_title=\"\" class=\"rl-gallery-link\" data-rl_caption=\"\" data-rel=\"lightbox-gallery-1\"><picture><source srcset=\"https:\/\/www.geolocaux.com\/blog\/wp-content\/uploads\/2022\/10\/KARINE-RODDE-LAVRADOR-CIDERA\u00b2-1024x564.jpg 1024w, https:\/\/www.geolocaux.com\/blog\/wp-content\/uploads\/2022\/10\/KARINE-RODDE-LAVRADOR-CIDERA\u00b2-300x165.jpg 300w, https:\/\/www.geolocaux.com\/blog\/wp-content\/uploads\/2022\/10\/KARINE-RODDE-LAVRADOR-CIDERA\u00b2-1536x846.jpg 1536w,https:\/\/www.geolocaux.com\/blog\/wp-content\/uploads\/2022\/10\/KARINE-RODDE-LAVRADOR-CIDERA\u00b2-737x406.webp 737w,https:\/\/www.geolocaux.com\/blog\/wp-content\/uploads\/2022\/10\/KARINE-RODDE-LAVRADOR-CIDERA\u00b2.webp 2043w\" sizes=\"(max-width: 1024px) 100vw, 1024px\" type=\"image\/webp\"><img loading=\"lazy\" decoding=\"async\" src=\"https:\/\/www.geolocaux.com\/blog\/wp-content\/uploads\/2022\/10\/KARINE-RODDE-LAVRADOR-CIDERA\u00b2-1024x564.jpg\" height=\"564\" width=\"1024\" srcset=\"https:\/\/www.geolocaux.com\/blog\/wp-content\/uploads\/2022\/10\/KARINE-RODDE-LAVRADOR-CIDERA\u00b2-1024x564.jpg 1024w, https:\/\/www.geolocaux.com\/blog\/wp-content\/uploads\/2022\/10\/KARINE-RODDE-LAVRADOR-CIDERA\u00b2-300x165.jpg 300w, https:\/\/www.geolocaux.com\/blog\/wp-content\/uploads\/2022\/10\/KARINE-RODDE-LAVRADOR-CIDERA\u00b2-1536x846.jpg 1536w, https:\/\/www.geolocaux.com\/blog\/wp-content\/uploads\/2022\/10\/KARINE-RODDE-LAVRADOR-CIDERA\u00b2-737x406.jpg 737w, https:\/\/www.geolocaux.com\/blog\/wp-content\/uploads\/2022\/10\/KARINE-RODDE-LAVRADOR-CIDERA\u00b2.jpg 2043w\" sizes=\"auto, (max-width: 1024px) 100vw, 1024px\" class=\"sp-no-webp attachment-large size-large sp-no-webp\" alt=\"KARINE RODDE-LAVRADOR CIDERA\u00b2\"  > <\/picture><\/a>\n\t\t\t<\/dt><\/dl><br style=\"clear: both\" \/>\n\t\t<\/div>\n\n<h2><span style=\"color: #99cc00;\"><strong>Geolocaux : Quel est votre regard sur le march\u00e9 de l&rsquo;immobilier d&rsquo;entreprise clermontois ?<\/strong><\/span><\/h2>\n<p><strong>Karine Rodde-Lavrador :<\/strong> L\u2019immobilier d\u2019entreprise \u00e0 Clermont-Ferrand est un march\u00e9 relativement stable. Il a subi ces 2 derni\u00e8res ann\u00e9es des mouvements inhabituels (hausse de prix significative, baisse de l\u2019offre). Diff\u00e9rents programmes de bureaux (en cours et dans un avenir tr\u00e8s proche) devraient restabiliser cette partie. Pour ce qui est des locaux d\u2019activit\u00e9, comme aucun vrai projet de nouvelle zone ne sort, certaines zones industrielles mutent, comme le Brezet. Les anciens b\u00e2timents sont rachet\u00e9s et r\u00e9nov\u00e9s. La zone de Cournon devrait suivre. De toute fa\u00e7on avec le d\u00e9cret tertiaire, la hausse du co\u00fbt de l\u2019\u00e9nergie et les nouvelles ambitions \u00e9cologiques des soci\u00e9t\u00e9s, le parc industriel va devoir se renouveler. La hausse des taux d\u2019int\u00e9r\u00eat bancaire et le remboursement des PGE devrait r\u00e9\u00e9quilibrer les recherches entre la location et l\u2019achat, et du fait contribuer \u00e0 infl\u00e9chir les prix de vente demand\u00e9s par les propri\u00e9taires. Cela devrait r\u00e9assainir ce march\u00e9 qui a connu un coup de folie. Pour les locaux commerciaux, cela reste relativement \u00e9tale. Sans doute que les travaux li\u00e9s au r\u00e9seau Inspire (pour les BHNS) vont avoir une incidence sur les transactions dans les 5 ans \u00e0 venir.<\/p>\n<p>Clermont continue son d\u00e9veloppement. En tant qu&rsquo;<a href=\"https:\/\/www.cidera-clermont.fr\/\">acteur de l\u2019immobilier d\u2019entreprise<\/a>, on souhaiterait toujours que \u00e7a aille plus vite et plus loin, mais l\u2019avantage est que nous pouvons mieux guider les clients dans leurs orientations.<\/p>\n<h2><span style=\"color: #99cc00;\"><strong>Geolocaux : Quelles sont vos offres phares du moment ?<\/strong><\/span><\/h2>\n<p><strong>Karine Rodde-Lavrador :<\/strong> Nous avons r\u00e9cup\u00e9r\u00e9 les bureaux et locaux commerciaux de l\u2019Ilot Pardieu, programme phare de cette zone tertiaire. Nous travaillons avec diff\u00e9rents promoteurs sur des projets mixtes qui devraient sortir sur les 3 prochaines ann\u00e9es, aussi bien en centre-ville qu\u2019en zone.<\/p>\n<p><img loading=\"lazy\" decoding=\"async\" class=\"aligncenter wp-image-18241\" src=\"https:\/\/geolocaux.com\/blog\/wp-content\/uploads\/2022\/10\/63799391342332751660655_1.jpg\" alt=\"KARINE RODDE-LAVRADOR CIDERA\u00b2 (4)\" width=\"621\" height=\"466\" srcset=\"https:\/\/www.geolocaux.com\/blog\/wp-content\/uploads\/2022\/10\/63799391342332751660655_1.jpg 960w, https:\/\/www.geolocaux.com\/blog\/wp-content\/uploads\/2022\/10\/63799391342332751660655_1-300x225.jpg 300w, https:\/\/www.geolocaux.com\/blog\/wp-content\/uploads\/2022\/10\/63799391342332751660655_1-737x553.jpg 737w\" sizes=\"auto, (max-width: 621px) 100vw, 621px\" \/><\/p>\n<p>Pour les locaux d\u2019activit\u00e9, pour l\u2019instant, nous avons quelques programmes de locaux neufs et restructur\u00e9s aussi bien au Brezet qu\u2019\u00e0 Cournon.<\/p>\n<h2><span style=\"color: #99cc00;\"><strong>Geolocaux : Une anecdote \u00e0 partager avec nos lecteurs ?<\/strong><\/span><\/h2>\n<p><strong>Karine Rodde-Lavrador :<\/strong> Nous esp\u00e9rons avoir une agence sympathique cr\u00e9\u00e9e depuis une sorte de d\u00e9p\u00f4t sans fen\u00eatre\u2026 Une belle restructuration ! Nous avons fait le choix d\u2019un espace ouvert et convivial pour ceux qui pr\u00e9f\u00e8rent, mais aussi de bureaux ferm\u00e9s pour tous les projets confidentiels.<\/p>\n<p>Nous les attendons pour \u00e9changer sur leurs sujets divers et vari\u00e9s. Pas besoin d\u2019\u00eatre nombreux pour \u00eatre efficaces !<\/p>\n<hr \/>\n<p>Nous vous proposerons prochainement de nouveaux contenus exclusifs autour de l&rsquo;agence CIDERA\u00b2. En attendant vous pouvez consultez d&rsquo;autres <a href=\"https:\/\/www.geolocaux.com\/blog\/category\/interviews\/\">interviews de professionnels de l&rsquo;immobilier<\/a> disponibles sur ce blog.<\/p>\n","protected":false},"excerpt":{"rendered":"<p>Karine Rodde-Lavrador est g\u00e9rante de l&rsquo;agence CIDERA\u00b2 qu&rsquo;elle a cr\u00e9\u00e9e cette ann\u00e9e. Partenaire de Geolocaux pour la diffusion de ses offres disponibles, nous avons eu l&rsquo;occasion d&rsquo;\u00e9changer pour vous proposer cette interview : Geolocaux : Pr\u00e9sentez nous votre parcours et&#8230;<\/p>\n","protected":false},"author":134,"featured_media":18300,"comment_status":"closed","ping_status":"open","sticky":false,"template":"","format":"standard","meta":{"_acf_changed":false,"footnotes":""},"categories":[39],"tags":[],"class_list":["post-18234","post","type-post","status-publish","format-standard","has-post-thumbnail","hentry","category-interviews","partenaires-cidera"],"acf":[],"thumbnail":"https:\/\/www.geolocaux.com\/blog\/wp-content\/uploads\/2022\/10\/CIDERA-737x553.webp","partenaire":"536","category":"Interviews","_links":{"self":[{"href":"https:\/\/www.geolocaux.com\/blog\/wp-json\/wp\/v2\/posts\/18234","targetHints":{"allow":["GET"]}}],"collection":[{"href":"https:\/\/www.geolocaux.com\/blog\/wp-json\/wp\/v2\/posts"}],"about":[{"href":"https:\/\/www.geolocaux.com\/blog\/wp-json\/wp\/v2\/types\/post"}],"author":[{"embeddable":true,"href":"https:\/\/www.geolocaux.com\/blog\/wp-json\/wp\/v2\/users\/134"}],"replies":[{"embeddable":true,"href":"https:\/\/www.geolocaux.com\/blog\/wp-json\/wp\/v2\/comments?post=18234"}],"version-history":[{"count":9,"href":"https:\/\/www.geolocaux.com\/blog\/wp-json\/wp\/v2\/posts\/18234\/revisions"}],"predecessor-version":[{"id":20781,"href":"https:\/\/www.geolocaux.com\/blog\/wp-json\/wp\/v2\/posts\/18234\/revisions\/20781"}],"wp:featuredmedia":[{"embeddable":true,"href":"https:\/\/www.geolocaux.com\/blog\/wp-json\/wp\/v2\/media\/18300"}],"wp:attachment":[{"href":"https:\/\/www.geolocaux.com\/blog\/wp-json\/wp\/v2\/media?parent=18234"}],"wp:term":[{"taxonomy":"category","embeddable":true,"href":"https:\/\/www.geolocaux.com\/blog\/wp-json\/wp\/v2\/categories?post=18234"},{"taxonomy":"post_tag","embeddable":true,"href":"https:\/\/www.geolocaux.com\/blog\/wp-json\/wp\/v2\/tags?post=18234"}],"curies":[{"name":"wp","href":"https:\/\/api.w.org\/{rel}","templated":true}]}}