{"id":18109,"date":"2023-01-10T11:58:22","date_gmt":"2023-01-10T09:58:22","guid":{"rendered":"https:\/\/blog.geolocaux.com\/?p=18109"},"modified":"2026-02-13T10:51:03","modified_gmt":"2026-02-13T08:51:03","slug":"calcule-bilan-carbone-trajet-domicile-travail","status":"publish","type":"post","link":"https:\/\/www.geolocaux.com\/blog\/conseils\/calcule-bilan-carbone-trajet-domicile-travail\/","title":{"rendered":"Bilan carbone entreprise : enjeux, m\u00e9thodes et bonnes pratiques"},"content":{"rendered":"<p>Dans un contexte de transition \u00e9cologique, les entreprises sont de plus en plus conscientes de leur impact environnemental et de la n\u00e9cessit\u00e9 d\u2019agir pour le r\u00e9duire. Au c\u0153ur de cette d\u00e9marche, le bilan carbone entreprise s\u2019impose comme un outil indispensable, pour prendre la mesure de son empreinte. Il est aussi un excellent vecteur pour trouver des solutions viables et diminuer significativement ses \u00e9missions de gaz \u00e0 effet de serre. Sp\u00e9cialiste de l&rsquo;immobilier d&rsquo;entreprise, Geolocaux saura particuli\u00e8rement vous conseiller au sujet de l&rsquo;int\u00e9r\u00eat de r\u00e9fl\u00e9chir \u00e0 la localisation de votre <a href=\"https:\/\/www.geolocaux.com\/location\/bureau\/\">location de bureau<\/a> pour agir positivement.\u00a0 Mais comment proc\u00e9der\u2009? Quelles sont les m\u00e9thodes pour le dresser et s\u2019applique-t-il de la m\u00eame mani\u00e8re \u00e0 toutes les organisations\u2009? Voici toutes les cl\u00e9s pour ma\u00eetriser le cadre de cette \u00e9tude d\u00e9terminante et la mener \u00e0 bien.<\/p>\n<h2><strong><span style=\"color: #abd132;\">Pourquoi et comment faire le bilan carbone de son entreprise\u2009?<\/span><\/strong><\/h2>\n<p>Le bilan carbone entreprise n\u2019est plus une simple option, mais une n\u00e9cessit\u00e9 strat\u00e9gique et r\u00e9glementaire pour les soci\u00e9t\u00e9s.<\/p>\n<h3><strong><span style=\"color: #abd132;\">D\u00e9finition du bilan carbone : de quoi parle-t-on concr\u00e8tement\u2009?<\/span><\/strong><\/h3>\n<p>Le bilan carbone est une \u00e9tude qui permet d\u2019\u00e9valuer la quantit\u00e9 de gaz \u00e0 effet de serre (GES), \u00e9mise directement ou indirectement par les activit\u00e9s d\u2019une entreprise. Pour le qualifier, on parle aussi de <a href=\"https:\/\/www.geolocaux.com\/blog\/conseils\/bilan-carbone-bilan-ges\/\">bilan GES<\/a>, d\u2019empreinte carbone entreprise ou encore de calcul du bilan carbone.<\/p>\n<p>Il constitue le point de d\u00e9part de toute strat\u00e9gie climat, en fournissant un diagnostic quantifi\u00e9 des \u00e9missions, permettant de d\u00e9finir des axes d\u2019am\u00e9lioration et des solutions pour les r\u00e9duire significativement.<\/p>\n<h3><strong><span style=\"color: #abd132;\">Pourquoi r\u00e9aliser un bilan carbone quand on est une entreprise\u2009?<\/span><\/strong><\/h3>\n<p>Mener un calcul de bilan carbone s\u2019inscrit dans une d\u00e9marche de pr\u00e9servation de l\u2019environnement et de lutte contre le r\u00e9chauffement climatique. Il permet de comprendre l\u2019impact de son entreprise, d\u2019identifier ses principaux postes d\u2019\u00e9missions, puis de d\u00e9finir une m\u00e9thodologie de r\u00e9duction des GES, en participant \u00e0 la transition \u00e9nerg\u00e9tique par exemple.<\/p>\n<h3><strong><span style=\"color: #abd132;\">Les obligations r\u00e9glementaires en vigueur en 2025<\/span><\/strong><\/h3>\n<p>En France, la loi impose depuis 2012, aux entreprises de plus de 500 salari\u00e9s (ou 250 dans les DOM), la mise en \u0153uvre d\u2019un bilan des \u00e9missions de gaz \u00e0 effet de serre (BEGES) \u00e0 reconduire tous les 4 ans. Avec l\u2019entr\u00e9e en vigueur progressive en Europe de la directive CSRD (Corporate Sustainability Reporting Directive), les obligations de reporting s\u2019\u00e9tendent d\u00e9sormais aux entreprises et \u00e9tablissements publics de plus de 250 salari\u00e9s.<\/p>\n<h3><strong><span style=\"color: #abd132;\">Comprendre les scopes 1, 2 et 3 des \u00e9missions<\/span><\/strong><\/h3>\n<p>Plusieurs m\u00e9thodes de calcul existent, mais chacune int\u00e8gre la prise en compte de trois scopes, divis\u00e9s en sous-cat\u00e9gories :<\/p>\n<ul>\n<li>Scope 1 : les \u00e9missions directes. Il s\u2019agit des \u00e9missions de gaz \u00e0 effet de serre issues des sources contr\u00f4l\u00e9es par l\u2019entreprise (combustion de carburant par les v\u00e9hicules de l\u2019entreprise ou les installations fixe\u2026).<\/li>\n<li>Scope 2 : les \u00e9missions indirectes li\u00e9es \u00e0 l\u2019\u00e9nergie. Ces \u00e9missions proviennent de la production d\u2019\u00e9lectricit\u00e9, de chaleur ou de vapeur achet\u00e9e et consomm\u00e9e par l\u2019entreprise.<\/li>\n<li>Scope 3 : les autres \u00e9missions indirectes. Il concerne toutes les autres \u00e9missions non incluses dans les scopes 1 et 2, mais li\u00e9es \u00e0 l\u2019activit\u00e9 de l\u2019entreprise, en amont et en aval de sa cha\u00eene de valeur (achat de biens et services, d\u00e9placements domicile-travail des salari\u00e9s, transport de marchandises, utilisation et fin de vie des produits vendus\u2026).<\/li>\n<\/ul>\n<p>Selon l\u2019ADEME, 62 % des \u00e9missions d\u2019une entreprise proviennent de son scope 3.<br \/>\nCette donn\u00e9e met en lumi\u00e8re l\u2019importance capitale de l\u2019inclure dans tout calcul bilan carbone complet.<\/p>\n<p><picture><source srcset=\"https:\/\/www.geolocaux.com\/blog\/wp-content\/uploads\/2023\/01\/Capture-decran-2023-06-05-a-16.13.48.webp 2764w, https:\/\/www.geolocaux.com\/blog\/wp-content\/uploads\/2023\/01\/Capture-decran-2023-06-05-a-16.13.48-300x166.png 300w, https:\/\/www.geolocaux.com\/blog\/wp-content\/uploads\/2023\/01\/Capture-decran-2023-06-05-a-16.13.48-1024x568.png 1024w, https:\/\/www.geolocaux.com\/blog\/wp-content\/uploads\/2023\/01\/Capture-decran-2023-06-05-a-16.13.48-1536x852.png 1536w, https:\/\/www.geolocaux.com\/blog\/wp-content\/uploads\/2023\/01\/Capture-decran-2023-06-05-a-16.13.48-2048x1137.png 2048w,https:\/\/www.geolocaux.com\/blog\/wp-content\/uploads\/2023\/01\/Capture-decran-2023-06-05-a-16.13.48-737x409.webp 737w\" sizes=\"auto, (max-width: 2764px) 100vw, 2764px\" type=\"image\/webp\"><img src=\"https:\/\/www.geolocaux.com\/blog\/wp-content\/uploads\/2023\/01\/Capture-decran-2023-06-05-a-16.13.48.png\" height=\"1534\" width=\"2764\" srcset=\"https:\/\/www.geolocaux.com\/blog\/wp-content\/uploads\/2023\/01\/Capture-decran-2023-06-05-a-16.13.48.png 2764w, https:\/\/www.geolocaux.com\/blog\/wp-content\/uploads\/2023\/01\/Capture-decran-2023-06-05-a-16.13.48-300x166.png 300w, https:\/\/www.geolocaux.com\/blog\/wp-content\/uploads\/2023\/01\/Capture-decran-2023-06-05-a-16.13.48-1024x568.png 1024w, https:\/\/www.geolocaux.com\/blog\/wp-content\/uploads\/2023\/01\/Capture-decran-2023-06-05-a-16.13.48-1536x852.png 1536w, https:\/\/www.geolocaux.com\/blog\/wp-content\/uploads\/2023\/01\/Capture-decran-2023-06-05-a-16.13.48-2048x1137.png 2048w, https:\/\/www.geolocaux.com\/blog\/wp-content\/uploads\/2023\/01\/Capture-decran-2023-06-05-a-16.13.48-737x409.png 737w\" sizes=\"auto, (max-width: 2764px) 100vw, 2764px\" class=\"aligncenter size-full wp-image-18711 sp-no-webp\" alt=\"r\u00e9union bilan carbone entreprise\" loading=\"lazy\" decoding=\"async\"  > <\/picture><\/p>\n<h2><strong><span style=\"color: #abd132;\">Quelles sont les principales m\u00e9thodes pour calculer l\u2019empreinte carbone d\u2019une entreprise\u2009?<\/span><\/strong><\/h2>\n<p>Diff\u00e9rents proc\u00e9d\u00e9s officiels existent pour r\u00e9aliser un bilan carbone entreprise.<\/p>\n<h3><strong><span style=\"color: #abd132;\">La m\u00e9thode Bilan Carbone\u00ae de l\u2019ADEME<\/span><\/strong><\/h3>\n<p>La m\u00e9thode Bilan Carbone\u00ae d\u00e9velopp\u00e9e et encadr\u00e9e par l\u2019ADEME (Agence de la transition \u00e9cologique) constitue la r\u00e9f\u00e9rence fran\u00e7aise pour le calcul de l\u2019empreinte carbone entreprise. Cette m\u00e9thodologie structur\u00e9e propose une approche compl\u00e8te et standardis\u00e9e, pour quantifier les \u00e9missions de gaz \u00e0 effet de serre d\u2019une organisation. Elle permet aux entreprises de toutes tailles de mesurer leurs \u00e9missions de gaz \u00e0 effet de serre, en prenant en compte les scopes 1, 2 et 3. Elle est reconnue pour sa vision globale et rigoureuse, ainsi que pour son objectif orient\u00e9 vers l\u2019aboutissement d\u2019un plan d\u2019action de r\u00e9duction des \u00e9missions.<\/p>\n<h3><strong><span style=\"color: #abd132;\">Le GHG Protocol : un standard international<\/span><\/strong><\/h3>\n<p>Le Greenhouse Gas Protocol (GHG Protocol) est un standard international de comptabilisation et de reporting des \u00e9missions de gaz \u00e0 effet de serre. C\u2019est lui qui a popularis\u00e9 la distinction entre les scopes 1, 2 et 3, d\u00e9sormais universellement valid\u00e9e dans le domaine du carbone. Largement adopt\u00e9, il offre un cadre flexible, selon les secteurs d\u2019activit\u00e9s, et robuste pour la r\u00e9alisation du bilan carbone.<\/p>\n<h3><strong><span style=\"color: #abd132;\">Le calculateur ACT Pas-\u00e0-Pas pour les TPE\/PME<\/span><\/strong><\/h3>\n<p>Le calculateur ACT (Assessing Low Carbon Transition) Pas-\u00e0-Pas, d\u00e9velopp\u00e9 par l\u2019ADEME en partenariat avec Bpifrance, r\u00e9pond sp\u00e9cifiquement aux besoins des TPE et des PME qui souhaitent r\u00e9aliser leur premier bilan carbone. Cet outil gratuit, adapt\u00e9 aux petites structures, se caract\u00e9rise par sa simplicit\u00e9 d\u2019utilisation et sa capacit\u00e9 \u00e0 fournir des r\u00e9sultats rapidement exploitables. Il propose un questionnaire ordonn\u00e9, guidant les entreprises dans la collecte des donn\u00e9es n\u00e9cessaires, en se concentrant sur les postes d\u2019\u00e9missions les plus significatifs pour leur secteur d\u2019activit\u00e9.<\/p>\n<p>S\u2019il est un excellent point de d\u00e9part pour une entreprise qui d\u00e9bute sa strat\u00e9gie climat, il ne remplace pas une \u00e9tude compl\u00e8te, mais offre une premi\u00e8re approche pour le calcul bilan carbone et le diag Decarbon\u2019Action.<\/p>\n<h3><strong><span style=\"color: #abd132;\">Comparatif des m\u00e9thodes existantes<\/span><\/strong><\/h3>\n<table>\n<tbody>\n<tr>\n<td style=\"text-align: center;\"><span style=\"font-weight: 400;\">Crit\u00e8re<\/span><\/td>\n<td style=\"text-align: center;\"><span style=\"font-weight: 400;\">M\u00e9thode Bilan Carbone\u00ae (ADEME)<\/span><\/td>\n<td style=\"text-align: center;\"><span style=\"font-weight: 400;\">GHG Protocol<\/span><\/td>\n<td style=\"text-align: center;\"><span style=\"font-weight: 400;\">Calculateur ACT Pas-\u00e0-Pas (ADEME)<\/span><\/td>\n<\/tr>\n<tr>\n<td><span style=\"font-weight: 400;\">Public cible<\/span><\/td>\n<td><span style=\"font-weight: 400;\">Toutes entreprises et collectivit\u00e9s\u00a0<\/span><\/td>\n<td><span style=\"font-weight: 400;\">Toutes entreprises<\/span><\/td>\n<td><span style=\"font-weight: 400;\">TPE\/PME<\/span><\/td>\n<\/tr>\n<tr>\n<td><span style=\"font-weight: 400;\">Niveau de d\u00e9tail<\/span><\/td>\n<td><span style=\"font-weight: 400;\">Tr\u00e8s d\u00e9taill\u00e9, couvre tous les scopes<\/span><\/td>\n<td><span style=\"font-weight: 400;\">D\u00e9taill\u00e9, cadre de r\u00e9f\u00e9rence pour les scopes<\/span><\/td>\n<td><span style=\"font-weight: 400;\">Simplifi\u00e9, pour une premi\u00e8re estimation<\/span><\/td>\n<\/tr>\n<tr>\n<td><span style=\"font-weight: 400;\">Complexit\u00e9<\/span><\/td>\n<td><span style=\"font-weight: 400;\">\u00c9lev\u00e9e<\/span><\/td>\n<td><span style=\"font-weight: 400;\">\u00c9lev\u00e9e<\/span><\/td>\n<td><span style=\"font-weight: 400;\">Faible<\/span><\/td>\n<\/tr>\n<\/tbody>\n<\/table>\n<p>Il existe \u00e9galement des outils num\u00e9riques gratuits et payants pour d\u00e9marrer un bilan carbone, y compris pour les petites structures (Carbon Cockpit Scan, GoodPlanet, EcoTree, MyClimate, HelloCarbo\u2026).<\/p>\n<h2><strong><span style=\"color: #abd132;\">Quelles \u00e9tapes pour r\u00e9ussir son bilan carbone en entreprise\u2009?<\/span><\/strong><\/h2>\n<p>La r\u00e9alisation d\u2019un bilan carbone est un projet coordonn\u00e9, qui se d\u00e9roule en plusieurs phases cl\u00e9s, garantissant la fiabilit\u00e9 des r\u00e9sultats.<\/p>\n<h3><strong><span style=\"color: #abd132;\">Identifier les p\u00e9rim\u00e8tres organisationnels et op\u00e9rationnels<\/span><\/strong><\/h3>\n<p>La r\u00e9ussite d\u2019un bilan carbone entreprise repose sur la d\u00e9finition pr\u00e9cise des p\u00e9rim\u00e8tres d\u2019\u00e9tude. Cette \u00e9tape fondamentale d\u00e9termine quelles structures, activit\u00e9s et \u00e9missions seront incluses dans le calcul de l\u2019empreinte carbone.<\/p>\n<p>Le p\u00e9rim\u00e8tre organisationnel d\u00e9finit les entit\u00e9s prises en compte dans le calcul. Il peut s\u2019agir de l\u2019entreprise dans son ensemble, d\u2019une filiale sp\u00e9cifique ou d\u2019un site de production par exemple.<\/p>\n<p>Le p\u00e9rim\u00e8tre op\u00e9rationnel d\u00e9termine les activit\u00e9s et sources int\u00e9gr\u00e9es calcul. Il s\u2019articule autour des trois scopes d\u2019\u00e9missions GES et doit \u00eatre adapt\u00e9 aux sp\u00e9cificit\u00e9s de l\u2019entreprise et de son secteur d\u2019activit\u00e9.<\/p>\n<p>Un troisi\u00e8me \u00e9l\u00e9ment, le p\u00e9rim\u00e8tre temporel, pr\u00e9cise la p\u00e9riode de r\u00e9f\u00e9rence du bilan carbone entreprise, g\u00e9n\u00e9ralement une ann\u00e9e civile ou un exercice comptable.<\/p>\n<h3><strong><span style=\"color: #abd132;\">Collecter les donn\u00e9es d\u2019activit\u00e9<\/span><\/strong><\/h3>\n<p>La collecte des donn\u00e9es d\u2019activit\u00e9 constitue l\u2019\u00e9tape la plus chronophage du processus de r\u00e9alisation d\u2019un bilan carbone entreprise. Cette phase n\u00e9cessite une mobilisation importante des \u00e9quipes et une coordination efficace entre les diff\u00e9rents services. Parmi les \u00e9l\u00e9ments \u00e0 relever :<\/p>\n<ul>\n<li>Les donn\u00e9es \u00e9nerg\u00e9tiques repr\u00e9sentent les consommations d\u2019\u00e9lectricit\u00e9, de gaz et de toutes autres sources d\u2019\u00e9nergie utilis\u00e9es par l\u2019entreprise.<\/li>\n<li>Les donn\u00e9es de transport incluent les d\u00e9placements professionnels, l\u2019\u00e9tude des trajets domicile-travail des salari\u00e9s et le fret de marchandises.<\/li>\n<li>Les donn\u00e9es d\u2019achats englobent l\u2019ensemble des biens et services acquis par l\u2019entreprise.<\/li>\n<\/ul>\n<p>Ces donn\u00e9es peuvent provenir de factures, de relev\u00e9s de compteurs, de logiciels de gestion, d\u2019enqu\u00eates aupr\u00e8s des salari\u00e9s et des fournisseurs. La qualit\u00e9 des informations collect\u00e9es conditionne directement la fiabilit\u00e9 du bilan carbone entreprise. Il est donc essentiel de mettre en place des proc\u00e9dures de v\u00e9rification et de validation des renseignements strictes, afin de garantir l\u2019exactitude des r\u00e9sultats.<\/p>\n<h3><strong><span style=\"color: #abd132;\">Convertir les donn\u00e9es en \u00e9missions, gr\u00e2ce aux facteurs d\u2019\u00e9mission<\/span><\/strong><\/h3>\n<p>\u00ab\u00a0Mesurer, c\u2019est savoir. Sans mesures, pas d\u2019am\u00e9lioration possible.\u00a0\u00bb \u2013 William Thomson (Lord Kelvin)<\/p>\n<p>La conversion des donn\u00e9es d\u2019activit\u00e9 en \u00e9missions de gaz \u00e0 effet de serre s\u2019effectue par l\u2019application de facteurs d\u2019\u00e9mission. Il s\u2019agit de coefficients permettant de traduire une unit\u00e9 d\u2019activit\u00e9 (kWh consomm\u00e9, kilom\u00e8tre parcouru, euro d\u2019achat\u2026) en \u00e9quivalent CO2. En France, la Base Carbone\u00ae de l\u2019ADEME constitue la r\u00e9f\u00e9rence nationale et fait l\u2019objet d\u2019une mise \u00e0 jour r\u00e9guli\u00e8re.<\/p>\n<p>Ces facteurs d\u2019\u00e9mission sont g\u00e9n\u00e9ralement exprim\u00e9s en kg CO2e par unit\u00e9 (ex : kg CO2e\/kWh, kg CO2e\/km). Par exemple, une entreprise consommant 10\u2009000 kWh d\u2019\u00e9lectricit\u00e9 sur une ann\u00e9e, appliquant le facteur d\u2019\u00e9mission moyen de l\u2019\u00e9lectricit\u00e9 en France (0,05 kg CO2e\/kWh \u2013 chiffre indicatif), obtiendra le calcul et le r\u00e9sultat suivants : 10\u2009000 * 0,05 = 500 kg CO2e.<\/p>\n<h3><strong><span style=\"color: #abd132;\">Analyser les postes les plus \u00e9metteurs<\/span><\/strong><\/h3>\n<p>Une fois toutes les donn\u00e9es converties en \u00e9missions, le bilan carbone prend tout son sens. Il est alors possible d\u2019identifier les principaux postes contributeurs aux \u00e9missions totales. Cette analyse est cruciale pour cibler et hi\u00e9rarchiser les actions de r\u00e9duction les plus pertinentes. L\u2019analyse par scope r\u00e9v\u00e8le la r\u00e9partition des \u00e9missions entre les diff\u00e9rentes cat\u00e9gories et permet de d\u00e9tecter les p\u00e9rim\u00e8tres prioritaires, afin de concentrer les efforts sur les postes d\u00e9terminants.<\/p>\n<h3><strong><span style=\"color: #abd132;\">Construire un plan d\u2019action adapt\u00e9 \u00e0 votre secteur<\/span><\/strong><\/h3>\n<p>Dresser le bilan carbone d\u2019une entreprise n\u2019est pas une fin en soi. C\u2019est la construction d\u2019un plan d\u2019action qui constitue un v\u00e9ritable aboutissement. Il doit \u00eatre sp\u00e9cifique \u00e0 l\u2019entreprise, \u00e0 son secteur d\u2019activit\u00e9, \u00e0 ses ressources et \u00e0 ses contraintes, et doit traduire les r\u00e9sultats de l\u2019analyse en d\u00e9cisions concr\u00e8tes et mesurables.<\/p>\n<p>Les objectifs de r\u00e9duction des \u00e9missions GES doivent \u00eatre quantifiables et r\u00e9alistes, en s\u2019appuyant sur le potentiel de diminution des \u00e9missions, le co\u00fbt de leur mise en \u0153uvre, leur faisabilit\u00e9 technique et leur impact sur la vie de l\u2019entreprise. Ils reposent sur trois axes d\u2019action : \u00e9viter (supprimer ou r\u00e9duire l\u2019activit\u00e9 \u00e9mettrice), am\u00e9liorer (l\u2019efficacit\u00e9 \u00e9nerg\u00e9tique) et substituer (s\u2019orienter vers des alternatives moins carbon\u00e9es).<\/p>\n<h2><strong><span style=\"color: #abd132;\">Quelles actions concr\u00e8tes mettre en place apr\u00e8s un bilan carbone\u2009?<\/span><\/strong><\/h2>\n<p>Apr\u00e8s avoir mesur\u00e9 l\u2019empreinte carbone entreprise, place \u00e0 la mise en \u0153uvre du plan d\u2019action de r\u00e9duction des \u00e9missions.<\/p>\n<p>Bon \u00e0 savoir : certaines aides r\u00e9gionales permettent de financer un diag Decarbon&rsquo;Action pour les PME.<\/p>\n<h3><strong><span style=\"color: #abd132;\">R\u00e9duire les d\u00e9placements professionnels<\/span><\/strong><\/h3>\n<p>Les transports et les d\u00e9placements professionnels repr\u00e9sentent souvent une part importante de l\u2019empreinte carbone, particuli\u00e8rement pour les entreprises de services ou d\u00e9tenant plusieurs sites. La r\u00e9duction de ces \u00e9missions constitue g\u00e9n\u00e9ralement un levier d\u2019action prioritaire, les entreprises ayant un contr\u00f4le direct sur ces activit\u00e9s. Pour proc\u00e9der positivement, il convient de sensibiliser les salari\u00e9s aux solutions de mobilit\u00e9 alternatives (transports en commun, v\u00e9lo, covoiturage\u2026) et de les aider \u00e0 les adopter, afin de les impliquer dans les actions d\u00e9finies par le bilan carbone entreprise. Il est aussi possible d\u2019op\u00e9rer un d\u00e9veloppement du t\u00e9l\u00e9travail et des r\u00e9unions \u00e0 distance, pour limiter les d\u00e9placements, ou d\u2019optimiser la flotte de v\u00e9hicules.<\/p>\n<h3><strong><span style=\"color: #abd132;\">Optimiser la consommation d\u2019\u00e9nergie des locaux<\/span><\/strong><\/h3>\n<p>L\u2019optimisation \u00e9nerg\u00e9tique des b\u00e2timents constitue un levier majeur de r\u00e9duction des \u00e9missions. Cette d\u00e9marche combine g\u00e9n\u00e9ralement des investissements techniques et des changements comportementaux, pour maximiser les \u00e9conomies d\u2019\u00e9nergie et les r\u00e9ductions d\u2019\u00e9missions. Perfectionner l\u2019isolation des b\u00e2timents, choisir un contrat d\u2019\u00e9nergie verte, installer des panneaux photovolta\u00efques ou mettre en place un pilotage \u00e9nerg\u00e9tique et des \u00e9quipements moins \u00e9nergivores sont des actions \u00e0 mener pour am\u00e9liorer la consommation de l\u2019entreprise.<\/p>\n<h3><strong><span style=\"color: #abd132;\">R\u00e9aliser une transition vers des fournisseurs plus durables<\/span><\/strong><\/h3>\n<p>L\u2019analyse du scope 3 est int\u00e9ressante pour int\u00e9grer des crit\u00e8res d&rsquo;\u00e9co responsabilit\u00e9 dans les achats. Le panel d\u2019actions \u00e0 entreprendre est large : choix de fournisseurs locaux au bilan carbone bas, r\u00e9duction des d\u00e9chets, mise en place d\u2019une politique de recyclage\u2026 Cette d\u00e9marche n\u00e9cessite une approche rigoureuse, pour \u00e9valuer et s\u00e9lectionner les partenaires commerciaux selon des crit\u00e8res environnementaux. Cet examen permet d\u2019identifier les fournisseurs les plus performants sur le plan carbone et de structurer une strat\u00e9gie d\u2019approvisionnement responsable.<\/p>\n<h3><strong><span style=\"color: #abd132;\">Engager les \u00e9quipes dans une d\u00e9marche bas carbone<\/span><\/strong><\/h3>\n<p>La mobilisation des salari\u00e9s est indispensable \u00e0 la r\u00e9ussite d\u2019une strat\u00e9gie de r\u00e9duction des \u00e9missions GES, dans le cadre d\u2019un <a href=\"https:\/\/mycommuters.com\/fr\/\">bilan carbone entreprise<\/a>. La sensibilisation des salari\u00e9s aux enjeux environnementaux des d\u00e9placements professionnels, de la gestion des d\u00e9chets et de la consommation d\u2019\u00e9nergie, contribue \u00e0 l\u2019adoption de comportements plus responsables. Cette d\u00e9marche peut s\u2019accompagner de la mise en place d\u2019outils de calcul d\u2019empreinte carbone des d\u00e9placements, permettant aux collaborateurs de mesurer l\u2019impact de leurs choix de transport par exemple.<\/p>\n<h2><strong><span style=\"color: #abd132;\">Comment le lieu d\u2019implantation impacte le bilan carbone d\u2019une entreprise\u2009?<\/span><\/strong><\/h2>\n<p>Le choix de l\u2019emplacement des locaux a une influence non n\u00e9gligeable sur son empreinte carbone. Il s\u2019agit d\u2019un facteur strat\u00e9gique \u00e0 prendre en consid\u00e9ration, pour une strat\u00e9gie climat p\u00e9renne.<\/p>\n<h3><strong><span style=\"color: #abd132;\">Acc\u00e8s aux transports doux et r\u00e9seaux ferroviaires<\/span><\/strong><\/h3>\n<p>L\u2019accessibilit\u00e9 des transports en commun et des infrastructures de mobilit\u00e9 douce p\u00e8se fortement sur l\u2019empreinte carbone. Les entreprises implant\u00e9es dans des zones bien o\u00f9 les transports publics sont nombreux b\u00e9n\u00e9ficient g\u00e9n\u00e9ralement d\u2019\u00e9missions plus faibles, li\u00e9es aux d\u00e9placements de leurs salari\u00e9s et de leurs visiteurs. Un site bien desservi par les transports en commun (train, bus, tramway, m\u00e9tro) et les pistes cyclables permet de diminuer significativement les \u00e9missions de GES.<\/p>\n<h3><strong><span style=\"color: #abd132;\">Type de b\u00e2timent et performance \u00e9nerg\u00e9tique<\/span><\/strong><\/h3>\n<p>Les caract\u00e9ristiques techniques du b\u00e2timent occup\u00e9 par l\u2019entreprise influencent directement sa consommation \u00e9nerg\u00e9tique et donc son empreinte carbone. La conception et l\u2019\u00e9tat des locaux ont un impact sur le bilan BEGES de l\u2019entreprise. D\u2019apr\u00e8s l\u2019ADEME, un b\u00e2timent performant permet de r\u00e9duire jusqu\u2019\u00e0 30 % les \u00e9missions de chauffage. Les b\u00e2timents neufs \u00e9tant soumis aux normes environnementales RE 2020, ils sont les plus \u00e0 m\u00eame de d\u00e9livrer de bons r\u00e9sultats.<\/p>\n<h3><strong><span style=\"color: #abd132;\">Mix \u00e9nerg\u00e9tique local et potentiel d\u2019approvisionnement en \u00e9nergie verte<\/span><\/strong><\/h3>\n<p>Les entreprises \u00e9tablies dans des r\u00e9gions \u00e0 fort potentiel renouvelable b\u00e9n\u00e9ficient g\u00e9n\u00e9ralement d\u2019un mix \u00e9nerg\u00e9tique plus d\u00e9carbon\u00e9 du r\u00e9seau \u00e9lectrique local. Les possibilit\u00e9s d\u2019approvisionnement en \u00e9nergie verte varient selon la localisation g\u00e9ographique. Les entreprises situ\u00e9es dans des zones vent\u00e9es peuvent b\u00e9n\u00e9ficier de l\u2019\u00e9nergie \u00e9olienne, tandis que celles implant\u00e9es dans des r\u00e9gions ensoleill\u00e9es peuvent valoriser l\u2019\u00e9nergie solaire.<\/p>\n<h3><strong><span style=\"color: #abd132;\">Distance par rapport aux clients et fournisseurs<\/span><\/strong><\/h3>\n<p>Les \u00e9missions indirectes, engendr\u00e9es par le transport des marchandises et la logistique requise, ont un r\u00f4le important dans la production de GES. Miser sur une proximit\u00e9 g\u00e9ographique pour r\u00e9duire les trajets entre l\u2019entreprise, ses fournisseurs et le consommateur final est un axe d\u00e9cisif \u00e0 travailler pour r\u00e9duire les \u00e9missions.<\/p>\n<h2><strong><span style=\"color: #abd132;\">G\u00e9olocalisation et immobilier d\u2019entreprise : comment Geolocaux vous accompagne dans votre strat\u00e9gie bas carbone<\/span><\/strong><\/h2>\n<p>Chez Geolocaux, nous avons pleinement conscience de l\u2019importance du bilan carbone et de la strat\u00e9gie climat dans le choix de vos locaux professionnels sur le march\u00e9 de l\u2019<a href=\"https:\/\/www.geolocaux.com\/\">immobilier d\u2019entreprise<\/a>.<\/p>\n<h3><strong><span style=\"color: #abd132;\">Trouver des bureaux proches des transports en commun<\/span><\/strong><\/h3>\n<p>Les outils de recherche avanc\u00e9s, que nous mettons \u00e0 votre disposition, vous permettent de filtrer les annonces de bureaux, d\u2019entrep\u00f4ts ou de commerces en fonction de leur proximit\u00e9 avec les gares, arr\u00eats de bus, tramways ou stations de m\u00e9tro.<\/p>\n<h3><strong><span style=\"color: #abd132;\">Identifier des locaux avec des labels \u00e9nerg\u00e9tiques performants<\/span><\/strong><\/h3>\n<p>Nous mettons en avant les annonces de biens immobiliers b\u00e9n\u00e9ficiant de labels environnementaux, attestant des performances \u00e9nerg\u00e9tiques des b\u00e2timents, de leur niveau d\u2019isolation et de la qualit\u00e9 de leurs \u00e9quipements. Cette certification est un crit\u00e8re de choix dont vous profitez pour trier efficacement les annonces.<\/p>\n<h3><strong><span style=\"color: #abd132;\">Comparer les zones g\u00e9ographiques selon leur impact environnemental<\/span><\/strong><\/h3>\n<p>La carte interactive vous permet de visualiser g\u00e9ographiquement tous les biens \u00e0 vendre et \u00e0 louer de votre zone de recherche, que vous avez filtr\u00e9s au pr\u00e9alable selon leur certification environnementale.<\/p>\n<h3><strong><span style=\"color: #abd132;\">Faciliter l\u2019engagement de votre entreprise dans la transition \u00e9cologique<\/span><\/strong><\/h3>\n<p>Geolocaux vous aide \u00e0 atteindre vos objectifs environnementaux, en vous proposant un service approfondi en mobilit\u00e9, afin d\u2019optimiser les d\u00e9placements de vos collaborateurs. <a href=\"https:\/\/www.geolocaux.com\/blog\/mes-employes\/etudes-temps-de-trajet-domicile-travail-de-vos-salaries\/\">\u00c9tude du temps de trajet domicile-travail de vos salari\u00e9s<\/a>, mesure de l\u2019impact de votre d\u00e9m\u00e9nagement, recherche de l\u2019implantation id\u00e9ale, nos experts vous accompagnent dans votre d\u00e9marche, avec la solution My Commuters (ex Mes Employ\u00e9s).<\/p>\n<p><picture><source srcset=\"https:\/\/www.geolocaux.com\/blog\/wp-content\/uploads\/2023\/01\/mes-employes-BILAN_CARBONE-3-scaled.webp 2560w, https:\/\/www.geolocaux.com\/blog\/wp-content\/uploads\/2023\/01\/mes-employes-BILAN_CARBONE-3-300x169.jpg 300w, https:\/\/www.geolocaux.com\/blog\/wp-content\/uploads\/2023\/01\/mes-employes-BILAN_CARBONE-3-1024x576.jpg 1024w, https:\/\/www.geolocaux.com\/blog\/wp-content\/uploads\/2023\/01\/mes-employes-BILAN_CARBONE-3-1536x864.jpg 1536w, https:\/\/www.geolocaux.com\/blog\/wp-content\/uploads\/2023\/01\/mes-employes-BILAN_CARBONE-3-2048x1152.jpg 2048w,https:\/\/www.geolocaux.com\/blog\/wp-content\/uploads\/2023\/01\/mes-employes-BILAN_CARBONE-3-737x415.webp 737w\" sizes=\"auto, (max-width: 2560px) 100vw, 2560px\" type=\"image\/webp\"><img src=\"https:\/\/www.geolocaux.com\/blog\/wp-content\/uploads\/2023\/01\/mes-employes-BILAN_CARBONE-3-scaled.jpg\" height=\"1440\" width=\"2560\" srcset=\"https:\/\/www.geolocaux.com\/blog\/wp-content\/uploads\/2023\/01\/mes-employes-BILAN_CARBONE-3-scaled.jpg 2560w, https:\/\/www.geolocaux.com\/blog\/wp-content\/uploads\/2023\/01\/mes-employes-BILAN_CARBONE-3-300x169.jpg 300w, https:\/\/www.geolocaux.com\/blog\/wp-content\/uploads\/2023\/01\/mes-employes-BILAN_CARBONE-3-1024x576.jpg 1024w, https:\/\/www.geolocaux.com\/blog\/wp-content\/uploads\/2023\/01\/mes-employes-BILAN_CARBONE-3-1536x864.jpg 1536w, https:\/\/www.geolocaux.com\/blog\/wp-content\/uploads\/2023\/01\/mes-employes-BILAN_CARBONE-3-2048x1152.jpg 2048w, https:\/\/www.geolocaux.com\/blog\/wp-content\/uploads\/2023\/01\/mes-employes-BILAN_CARBONE-3-737x415.jpg 737w\" sizes=\"auto, (max-width: 2560px) 100vw, 2560px\" class=\"aligncenter size-full wp-image-18710 sp-no-webp\" alt=\"\" loading=\"lazy\" decoding=\"async\"  > <\/picture><\/p>\n<h2><strong><span style=\"color: #abd132;\">Questions fr\u00e9quentes sur le bilan carbone en entreprise<\/span><\/strong><\/h2>\n<h3><strong><span style=\"color: #abd132;\">Comment calculer le bilan carbone d\u2019une entreprise\u2009?<\/span><\/strong><\/h3>\n<p>Le calcul bilan carbone d\u2019une entreprise demande de d\u00e9finir le p\u00e9rim\u00e8tre d\u2019\u00e9tude, de collecter les donn\u00e9es d\u2019activit\u00e9 par le biais des trois scopes officiels et de les convertir en quantit\u00e9s de CO2e. Viennent ensuite l\u2019analyse des r\u00e9sultats obtenus et l\u2019\u00e9laboration d\u2019un plan d\u2019action viable. Des outils comme la m\u00e9thode Bilan Carbone\u00ae de l\u2019ADEME ou le GHG Protocol encadrent cette d\u00e9marche.<\/p>\n<h3><strong><span style=\"color: #abd132;\">Le bilan carbone est-il obligatoire pour toutes les entreprises\u2009?<\/span><\/strong><\/h3>\n<p>Non, le bilan carbone (BEGES) n\u2019est pas obligatoire pour toutes les entreprises. En France, il concerne principalement les entreprises de plus de 500 salari\u00e9s (ou 250 dans les DOM) et les \u00e9tablissements publics de plus de 250 agents. Cependant, la directive europ\u00e9enne CSRD va progressivement \u00e9tendre cette obligation \u00e0 un plus grand nombre d\u2019entreprises, y compris les PME cot\u00e9es.<\/p>\n<h3><strong><span style=\"color: #abd132;\">Quelles donn\u00e9es collecter pour faire un bilan carbone entreprise\u2009?<\/span><\/strong><\/h3>\n<p>Pour la r\u00e9alisation d\u2019un bilan carbone entreprise, les donn\u00e9es essentielles \u00e0 collecter concernent la consommation d\u2019\u00e9nergie et de carburants, les d\u00e9placements, les achats, les d\u00e9chets et le fret. La qualit\u00e9 et l\u2019exhaustivit\u00e9 de ces donn\u00e9es sont cruciales pour un calcul bilan carbone pr\u00e9cis.<\/p>\n<h3><strong><span style=\"color: #abd132;\">Quel est l\u2019int\u00e9r\u00eat du bilan carbone pour une PME\u2009?<\/span><\/strong><\/h3>\n<p>M\u00eame si le bilan carbone n\u2019est pas encore obligatoire pour toutes les PME, il le sera prochainement, au regard du d\u00e9ploiement de la directive CSRD. Par ailleurs, il pr\u00e9sente un int\u00e9r\u00eat majeur. Son calcul d\u00e9livre des informations d\u00e9cisives pour ma\u00eetriser l\u2019impact des \u00e9missions de l\u2019entreprise et identifier les leviers d\u2019action. Il est aussi garant d\u2019\u00e9conomies financi\u00e8res, par la mise en \u0153uvre de proc\u00e9d\u00e9s de r\u00e9duction de la consommation d\u2019\u00e9nergie et des d\u00e9chets. C\u2019est enfin un excellent barom\u00e8tre de la responsabilit\u00e9 de l\u2019entreprise, pouvant jouer sur son attractivit\u00e9 et sa comp\u00e9titivit\u00e9.<\/p>\n<h3><strong><span style=\"color: #abd132;\">En combien de temps peut-on r\u00e9aliser un bilan carbone estimatif\u2009?<\/span><\/strong><\/h3>\n<p>La dur\u00e9e de la r\u00e9alisation d\u2019un bilan carbone d\u00e9pend de la taille de l\u2019entreprise, de la complexit\u00e9 de ses activit\u00e9s et de la disponibilit\u00e9 des donn\u00e9es. Une analyse approfondie peut prendre plusieurs semaines \u00e0 plusieurs mois, surtout si l\u2019accompagnement d\u2019un expert est n\u00e9cessaire. Cependant, pour un bilan carbone estimatif, notamment pour les TPE\/PME, des outils simplifi\u00e9s permettent d\u2019obtenir une premi\u00e8re approche en quelques jours, voire en quelques heures.<\/p>\n<p>Sources officielles :<br \/>\nhttps:\/\/www.economie.gouv.fr\/cedef\/fiches-pratiques\/comment-etablir-le-bilan-carbone-dune-entreprise<br \/>\nhttps:\/\/bilans-ges.ademe.fr\/<br \/>\nhttps:\/\/diag.bpifrance.fr\/diag-decarbon-action<br \/>\nhttps:\/\/librairie.ademe.fr\/<\/p>\n","protected":false},"excerpt":{"rendered":"<p>Dans un contexte de transition \u00e9cologique, les entreprises sont de plus en plus conscientes de leur impact environnemental et de la n\u00e9cessit\u00e9 d\u2019agir pour le r\u00e9duire. Au c\u0153ur de cette d\u00e9marche, le bilan carbone entreprise s\u2019impose comme un outil indispensable,&#8230;<\/p>\n","protected":false},"author":2,"featured_media":18711,"comment_status":"closed","ping_status":"open","sticky":false,"template":"","format":"standard","meta":{"_acf_changed":false,"footnotes":""},"categories":[40],"tags":[1621,1622,260],"class_list":["post-18109","post","type-post","status-publish","format-standard","has-post-thumbnail","hentry","category-conseils","tag-bilan-carbone","tag-bilan-ges","tag-mes-employes"],"acf":[],"thumbnail":"https:\/\/www.geolocaux.com\/blog\/wp-content\/uploads\/2023\/01\/Capture-decran-2023-06-05-a-16.13.48-737x409.webp","partenaire":"","category":"Conseils","_links":{"self":[{"href":"https:\/\/www.geolocaux.com\/blog\/wp-json\/wp\/v2\/posts\/18109","targetHints":{"allow":["GET"]}}],"collection":[{"href":"https:\/\/www.geolocaux.com\/blog\/wp-json\/wp\/v2\/posts"}],"about":[{"href":"https:\/\/www.geolocaux.com\/blog\/wp-json\/wp\/v2\/types\/post"}],"author":[{"embeddable":true,"href":"https:\/\/www.geolocaux.com\/blog\/wp-json\/wp\/v2\/users\/2"}],"replies":[{"embeddable":true,"href":"https:\/\/www.geolocaux.com\/blog\/wp-json\/wp\/v2\/comments?post=18109"}],"version-history":[{"count":24,"href":"https:\/\/www.geolocaux.com\/blog\/wp-json\/wp\/v2\/posts\/18109\/revisions"}],"predecessor-version":[{"id":18365,"href":"https:\/\/www.geolocaux.com\/blog\/wp-json\/wp\/v2\/posts\/18109\/revisions\/18365"}],"wp:featuredmedia":[{"embeddable":true,"href":"https:\/\/www.geolocaux.com\/blog\/wp-json\/wp\/v2\/media\/18711"}],"wp:attachment":[{"href":"https:\/\/www.geolocaux.com\/blog\/wp-json\/wp\/v2\/media?parent=18109"}],"wp:term":[{"taxonomy":"category","embeddable":true,"href":"https:\/\/www.geolocaux.com\/blog\/wp-json\/wp\/v2\/categories?post=18109"},{"taxonomy":"post_tag","embeddable":true,"href":"https:\/\/www.geolocaux.com\/blog\/wp-json\/wp\/v2\/tags?post=18109"}],"curies":[{"name":"wp","href":"https:\/\/api.w.org\/{rel}","templated":true}]}}