{"id":17922,"date":"2022-05-04T14:52:33","date_gmt":"2022-05-04T12:52:33","guid":{"rendered":"https:\/\/blog.geolocaux.com\/?p=17922"},"modified":"2025-09-23T14:38:41","modified_gmt":"2025-09-23T12:38:41","slug":"tim-sports-jerome-blanc","status":"publish","type":"post","link":"https:\/\/www.geolocaux.com\/blog\/actualites\/tim-sports-jerome-blanc\/","title":{"rendered":"Tim sports partenaire de Mes Employ\u00e9s : interview de J\u00e9r\u00f4me Blanc, associ\u00e9 fondateur"},"content":{"rendered":"<p dir=\"ltr\">Aujourd&rsquo;hui nous partons \u00e0 la rencontre de<a href=\"https:\/\/www.linkedin.com\/in\/jerome-blanc-2077922\/\"> J\u00e9r\u00f4me Blanc<\/a> associ\u00e9 fondateur de la soci\u00e9t\u00e9 <a href=\"https:\/\/tim-sports.fr\/nos-offres\/velo-de-fonction\/?gclid=Cj0KCQjwyMiTBhDKARIsAAJ-9VtGeWOPXLDeaEvJtH8bOUDftnYPS3hZ7X01ucQ9ncpqJz9hQEOUouwaAjDEEALw_wcB\">Tim Sports<\/a> et cycliste dans l&rsquo;\u00e2me.<\/p>\n<h2 dir=\"ltr\"><strong><span style=\"color: #abd132;\">Avant de parler de TIM, peux-tu nous parler de toi ?<\/span><\/strong><\/h2>\n<p dir=\"ltr\">Je m&rsquo;appelle J\u00e9r\u00f4me, avant de cr\u00e9er TIM Sports je travaillais dans la gestion d&rsquo;actifs \u00e0 la Financi\u00e8re de l\u2019\u00c9chiquier en tant que commercial. J&rsquo;\u00e9tais un grand v\u00e9lotafeur car depuis plus de 17 ans je me d\u00e9place \u00e0 v\u00e9lo dans Paris pour mon d\u00e9placement professionnel et domicile-travail.<\/p>\n<h2 dir=\"ltr\"><strong><span style=\"color: #abd132;\">Qu\u2019est-ce qui t\u2019as pouss\u00e9 \u00e0 te lancer dans l\u2019entreprenariat ?<\/span><\/strong><\/h2>\n<p dir=\"ltr\">Une id\u00e9e commune que l\u2019on a eue avec <a href=\"https:\/\/www.linkedin.com\/in\/alain-atlani-45b4863\/\">Alain<\/a>, mon associ\u00e9. Le monde de l\u2019entreprenariat nous a attir\u00e9 et on a d\u00e9cid\u00e9 de cr\u00e9er TIM car nous avons voulu cr\u00e9er un concept qui nous manquait lors du salariat : une mobilit\u00e9 douce plus accessible pour tous gr\u00e2ce au v\u00e9lo.<\/p>\n<p dir=\"ltr\"><img loading=\"lazy\" decoding=\"async\" class=\"alignnone wp-image-17924 size-full\" src=\"https:\/\/geolocaux.com\/blog\/wp-content\/uploads\/2022\/05\/La-TIM-2022.jpg\" alt=\"tea\" width=\"2048\" height=\"1368\" srcset=\"https:\/\/www.geolocaux.com\/blog\/wp-content\/uploads\/2022\/05\/La-TIM-2022.jpg 2048w, https:\/\/www.geolocaux.com\/blog\/wp-content\/uploads\/2022\/05\/La-TIM-2022-300x200.jpg 300w, https:\/\/www.geolocaux.com\/blog\/wp-content\/uploads\/2022\/05\/La-TIM-2022-1024x684.jpg 1024w, https:\/\/www.geolocaux.com\/blog\/wp-content\/uploads\/2022\/05\/La-TIM-2022-1536x1026.jpg 1536w, https:\/\/www.geolocaux.com\/blog\/wp-content\/uploads\/2022\/05\/La-TIM-2022-737x492.jpg 737w\" sizes=\"auto, (max-width: 2048px) 100vw, 2048px\" \/><\/p>\n<h2 dir=\"ltr\"><strong><span style=\"color: #abd132;\">Si tu devais pr\u00e9senter TIM<\/span><\/strong><strong><span style=\"color: #abd132;\">\u00a0en un tweet (moins de 280 caract\u00e8res), \u00e7a donnerait quoi ?<\/span><\/strong><\/h2>\n<p dir=\"ltr\">TIM Sports est un service sur-mesure de location de v\u00e9lo de fonction et de flotte de v\u00e9los \u00e9lectriques pour les entreprises. Nous aidons \u00e0 am\u00e9liorer la mobilit\u00e9 quotidienne des salari\u00e9s et \u00e0 participer \u00e0 leur bien-\u00eatre.<\/p>\n<h2 dir=\"ltr\"><strong><span style=\"color: #abd132;\">C&rsquo;est un peu court comme pr\u00e9sentation, tu peux nous en dire plus ?<\/span><\/strong><\/h2>\n<p dir=\"ltr\">Nous travaillons en collaboration avec des marques fran\u00e7aises pour assurer la qualit\u00e9 des v\u00e9los, des accessoires et du service apr\u00e8s-vente. La s\u00e9curit\u00e9 est au c\u0153ur de nos pr\u00e9occupations, c\u2019est pour cela que notre offre est compl\u00e8te et qualitative : cadenas et casque inclus, assurances, assistance rapatriement, num\u00e9ro Paravol, de nombreux autres services pour am\u00e9liorer l&rsquo;exp\u00e9rience client.<\/p>\n<h2 dir=\"ltr\"><strong><span style=\"color: #abd132;\">Qui sont tes associ\u00e9s ? Quels sont leurs r\u00f4les ?<\/span><\/strong><\/h2>\n<p dir=\"ltr\">Alain, notre Directeur G\u00e9n\u00e9ral qui est en charge de l&rsquo;administratif et du financier. Il g\u00e8re \u00e9galement toute la gestion avec les fournisseurs ainsi que le d\u00e9veloppement de notre outil digital TIM Manager. Pour ma part, je suis en charge du d\u00e9veloppement commercial et de la communication\/marketing.<\/p>\n<h2 dir=\"ltr\"><strong><span style=\"color: #abd132;\">Allez-vous<\/span><\/strong><strong><span style=\"color: #abd132;\">\u00a0au bureau \u00e0 v\u00e9lo ?<\/span><\/strong><\/h2>\n<p dir=\"ltr\">Bien s\u00fbr ! Et pas que\u2026 Je suis un adepte du v\u00e9lo depuis toujours. Pour moi, le v\u00e9lo est bien plus qu\u2019un moyen de transport c\u2019est une passion.\u00a0Je roule tous les week-end en Chevreuse et j&rsquo;aime partir m&rsquo;\u00e9chapper grimper les cols dans les Alpes ou le Mont Ventoux.<\/p>\n<p dir=\"ltr\"><img loading=\"lazy\" decoding=\"async\" class=\"alignnone wp-image-17925 size-full\" src=\"https:\/\/geolocaux.com\/blog\/wp-content\/uploads\/2022\/05\/IMG_4151.jpg\" alt=\"\" width=\"1536\" height=\"2048\" srcset=\"https:\/\/www.geolocaux.com\/blog\/wp-content\/uploads\/2022\/05\/IMG_4151.jpg 1536w, https:\/\/www.geolocaux.com\/blog\/wp-content\/uploads\/2022\/05\/IMG_4151-225x300.jpg 225w, https:\/\/www.geolocaux.com\/blog\/wp-content\/uploads\/2022\/05\/IMG_4151-768x1024.jpg 768w, https:\/\/www.geolocaux.com\/blog\/wp-content\/uploads\/2022\/05\/IMG_4151-1152x1536.jpg 1152w, https:\/\/www.geolocaux.com\/blog\/wp-content\/uploads\/2022\/05\/IMG_4151-737x983.jpg 737w\" sizes=\"auto, (max-width: 1536px) 100vw, 1536px\" \/><\/p>\n<h2 dir=\"ltr\"><strong><span style=\"color: #abd132;\">Tu dirais quoi \u00e0 une personne qui h\u00e9site encore \u00e0 prendre son v\u00e9lo pour aller travailler ?<\/span><\/strong><\/h2>\n<p dir=\"ltr\">Entre les bouchons, le prix de l&rsquo;essence et les transports en commun bond\u00e9s, il est temps de penser au v\u00e9lo. Vous avez d\u00e9sormais des pistes cyclables s\u00e9curis\u00e9es et vous allez pratiquer une activit\u00e9 physique quotidienne ainsi que gagner du temps sur vos trajets domicile\/travail. Nous sommes en partenariat avec la solution \u201c<a href=\"https:\/\/www.geolocaux.com\/services\/professionnel\/mes-employes.html\">Mes employ\u00e9s<\/a>\u201d par Geolocaux. C\u2019est un outil qui permet aux entreprises de calculer le temps de trajet domicile-travail de leurs collaborateurs et d\u2019optimiser leurs trajets en leur proposant la solution la plus adapt\u00e9e. De quoi \u00eatre s\u00fbr \u00e0 100% que le v\u00e9lo soit la meilleure solution !<\/p>\n<h2 dir=\"ltr\"><strong><span style=\"color: #abd132;\">Des perspectives d&rsquo;avenir pour 2022\/2023 ?<\/span><\/strong><\/h2>\n<p dir=\"ltr\">Se d\u00e9velopper partout en France avec le recrutement de commerciaux et de m\u00e9caniciens.<\/p>\n<hr \/>\n<p>Retrouver toutes les informations sur\u00a0<a href=\"https:\/\/www.geolocaux.com\/blog\/mes-employes\/etudes-temps-de-trajet-domicile-travail-de-vos-salaries\/\">notre outil Mes Employ\u00e9s<\/a> et d\u00e9couvrez <a href=\"https:\/\/www.geolocaux.com\/blog\/actualites\/le-velo-en-entreprise\/\">la pr\u00e9sentation de Tim Sports<\/a> en int\u00e9gralit\u00e9.<\/p>\n","protected":false},"excerpt":{"rendered":"<p>Aujourd&rsquo;hui nous partons \u00e0 la rencontre de J\u00e9r\u00f4me Blanc associ\u00e9 fondateur de la soci\u00e9t\u00e9 Tim Sports et cycliste dans l&rsquo;\u00e2me. Avant de parler de TIM, peux-tu nous parler de toi ? Je m&rsquo;appelle J\u00e9r\u00f4me, avant de cr\u00e9er TIM Sports je&#8230;<\/p>\n","protected":false},"author":134,"featured_media":17924,"comment_status":"closed","ping_status":"open","sticky":false,"template":"","format":"standard","meta":{"_acf_changed":false,"footnotes":""},"categories":[147],"tags":[1599,841,112],"class_list":["post-17922","post","type-post","status-publish","format-standard","has-post-thumbnail","hentry","category-actualites","tag-mobilites","tag-trajet-domicile-travail","tag-velo"],"acf":[],"thumbnail":"https:\/\/www.geolocaux.com\/blog\/wp-content\/uploads\/2022\/05\/La-TIM-2022-737x492.webp","partenaire":"","category":"Actualit\u00e9s","_links":{"self":[{"href":"https:\/\/www.geolocaux.com\/blog\/wp-json\/wp\/v2\/posts\/17922","targetHints":{"allow":["GET"]}}],"collection":[{"href":"https:\/\/www.geolocaux.com\/blog\/wp-json\/wp\/v2\/posts"}],"about":[{"href":"https:\/\/www.geolocaux.com\/blog\/wp-json\/wp\/v2\/types\/post"}],"author":[{"embeddable":true,"href":"https:\/\/www.geolocaux.com\/blog\/wp-json\/wp\/v2\/users\/134"}],"replies":[{"embeddable":true,"href":"https:\/\/www.geolocaux.com\/blog\/wp-json\/wp\/v2\/comments?post=17922"}],"version-history":[{"count":7,"href":"https:\/\/www.geolocaux.com\/blog\/wp-json\/wp\/v2\/posts\/17922\/revisions"}],"predecessor-version":[{"id":20201,"href":"https:\/\/www.geolocaux.com\/blog\/wp-json\/wp\/v2\/posts\/17922\/revisions\/20201"}],"wp:featuredmedia":[{"embeddable":true,"href":"https:\/\/www.geolocaux.com\/blog\/wp-json\/wp\/v2\/media\/17924"}],"wp:attachment":[{"href":"https:\/\/www.geolocaux.com\/blog\/wp-json\/wp\/v2\/media?parent=17922"}],"wp:term":[{"taxonomy":"category","embeddable":true,"href":"https:\/\/www.geolocaux.com\/blog\/wp-json\/wp\/v2\/categories?post=17922"},{"taxonomy":"post_tag","embeddable":true,"href":"https:\/\/www.geolocaux.com\/blog\/wp-json\/wp\/v2\/tags?post=17922"}],"curies":[{"name":"wp","href":"https:\/\/api.w.org\/{rel}","templated":true}]}}