{"id":17888,"date":"2022-04-21T11:15:34","date_gmt":"2022-04-21T09:15:34","guid":{"rendered":"https:\/\/blog.geolocaux.com\/?p=17888"},"modified":"2025-09-23T14:38:57","modified_gmt":"2025-09-23T12:38:57","slug":"etudes-temps-de-trajet-domicile-travail-de-vos-salaries","status":"publish","type":"post","link":"https:\/\/www.geolocaux.com\/blog\/actualites\/etudes-temps-de-trajet-domicile-travail-de-vos-salaries\/","title":{"rendered":"Mes Employ\u00e9s : Etudes sur le temps de trajet domicile-travail de vos salari\u00e9s !"},"content":{"rendered":"<p>Accompagn\u00e9 par nos experts en mobilit\u00e9 et en immobilier, agissez sur le confort de vos salari\u00e9s en analysant leur trajet domicile-travail avec notre solution \u00ab <a href=\"https:\/\/www.geolocaux.com\/services\/professionnel\/mes-employes.html\">Mes Employ\u00e9s<\/a> \u00bb. Obtenez\u00a0<span class=\"green\">une \u00e9tude personnalis\u00e9e sur le trajet domicile-travail de vos salari\u00e9s<\/span> en moins de 48h gr\u00e2ce \u00e0 nos experts.<\/p>\n<p><img loading=\"lazy\" decoding=\"async\" class=\"alignnone wp-image-17891 size-full\" src=\"https:\/\/geolocaux.com\/blog\/wp-content\/uploads\/2022\/04\/plan-de-mobilite\u0301.png\" alt=\"\" width=\"2880\" height=\"1584\" srcset=\"https:\/\/www.geolocaux.com\/blog\/wp-content\/uploads\/2022\/04\/plan-de-mobilite\u0301.png 2880w, https:\/\/www.geolocaux.com\/blog\/wp-content\/uploads\/2022\/04\/plan-de-mobilite\u0301-300x165.png 300w, https:\/\/www.geolocaux.com\/blog\/wp-content\/uploads\/2022\/04\/plan-de-mobilite\u0301-1024x563.png 1024w, https:\/\/www.geolocaux.com\/blog\/wp-content\/uploads\/2022\/04\/plan-de-mobilite\u0301-1536x845.png 1536w, https:\/\/www.geolocaux.com\/blog\/wp-content\/uploads\/2022\/04\/plan-de-mobilite\u0301-2048x1126.png 2048w, https:\/\/www.geolocaux.com\/blog\/wp-content\/uploads\/2022\/04\/plan-de-mobilite\u0301-737x405.png 737w\" sizes=\"auto, (max-width: 2880px) 100vw, 2880px\" \/><\/p>\n<h2 class=\"subtitle\"><strong><span style=\"color: #abd132;\">Trajet domicile-travail <span class=\"green\">la cl\u00e9 du confort de vos salari\u00e9s<\/span><\/span><\/strong><\/h2>\n<p>Notre solution \u00ab\u00a0Mes Employ\u00e9s\u00a0\u00bb permet de r\u00e9aliser :<\/p>\n<ul>\n<li><strong>Diagnostic du trajet domicile-travail de vos salari\u00e9s<\/strong> : Optez pour une cartographie pr\u00e9cise de l\u2019ensemble de vos salari\u00e9s. Consid\u00e9rez le mode de transport pr\u00e9f\u00e9rentiel : voiture, v\u00e9lo, transport en commun et mettez en avant les cas \u00ab sensibles \u00bb pour trouver des solutions adapt\u00e9es<\/li>\n<li><strong>Mesurez l\u2019impact de votre d\u00e9m\u00e9nagement<\/strong> : Comparez les temps de trajets en fonction de vos implantation futures pour mettre en avant les cas \u00ab favorables \u00bb et les cas \u00ab sensibles \u00bb. Notre \u00e9tude vous pr\u00e9pare un rapport sur-mesure adapt\u00e9 \u00e0 chaque situation.<\/li>\n<li><strong>Trouvez votre implantation id\u00e9ale<\/strong> : Nous consid\u00e9rons vos crit\u00e8res de recherche immobili\u00e8re (surface, budget\u2026), nous classons les meilleures implantations en temps moyen et m\u00e9dian. Visualisez sur une cartographie et un isochrone l\u2019ensemble de vos salari\u00e9s pour vous aider dans votre d\u00e9cision.<\/li>\n<li><strong>Mettez en place un \u00ab Plan de Mobilit\u00e9 \u00bb<\/strong> : Am\u00e9lioration des conditions de travail gr\u00e2ce \u00e0 un outil de dialogue social, diminution des frais de d\u00e9placement de vos salari\u00e9s, mise en avant des b\u00e9n\u00e9fices environnementaux.<\/li>\n<li><strong>Ma\u00eetrisez l\u2019empreinte carbone de vos salari\u00e9s<\/strong> : Dans le cadre de la r\u00e9alisation de votre <a href=\"https:\/\/www.geolocaux.com\/blog\/mes-employes\/calcule-bilan-carbone-trajet-domicile-travail\/\">bilan carbone entreprise<\/a>, nous sommes en mesure de vous communiquer les \u00e9missions de GES globales et pour chaque salari\u00e9 selon son mode de transport. Nous vous proposons des modes de transport plus \u00e9cologiques si disponible et des solutions d\u2019implantation pour r\u00e9duire l\u2019empreinte carbone de votre entreprise.<\/li>\n<li><strong>Facilitez la mise en place du t\u00e9l\u00e9travail<\/strong> : Adaptez le rythme de t\u00e9l\u00e9travail en fonction des trajets quotidiens, obtenez une cartographie des tiers-lieux\u00a0et un accompagnement pour la transition vers ces espaces.<\/li>\n<\/ul>\n<p><img loading=\"lazy\" decoding=\"async\" class=\"alignnone wp-image-17892 size-full\" src=\"https:\/\/geolocaux.com\/blog\/wp-content\/uploads\/2022\/04\/teletravail.png\" alt=\"\" width=\"2880\" height=\"1528\" srcset=\"https:\/\/www.geolocaux.com\/blog\/wp-content\/uploads\/2022\/04\/teletravail.png 2880w, https:\/\/www.geolocaux.com\/blog\/wp-content\/uploads\/2022\/04\/teletravail-300x159.png 300w, https:\/\/www.geolocaux.com\/blog\/wp-content\/uploads\/2022\/04\/teletravail-1024x543.png 1024w, https:\/\/www.geolocaux.com\/blog\/wp-content\/uploads\/2022\/04\/teletravail-1536x815.png 1536w, https:\/\/www.geolocaux.com\/blog\/wp-content\/uploads\/2022\/04\/teletravail-2048x1087.png 2048w, https:\/\/www.geolocaux.com\/blog\/wp-content\/uploads\/2022\/04\/teletravail-737x391.png 737w\" sizes=\"auto, (max-width: 2880px) 100vw, 2880px\" \/><\/p>\n<h2 class=\"subtitle\"><strong><span style=\"color: #abd132;\">Consid\u00e9rez\u00a0<span class=\"green\">vos salari\u00e9s !<\/span><\/span><\/strong><\/h2>\n<div class=\"row\">\n<div class=\"item\">60% : des salari\u00e9s placent le temps de trajet en priorit\u00e9 avant le salaire dans le choix d\u2019un emploi.<\/div>\n<div class=\"item\">52% : des salari\u00e9s sont pr\u00eats \u00e0 r\u00e9duire leur salaire pour travailler \u00e0 moins de 20 min de chez eux.<\/div>\n<div class=\"item\">69% : des fran\u00e7ais voudraient quitter leur emploi pour un autre plus pr\u00e8s de chez eux.<\/div>\n<\/div>\n<div>\n<h2 class=\"\"><strong><span style=\"color: #abd132;\">Agissez sur le\u00a0<span class=\"green\">confort de vos salari\u00e9s, comment ?<\/span><\/span><\/strong><\/h2>\n<div class=\"row\">\n<ul>\n<li class=\"item\">D\u00e9posez votre demande : Notre \u00e9quipe d\u2019experts analyse la faisabilit\u00e9 de votre demande.<\/li>\n<li class=\"item\">Obtenez un devis : Selon votre enjeu, la taille de votre entreprise et le nombre de salari\u00e9s.<\/li>\n<li class=\"item\">Transmettez vos donn\u00e9es : Vous nous fournissez un fichier EXCEL anonymis\u00e9 des matricules de vos salari\u00e9s.<\/li>\n<li class=\"item\">D\u00e9marrez votre projet : Notre \u00e9quipe met \u00e0 disposition votre \u00e9tude sous 48H !<\/li>\n<\/ul>\n<\/div>\n<\/div>\n","protected":false},"excerpt":{"rendered":"<p>Accompagn\u00e9 par nos experts en mobilit\u00e9 et en immobilier, agissez sur le confort de vos salari\u00e9s en analysant leur trajet domicile-travail avec notre solution \u00ab Mes Employ\u00e9s \u00bb. Obtenez\u00a0une \u00e9tude personnalis\u00e9e sur le trajet domicile-travail de vos salari\u00e9s en moins&#8230;<\/p>\n","protected":false},"author":2,"featured_media":17904,"comment_status":"closed","ping_status":"open","sticky":false,"template":"","format":"standard","meta":{"_acf_changed":false,"footnotes":""},"categories":[147],"tags":[1609,463,749,953],"class_list":["post-17888","post","type-post","status-publish","format-standard","has-post-thumbnail","hentry","category-actualites","tag-domicile-travail","tag-qvt","tag-rse","tag-temps-de-trajet"],"acf":[],"thumbnail":"https:\/\/www.geolocaux.com\/blog\/wp-content\/uploads\/2022\/04\/mes-employes-05-737x454.webp","partenaire":"","category":"Actualit\u00e9s","_links":{"self":[{"href":"https:\/\/www.geolocaux.com\/blog\/wp-json\/wp\/v2\/posts\/17888","targetHints":{"allow":["GET"]}}],"collection":[{"href":"https:\/\/www.geolocaux.com\/blog\/wp-json\/wp\/v2\/posts"}],"about":[{"href":"https:\/\/www.geolocaux.com\/blog\/wp-json\/wp\/v2\/types\/post"}],"author":[{"embeddable":true,"href":"https:\/\/www.geolocaux.com\/blog\/wp-json\/wp\/v2\/users\/2"}],"replies":[{"embeddable":true,"href":"https:\/\/www.geolocaux.com\/blog\/wp-json\/wp\/v2\/comments?post=17888"}],"version-history":[{"count":9,"href":"https:\/\/www.geolocaux.com\/blog\/wp-json\/wp\/v2\/posts\/17888\/revisions"}],"predecessor-version":[{"id":20599,"href":"https:\/\/www.geolocaux.com\/blog\/wp-json\/wp\/v2\/posts\/17888\/revisions\/20599"}],"wp:featuredmedia":[{"embeddable":true,"href":"https:\/\/www.geolocaux.com\/blog\/wp-json\/wp\/v2\/media\/17904"}],"wp:attachment":[{"href":"https:\/\/www.geolocaux.com\/blog\/wp-json\/wp\/v2\/media?parent=17888"}],"wp:term":[{"taxonomy":"category","embeddable":true,"href":"https:\/\/www.geolocaux.com\/blog\/wp-json\/wp\/v2\/categories?post=17888"},{"taxonomy":"post_tag","embeddable":true,"href":"https:\/\/www.geolocaux.com\/blog\/wp-json\/wp\/v2\/tags?post=17888"}],"curies":[{"name":"wp","href":"https:\/\/api.w.org\/{rel}","templated":true}]}}