{"id":17705,"date":"2022-03-01T12:00:17","date_gmt":"2022-03-01T10:00:17","guid":{"rendered":"https:\/\/blog.geolocaux.com\/?p=17705"},"modified":"2025-01-08T12:04:30","modified_gmt":"2025-01-08T10:04:30","slug":"procedure-sauvegarde","status":"publish","type":"post","link":"https:\/\/www.geolocaux.com\/blog\/conseils\/procedure-sauvegarde\/","title":{"rendered":"Proc\u00e9dures collectives : la proc\u00e9dure de sauvegarde"},"content":{"rendered":"<p>L\u2019expression \u00ab proc\u00e9dures collectives \u00bb d\u00e9signe l\u2019ensemble des <strong>proc\u00e9dures judiciaires<\/strong> applicables aux <strong>entreprises<\/strong> rencontrant des <strong>difficult\u00e9s financi\u00e8res<\/strong>. L\u2019une de leurs finalit\u00e9s est de <strong>r\u00e9gler le sort des cr\u00e9anciers<\/strong>.<\/p>\n<p>Une entreprise en difficult\u00e9 pourra b\u00e9n\u00e9ficier de <strong>trois<\/strong> proc\u00e9dures diff\u00e9rentes, en fonction de la <strong>situation financi\u00e8re<\/strong> dans laquelle elle se trouve et de l\u2019<strong>\u00e9tendue des difficult\u00e9s <\/strong>qu\u2019elle rencontre\u00a0: une proc\u00e9dure de <strong>sauvegarde<\/strong>, une proc\u00e9dure de <a href=\"https:\/\/www.geolocaux.com\/blog\/conseils\/procedures-collectives-redressement-judiciaire\/\"><strong>redressement<\/strong><\/a> ou une proc\u00e9dure de <a href=\"https:\/\/www.geolocaux.com\/blog\/conseils\/procedures-collectives-liquidation-judiciaire\/\"><strong>liquidation<\/strong><\/a>.<\/p>\n<p>Int\u00e9ressons-nous aujourd\u2019hui \u00e0 la premi\u00e8re d\u2019entre elles, la proc\u00e9dure de sauvegarde. Inspir\u00e9e du droit f\u00e9d\u00e9ral am\u00e9ricain, elle a \u00e9t\u00e9 introduite en droit fran\u00e7ais en 2005 et est r\u00e9gie par les <a href=\"https:\/\/www.legifrance.gouv.fr\/codes\/section_lc\/LEGITEXT000005634379\/LEGISCTA000006133197\/#LEGISCTA000006133197\">articles L. 620-1 et suivants du Code de commerce<\/a>.<\/p>\n<h2><span style=\"color: #abd132;\"><strong>Qu\u2019est-ce qu\u2019une proc\u00e9dure de sauvegarde<\/strong>\u00a0<strong>?<\/strong><\/span><\/h2>\n<p>La proc\u00e9dure de sauvegarde est une proc\u00e9dure collective \u00e0 laquelle un d\u00e9biteur peut se soumettre de mani\u00e8re <strong>volontaire<\/strong>, lorsqu\u2019il rencontre des <strong>difficult\u00e9s financi\u00e8res qu\u2019il n\u2019arrive pas \u00e0 surmonter<\/strong>. Pour autant, <strong>il ne doit pas \u00eatre en \u00e9tat de cessation des paiements<\/strong>. La proc\u00e9dure de sauvegarde constitue, en quelque sorte, le \u00ab\u00a01<sup>er<\/sup> degr\u00e9\u00a0\u00bb de la proc\u00e9dure collective. Son objectif est de <strong>r\u00e9organiser l\u2019entreprise<\/strong> afin qu\u2019elle puisse <strong>poursuivre son activit\u00e9 \u00e9conomique, maintenir l\u2019emploi<\/strong> et<strong> apurer son passif<\/strong>. Autrement dit, il s\u2019agit de<strong> sauver<\/strong> l\u2019entreprise en difficult\u00e9.<\/p>\n<h2><span style=\"color: #abd132;\"><strong>Qui peut b\u00e9n\u00e9ficier de cette proc\u00e9dure\u00a0? <\/strong><\/span><\/h2>\n<p>La proc\u00e9dure de sauvegarde b\u00e9n\u00e9ficie \u00e0 toute <strong>personne physique<\/strong> qui exerce une activit\u00e9 <strong>commerciale, artisanale, agricole <\/strong>ou <strong>lib\u00e9rale<\/strong> ainsi qu\u2019\u00e0 toute <strong>personne morale de droit priv\u00e9<\/strong> \u00e0 condition qu\u2019elle ne soit pas en \u00e9tat de cessation des paiements.<\/p>\n<h2><span style=\"color: #abd132;\"><strong>Comment se d\u00e9roule la proc\u00e9dure de sauvegarde ?<\/strong><\/span><\/h2>\n<p>Avant toute chose, pr\u00e9cisons que la proc\u00e9dure de sauvegarde est une <strong>proc\u00e9dure judiciaire<\/strong>. Elle se d\u00e9roule donc devant le juge.<\/p>\n<p>Par ailleurs, la proc\u00e9dure ne peut \u00eatre ouverte qu\u2019\u00e0 <strong>l\u2019initiative du d\u00e9biteur<\/strong> personne physique ou, s\u2019il s\u2019agit d\u2019une personne morale, de son repr\u00e9sentant. La comp\u00e9tence du juge varie selon la nature de l\u2019activit\u00e9 du d\u00e9biteur. S\u2019il exerce une activit\u00e9 commerciale ou artisanale, le tribunal comp\u00e9tent est celui de commerce. Dans les autres cas, il s\u2019agit du juge judiciaire.<\/p>\n<p>Une fois d\u00e9sign\u00e9, le juge rend un <strong>jugement d\u2019ouverture<\/strong> qui marque le d\u00e9but de la proc\u00e9dure. Ce jugement d\u00e9signe les organes de la proc\u00e9dure (parmi lesquels le mandataire judiciaire, l\u2019administrateur judiciaire et le juge-commissaire*) et d\u00e9termine des mesures de pr\u00e9servation des actifs (qui consistent en l\u2019\u00e9tablissement d\u2019un inventaire).<\/p>\n<p>S\u2019ensuit une <strong>p\u00e9riode d\u2019observation<\/strong>, d\u2019une dur\u00e9e maximum de 6 mois renouvelable 2 fois, qui permet de faire un <strong>\u00e9tat des lieux<\/strong> de la situation financi\u00e8re de l\u2019entreprise. Il s\u2019agit de d\u00e9terminer les causes et l\u2019\u00e9tendue des difficult\u00e9s rencontr\u00e9es par l\u2019entreprise et, surtout, si elles peuvent \u00eatre surmont\u00e9es.<\/p>\n<p>Le cas \u00e9chant, la p\u00e9riode d\u2019observation s\u2019ach\u00e8ve par l\u2019\u00e9laboration de <strong>plan de sauvegarde<\/strong>. Il comprend un ensemble de mesures qui permettent de <strong>r\u00e9organiser l\u2019entreprise<\/strong> et <strong>apurer son passif<\/strong>. Le plan peut par exemple pr\u00e9voir des licenciements, la suppression d\u2019une branche d\u2019activit\u00e9, une modification des statuts, la cession de parts sociales, des d\u00e9lais de paiement ou encore des remises de dettes.<\/p>\n<h2><span style=\"color: #abd132;\"><strong>Quelles sont les cons\u00e9quences de l\u2019ouverture d\u2019une proc\u00e9dure de sauvegarde\u00a0? <\/strong><\/span><\/h2>\n<p>Concernant les cons\u00e9quences de l\u2019ouverture d\u2019une proc\u00e9dure de sauvegarde, il faut distinguer la situation du d\u00e9biteur de celle des cr\u00e9anciers.<\/p>\n<ul>\n<li>\u00c0 propos du <strong>d\u00e9biteur<\/strong>, la proc\u00e9dure de sauvegarde est la proc\u00e9dure qui affecte le moins la situation de l\u2019entreprise qui en b\u00e9n\u00e9ficie.<\/li>\n<\/ul>\n<p>Le d\u00e9biteur continue d\u2019exercer sur son patrimoine les <strong>actes de disposition, de conservation <\/strong>et <strong>d\u2019administration<\/strong>. Concr\u00e8tement, cela signifie qu\u2019il peut exercer les actes qui rel\u00e8vent de la <strong>gestion courante<\/strong> de l\u2019entreprise, c\u2019est-\u00e0-dire les actes r\u00e9p\u00e9t\u00e9s qui garantissent son <strong>fonctionnement quotidien<\/strong>. Il pourra, par exemple, conclure un contrat de commande pour les besoins de son entreprise ou un contrat pour assurer la livraison de certaines de ses marchandises.<\/p>\n<p>Par ailleurs, lorsqu\u2019un administrateur judiciaire est nomm\u00e9, il peut contr\u00f4ler, dans le cadre d\u2019une <strong>mission de surveillance<\/strong>, les actes effectu\u00e9s par le d\u00e9biteur.<\/p>\n<p>Le d\u00e9biteur conserve, en outre, ses <strong>droits extrapatrimoniaux et ses droits propres<\/strong>*.<\/p>\n<p>Toutefois, le jugement d\u2019ouverture <strong>limite la marge de man\u0153uvre<\/strong> du d\u00e9biteur. Il lui <strong>interdit<\/strong>, en effet, le <strong>paiement<\/strong> de toutes les <strong>cr\u00e9ances<\/strong> ant\u00e9rieures \u00e0 son prononc\u00e9, \u00e0 l\u2019exception des cr\u00e9ances alimentaires. Cette interdiction s\u2019\u00e9tend \u00e9galement \u00e0 certaines cr\u00e9ances post\u00e9rieures au jugement d\u2019ouverture. Une d\u00e9rogation reste cependant possible pour certaines cr\u00e9ances sur autorisation du juge-commissaire.<\/p>\n<p>Par ailleurs, le <a href=\"https:\/\/www.legifrance.gouv.fr\/codes\/article_lc\/LEGIARTI000044052577\">Code de commerce<\/a> \u00e9num\u00e8re une liste d\u2019actes consid\u00e9r\u00e9s comme <strong>graves<\/strong> et dont l\u2019accomplissement durant la p\u00e9riode d\u2019observation est <strong>subordonn\u00e9 \u00e0 l\u2019autorisation<\/strong> du juge-commissaire. Le d\u00e9biteur ne pourra pas, par exemple, consentir librement une <a href=\"https:\/\/www.geolocaux.com\/blog\/conseils\/cession-fonds-commerce\/\">cession de fonds de commerce<\/a> ou un <a href=\"https:\/\/www.geolocaux.com\/blog\/conseils\/apport-societe-nantissement-fonds-de-commerce\/\">nantissement<\/a>.<\/p>\n<p>Apr\u00e8s l\u2019\u00e9laboration du plan, le dirigeant retrouve l\u2019int\u00e9gralit\u00e9 de ses pouvoirs mais doit cependant se soumettre \u00e0 son ex\u00e9cution. \u00c0 d\u00e9faut, le dirigeant peut notamment engager sa responsabilit\u00e9 civile.<\/p>\n<ul>\n<li>\u00c0 propos des <strong>cr\u00e9anciers<\/strong>, le jugement d\u2019ouverture entra\u00eene 3 cons\u00e9quences.<\/li>\n<\/ul>\n<p>Premi\u00e8rement, il <strong>interdit les poursuites individuelles<\/strong>. Cela signifie que les cr\u00e9anciers ne peuvent pas exercer certaines actions en justice \u00e0 l\u2019encontre du d\u00e9biteur. Plus pr\u00e9cis\u00e9ment, il leur est interdit d\u2019exercer une action visant \u00e0 obtenir la r\u00e9solution d\u2019un contrat pour d\u00e9faut de paiement d\u2019une somme d\u2019argent ou le paiement d\u2019une somme d\u2019argent. De m\u00eame, les voies d\u2019ex\u00e9cution sont interdites.<\/p>\n<p>Deuxi\u00e8mement, il <strong>interdit<\/strong> aux cr\u00e9anciers d\u2019<strong>obtenir<\/strong> ou d\u2019<strong>inscrire<\/strong> une <strong>garantie<\/strong> sur un bien du d\u00e9biteur.<\/p>\n<p>Troisi\u00e8mement, il <strong>suspend le cours des int\u00e9r\u00eats<\/strong> l\u00e9gaux et conventionnels courants contre le d\u00e9biteur.<\/p>\n<h2><span style=\"color: #abd132;\"><strong>Quelle est l\u2019issue d\u2019une proc\u00e9dure de sauvegarde\u00a0? <\/strong><\/span><\/h2>\n<p>La proc\u00e9dure de sauvegarde conduit \u00e0 2 issues\u00a0: l\u2019<strong>adoption du plan de sauvegarde <\/strong>qui doit permettre de r\u00e9soudre les difficult\u00e9s rencontr\u00e9es par l\u2019entreprise ou, si cela n\u2019est pas possible, la <strong>conversion <\/strong>de la proc\u00e9dure de sauvegarde en une autre proc\u00e9dure.<\/p>\n<p><em>\u00c0 noter que si les difficult\u00e9s rencontr\u00e9es disparaissent durant la p\u00e9riode d\u2019observation, le d\u00e9biteur pourra demander la fin de la proc\u00e9dure. <\/em><\/p>\n<h2><span style=\"color: #abd132;\"><strong>Qu\u2019est-ce que la conversion de la proc\u00e9dure de sauvegarde\u00a0?<\/strong><\/span><\/h2>\n<p>S\u2019il appara\u00eet, \u00e0 l\u2019issue de la p\u00e9riode d\u2019observation, que le d\u00e9biteur n\u2019est <strong>pas en mesure de faire face aux difficult\u00e9s<\/strong> qu\u2019il rencontre alors la proc\u00e9dure de sauvegarde sera <strong>convertie <\/strong>en proc\u00e9dure de <a href=\"https:\/\/www.geolocaux.com\/blog\/conseils\/procedures-collectives-redressement-judiciaire\/\">redressement<\/a> voire en <a href=\"https:\/\/www.geolocaux.com\/blog\/conseils\/procedures-collectives-liquidation-judiciaire\/\">liquidation judiciaire<\/a> selon les circonstances. Concr\u00e8tement, la proc\u00e9dure de sauvegarde sera convertie si le d\u00e9biteur se retrouve en <strong>\u00e9tat de cessation des paiements<\/strong> durant la p\u00e9riode d\u2019observation.<\/p>\n<p>Par ailleurs, la proc\u00e9dure de sauvegarde sera \u00e9galement convertie s\u2019il est constat\u00e9 que <strong>l\u2019ex\u00e9cution du plan est impossible<\/strong> et que la cl\u00f4ture de la proc\u00e9dure de sauvegarde va conduire \u00e0 un <strong>\u00e9tat de cessation des paiements<\/strong>.<\/p>\n<p>Pour en savoir plus sur l\u2019\u00e9tat de cessation des paiements, rendez-vous la semaine prochaine\u00a0!<\/p>\n<hr \/>\n<p><em>Lexique<\/em><\/p>\n<ul>\n<li>Dans le cadre d\u2019une proc\u00e9dure de sauvegarde ou de redressement, le <strong>mandataire judiciaire<\/strong> repr\u00e9sente et d\u00e9fend l\u2019int\u00e9r\u00eat collectif des cr\u00e9anciers.<\/li>\n<\/ul>\n<p>*L\u2019<strong>administrateur judiciaire<\/strong> participe \u00e0 la gestion de l\u2019entreprise durant la p\u00e9riode d\u2019observation. Il est, en outre, charg\u00e9 de pr\u00e9senter un projet de plan de sauvegarde et participe \u00e0 sa mise en \u0153uvre.<\/p>\n<p>*Personnage-cl\u00e9 de la proc\u00e9dure, le <strong>juge-commissaire<\/strong> est le magistrat charg\u00e9 de veiller \u00e0 son d\u00e9roulement rapide et \u00e0 la protection des int\u00e9r\u00eats du d\u00e9biteur et des cr\u00e9anciers.<\/p>\n<ul>\n<li>Les <strong>droits extrapatrimoniaux <\/strong>du d\u00e9biteur sont ceux attach\u00e9s \u00e0 sa personne (actions en mati\u00e8re de succession ou de divorce par exemple). Ses <strong>droits propres<\/strong> sont ceux relatifs \u00e0 la proc\u00e9dure qu\u2019il exerce seul (le droit \u00e0 \u00eatre entendu ou \u00e0 exercer un recours par exemple).<\/li>\n<\/ul>\n<hr \/>\n<p>Les questions juridiques li\u00e9es \u00e0 l\u2019immobilier d\u2019entreprise et commercial vous int\u00e9ressent ? Alors la cat\u00e9gorie <a href=\"https:\/\/www.geolocaux.com\/blog\/category\/conseils\/\"><em>Conseils<\/em><\/a>\u00a0de notre blog est faite pour vous ! Pour votre recherche immobili\u00e8re, c\u2019est vers les\u00a0annonces immobili\u00e8res\u00a0disponibles sur <a href=\"https:\/\/www.geolocaux.com\/\">Geolocaux<\/a> qu\u2019il faut vous tourner ;).<\/p>\n","protected":false},"excerpt":{"rendered":"<p>L\u2019expression \u00ab proc\u00e9dures collectives \u00bb d\u00e9signe l\u2019ensemble des proc\u00e9dures judiciaires applicables aux entreprises rencontrant des difficult\u00e9s financi\u00e8res. L\u2019une de leurs finalit\u00e9s est de r\u00e9gler le sort des cr\u00e9anciers. Une entreprise en difficult\u00e9 pourra b\u00e9n\u00e9ficier de trois proc\u00e9dures diff\u00e9rentes, en fonction&#8230;<\/p>\n","protected":false},"author":4,"featured_media":17707,"comment_status":"closed","ping_status":"open","sticky":false,"template":"","format":"standard","meta":{"_acf_changed":false,"footnotes":""},"categories":[40],"tags":[],"class_list":["post-17705","post","type-post","status-publish","format-standard","has-post-thumbnail","hentry","category-conseils"],"acf":[],"thumbnail":"https:\/\/www.geolocaux.com\/blog\/wp-content\/uploads\/2022\/02\/Procedure-de-sauvegarde-procedure-collective-737x553.webp","partenaire":"","category":"Conseils","_links":{"self":[{"href":"https:\/\/www.geolocaux.com\/blog\/wp-json\/wp\/v2\/posts\/17705","targetHints":{"allow":["GET"]}}],"collection":[{"href":"https:\/\/www.geolocaux.com\/blog\/wp-json\/wp\/v2\/posts"}],"about":[{"href":"https:\/\/www.geolocaux.com\/blog\/wp-json\/wp\/v2\/types\/post"}],"author":[{"embeddable":true,"href":"https:\/\/www.geolocaux.com\/blog\/wp-json\/wp\/v2\/users\/4"}],"replies":[{"embeddable":true,"href":"https:\/\/www.geolocaux.com\/blog\/wp-json\/wp\/v2\/comments?post=17705"}],"version-history":[{"count":7,"href":"https:\/\/www.geolocaux.com\/blog\/wp-json\/wp\/v2\/posts\/17705\/revisions"}],"predecessor-version":[{"id":20163,"href":"https:\/\/www.geolocaux.com\/blog\/wp-json\/wp\/v2\/posts\/17705\/revisions\/20163"}],"wp:featuredmedia":[{"embeddable":true,"href":"https:\/\/www.geolocaux.com\/blog\/wp-json\/wp\/v2\/media\/17707"}],"wp:attachment":[{"href":"https:\/\/www.geolocaux.com\/blog\/wp-json\/wp\/v2\/media?parent=17705"}],"wp:term":[{"taxonomy":"category","embeddable":true,"href":"https:\/\/www.geolocaux.com\/blog\/wp-json\/wp\/v2\/categories?post=17705"},{"taxonomy":"post_tag","embeddable":true,"href":"https:\/\/www.geolocaux.com\/blog\/wp-json\/wp\/v2\/tags?post=17705"}],"curies":[{"name":"wp","href":"https:\/\/api.w.org\/{rel}","templated":true}]}}