{"id":17353,"date":"2021-11-16T14:47:41","date_gmt":"2021-11-16T12:47:41","guid":{"rendered":"https:\/\/blog.geolocaux.com\/?p=17353"},"modified":"2025-09-23T15:30:54","modified_gmt":"2025-09-23T13:30:54","slug":"emmanuel-mazille-directeur-general-malsh","status":"publish","type":"post","link":"https:\/\/www.geolocaux.com\/blog\/interviews\/emmanuel-mazille-directeur-general-malsh\/","title":{"rendered":"Emmanuel Mazille, directeur g\u00e9n\u00e9ral de MALSH"},"content":{"rendered":"<p>Emmanuel Mazille est le directeur g\u00e9n\u00e9ral de <a href=\"https:\/\/www.geolocaux.com\/agences-immobilier-entreprise\/malsh-realty-60.html\">MALSH<\/a>, nous avons eu l&rsquo;occasion d&rsquo;\u00e9changer avec lui au CIEL (Carrefour de l&rsquo;Immobilier d&rsquo;Entreprise de Lyon) dans le cadre de la diffusion des annonces de son agence sur notre portail :<\/p>\n<h2><span style=\"color: #99cc00;\"><strong>Geolocaux : Parlez-nous de vous et de votre m\u00e9tier<\/strong><\/span><\/h2>\n<p><strong>Emmanuel Mazille : <\/strong>Je m\u2019appelle Emmanuel Mazille, j\u2019ai bient\u00f4t 50 ans dont 18 ans d&rsquo;exp\u00e9rience dans l\u2019immobilier. C\u2019est un m\u00e9tier qui me passionne, j\u2019ai eu la chance de rencontrer beaucoup de personnes de tous les domaines\u00a0: strat\u00e9gique, commercial ou encore juridique. Je suis l\u00e0 pour transmettre ma passion aux plus jeunes et j&rsquo;esp\u00e8re que l\u2019immobilier restera attractif pour les g\u00e9n\u00e9rations qui arrivent.<\/p>\n<p><img loading=\"lazy\" decoding=\"async\" class=\"aligncenter size-large wp-image-17358\" src=\"https:\/\/geolocaux.com\/blog\/wp-content\/uploads\/2021\/11\/Malsh-Emmanuel-Mazille-1024x557.jpg\" alt=\"Malsh Emmanuel Mazille\" width=\"1024\" height=\"557\" srcset=\"https:\/\/www.geolocaux.com\/blog\/wp-content\/uploads\/2021\/11\/Malsh-Emmanuel-Mazille-1024x557.jpg 1024w, https:\/\/www.geolocaux.com\/blog\/wp-content\/uploads\/2021\/11\/Malsh-Emmanuel-Mazille-300x163.jpg 300w, https:\/\/www.geolocaux.com\/blog\/wp-content\/uploads\/2021\/11\/Malsh-Emmanuel-Mazille-737x401.jpg 737w, https:\/\/www.geolocaux.com\/blog\/wp-content\/uploads\/2021\/11\/Malsh-Emmanuel-Mazille.jpg 1242w\" sizes=\"auto, (max-width: 1024px) 100vw, 1024px\" \/><\/p>\n<h2><span style=\"color: #99cc00;\"><strong>Geolocaux : Pouvez-vous nous pr\u00e9senter MALSH ?<\/strong><\/span><\/h2>\n<p><strong>Emmanuel Mazille : <\/strong>Nous sommes sp\u00e9cialistes de la vente et location de bureaux, de locaux commerciaux, de locaux d&rsquo;activit\u00e9 et de terrains. Nous mettons l&rsquo;humain au c\u0153ur de notre projet, c\u2019est une raison d&rsquo;\u00eatre. Pour partager la juste valeur cr\u00e9\u00e9e, le projet MALSH c\u2019est d\u2019avoir une belle \u00e9quipe, agile, comp\u00e9tente et performante. Par ailleurs nous faisons partie de Rexime dont nous \u00e9tions \u00e0 l\u2019origine de la cr\u00e9ation, c\u2019est un r\u00e9seau national de soci\u00e9t\u00e9s de conseil en immobilier d&rsquo;entreprise ind\u00e9pendantes.<\/p>\n<h2><span style=\"color: #99cc00;\"><strong>Geolocaux : Sur quels secteurs intervenez-vous et comment se porte votre march\u00e9 ?<\/strong><\/span><\/h2>\n<p><strong>Emmanuel Mazille : <\/strong>Nous intervenons historiquement sur la r\u00e9gion de Lyon car la soci\u00e9t\u00e9 y a \u00e9t\u00e9 cr\u00e9\u00e9e en 1988. Plus globalement, nous travaillons sur la r\u00e9gion Auvergne-Rh\u00f4ne-Alpes. Le march\u00e9 est dans une bonne dynamique m\u00eame si le march\u00e9 du bureau est assez compliqu\u00e9. Nous allons atteindre nos objectifs notamment gr\u00e2ce aux locaux d\u2019activit\u00e9s dont le march\u00e9 se porte bien gr\u00e2ce \u00e0 une activit\u00e9 \u00e9conomique soutenue. Nous sommes tr\u00e8s d\u00e9pendants de l&rsquo;\u00e9conomie mais restons optimiste, le march\u00e9 des locaux commerciaux semble lui aussi repartir !<\/p>\n<p><img loading=\"lazy\" decoding=\"async\" class=\"aligncenter size-large wp-image-17357\" src=\"https:\/\/geolocaux.com\/blog\/wp-content\/uploads\/2021\/11\/Emmanuel-Mazille-Malsh-Alexis-EstevaoGeolocaux-1024x755.jpeg\" alt=\"Emmanuel Mazille Malsh Alexis EstevaoGeolocaux\" width=\"1024\" height=\"755\" srcset=\"https:\/\/www.geolocaux.com\/blog\/wp-content\/uploads\/2021\/11\/Emmanuel-Mazille-Malsh-Alexis-EstevaoGeolocaux-1024x755.jpeg 1024w, https:\/\/www.geolocaux.com\/blog\/wp-content\/uploads\/2021\/11\/Emmanuel-Mazille-Malsh-Alexis-EstevaoGeolocaux-300x221.jpeg 300w, https:\/\/www.geolocaux.com\/blog\/wp-content\/uploads\/2021\/11\/Emmanuel-Mazille-Malsh-Alexis-EstevaoGeolocaux-1536x1132.jpeg 1536w, https:\/\/www.geolocaux.com\/blog\/wp-content\/uploads\/2021\/11\/Emmanuel-Mazille-Malsh-Alexis-EstevaoGeolocaux-737x543.jpeg 737w, https:\/\/www.geolocaux.com\/blog\/wp-content\/uploads\/2021\/11\/Emmanuel-Mazille-Malsh-Alexis-EstevaoGeolocaux.jpeg 2048w\" sizes=\"auto, (max-width: 1024px) 100vw, 1024px\" \/><\/p>\n<h2><span style=\"color: #99cc00;\"><strong>Geolocaux : Quels sont vos projets pour MALSH ?<\/strong><\/span><\/h2>\n<p><strong>Emmanuel Mazille : <\/strong>Devenir le cabinet ind\u00e9pendant incontournable de la place lyonnaise\u00a0! Nous souhaitons pour cela nous appuyer sur notre service <em>proprety<\/em>\u00a0: administration de bien, gestion locative et syndic de copro. Le but \u00e9tant de fournir un service complet \u00e0 nos clients et de nous d\u00e9velopper sur des bases solides.<\/p>\n<h2><span style=\"color: #99cc00;\"><strong>Geolocaux : Une anecdote \u00e0 nous partager sur votre m\u00e9tier ?<\/strong><\/span><\/h2>\n<p><strong>Emmanuel Mazille : <\/strong>Ma rencontre avec Thomas Vantorre\u00a0! Il avait pour projet de s\u2019investir dans l\u2019immobilier d\u2019entreprise et moi de monter une \u00e9quipe. Nous sommes tr\u00e8s diff\u00e9rents mais nous avons beaucoup de points communs. On a la m\u00eame raison d&rsquo;\u00eatre et la m\u00eame vision des choses, et l\u2019opportunit\u00e9 de racheter MALSH s\u2019est pr\u00e9sent\u00e9e, c\u2019est une belle histoire !!!<\/p>\n","protected":false},"excerpt":{"rendered":"<p>Emmanuel Mazille est le directeur g\u00e9n\u00e9ral de MALSH, nous avons eu l&rsquo;occasion d&rsquo;\u00e9changer avec lui au CIEL (Carrefour de l&rsquo;Immobilier d&rsquo;Entreprise de Lyon) dans le cadre de la diffusion des annonces de son agence sur notre portail : Geolocaux :&#8230;<\/p>\n","protected":false},"author":134,"featured_media":17358,"comment_status":"closed","ping_status":"open","sticky":false,"template":"","format":"standard","meta":{"_acf_changed":false,"footnotes":""},"categories":[39],"tags":[],"class_list":["post-17353","post","type-post","status-publish","format-standard","has-post-thumbnail","hentry","category-interviews","partenaires-malsh"],"acf":[],"thumbnail":"https:\/\/www.geolocaux.com\/blog\/wp-content\/uploads\/2021\/11\/Malsh-Emmanuel-Mazille-737x401.jpg","partenaire":"60","category":"Interviews","_links":{"self":[{"href":"https:\/\/www.geolocaux.com\/blog\/wp-json\/wp\/v2\/posts\/17353","targetHints":{"allow":["GET"]}}],"collection":[{"href":"https:\/\/www.geolocaux.com\/blog\/wp-json\/wp\/v2\/posts"}],"about":[{"href":"https:\/\/www.geolocaux.com\/blog\/wp-json\/wp\/v2\/types\/post"}],"author":[{"embeddable":true,"href":"https:\/\/www.geolocaux.com\/blog\/wp-json\/wp\/v2\/users\/134"}],"replies":[{"embeddable":true,"href":"https:\/\/www.geolocaux.com\/blog\/wp-json\/wp\/v2\/comments?post=17353"}],"version-history":[{"count":7,"href":"https:\/\/www.geolocaux.com\/blog\/wp-json\/wp\/v2\/posts\/17353\/revisions"}],"predecessor-version":[{"id":20779,"href":"https:\/\/www.geolocaux.com\/blog\/wp-json\/wp\/v2\/posts\/17353\/revisions\/20779"}],"wp:featuredmedia":[{"embeddable":true,"href":"https:\/\/www.geolocaux.com\/blog\/wp-json\/wp\/v2\/media\/17358"}],"wp:attachment":[{"href":"https:\/\/www.geolocaux.com\/blog\/wp-json\/wp\/v2\/media?parent=17353"}],"wp:term":[{"taxonomy":"category","embeddable":true,"href":"https:\/\/www.geolocaux.com\/blog\/wp-json\/wp\/v2\/categories?post=17353"},{"taxonomy":"post_tag","embeddable":true,"href":"https:\/\/www.geolocaux.com\/blog\/wp-json\/wp\/v2\/tags?post=17353"}],"curies":[{"name":"wp","href":"https:\/\/api.w.org\/{rel}","templated":true}]}}