{"id":17346,"date":"2021-11-23T16:57:53","date_gmt":"2021-11-23T14:57:53","guid":{"rendered":"https:\/\/blog.geolocaux.com\/?p=17346"},"modified":"2025-04-10T09:50:05","modified_gmt":"2025-04-10T07:50:05","slug":"bruno-dormoy-cushman-dijon-besancon","status":"publish","type":"post","link":"https:\/\/www.geolocaux.com\/blog\/interviews\/bruno-dormoy-cushman-dijon-besancon\/","title":{"rendered":"Bruno Dormoy, associ\u00e9 et co-g\u00e9rant de Cushman &#038; Wakefield Dijon-Besan\u00e7on"},"content":{"rendered":"<p><strong>Bruno Dormoy<\/strong> est associ\u00e9 et co-g\u00e9rant de <a href=\"https:\/\/www.geolocaux.com\/agences-immobilier-entreprise\/cushman-wakefield-dijon-326.html\">Cushman &amp; Wakefield Dijon-Besan\u00e7on<\/a> et dans le cadre de la diffusion des annonces de son agence sur notre portail, il a accept\u00e9 de r\u00e9pondre \u00e0 nos questions :<\/p>\n<h2><span style=\"color: #abd132;\"><strong>Geolocaux : Quel est votre parcours ? <\/strong><\/span><\/h2>\n<p><strong>Bruno Dormoy :\u00a0<\/strong>Je suis titulaire d\u2019un DESS d\u2019Evaluation et transmission des entreprises, j\u2019ai int\u00e9gr\u00e9 la soci\u00e9t\u00e9 SEGERINVEST en 1995, alors adoss\u00e9e au Groupe JEAN THOUARD, pour m\u2019occuper du march\u00e9 des locaux commerciaux (implantation d\u2019enseignes, franchises et ind\u00e9pendants au centre-ville et zone commerciale, hors centres commerciaux).\u00a0 Associ\u00e9 d\u00e8s 1998, je suis devenu co-g\u00e9rant de la soci\u00e9t\u00e9 en 2003.\u00a0 Actuellement j\u2019interviens sur le march\u00e9 des bureaux et des locaux commerciaux.<\/p>\n<p><img loading=\"lazy\" decoding=\"async\" class=\"aligncenter wp-image-17348 size-large\" src=\"https:\/\/geolocaux.com\/blog\/wp-content\/uploads\/2021\/11\/Bruno-DORMOY-1024x1024.jpg\" alt=\"\" width=\"1024\" height=\"1024\" srcset=\"https:\/\/www.geolocaux.com\/blog\/wp-content\/uploads\/2021\/11\/Bruno-DORMOY-1024x1024.jpg 1024w, https:\/\/www.geolocaux.com\/blog\/wp-content\/uploads\/2021\/11\/Bruno-DORMOY-150x150.jpg 150w, https:\/\/www.geolocaux.com\/blog\/wp-content\/uploads\/2021\/11\/Bruno-DORMOY-300x300.jpg 300w, https:\/\/www.geolocaux.com\/blog\/wp-content\/uploads\/2021\/11\/Bruno-DORMOY-1536x1536.jpg 1536w, https:\/\/www.geolocaux.com\/blog\/wp-content\/uploads\/2021\/11\/Bruno-DORMOY-2048x2048.jpg 2048w, https:\/\/www.geolocaux.com\/blog\/wp-content\/uploads\/2021\/11\/Bruno-DORMOY-737x737.jpg 737w\" sizes=\"auto, (max-width: 1024px) 100vw, 1024px\" \/><\/p>\n<h2><span style=\"color: #abd132;\"><strong>Geolocaux : Pouvez-vous nous pr\u00e9senter votre structure ?\u00a0<\/strong><\/span><\/h2>\n<p><strong>Bruno Dormoy :\u00a0<\/strong>Notre structure, <a href=\"https:\/\/www.cushmanwakefield.com\/fr-fr\/france\/offices\/dijon-besancon\">la soci\u00e9t\u00e9 SEGERINVEST,<\/a> est d\u00e9tenue par 3 associ\u00e9s, tous actifs. Elle f\u00eate ses 30 ans d\u2019existence cette ann\u00e9e. Elle d\u00e9veloppe 2 m\u00e9tiers\u00a0:<\/p>\n<ul>\n<li>La transaction (8 collaborateurs adoss\u00e9s au groupe CW),<\/li>\n<li>La gestion locative (6 collaborateurs sous une marque propre\u00a0: SEGERINVEST GESTION).<\/li>\n<\/ul>\n<p>Nous disposons de 2 agences, l\u2019une \u00e0 Dijon, l\u2019autre \u00e0 Besan\u00e7on.<\/p>\n<h2><span style=\"color: #abd132;\"><strong>Geolocaux : Quel est votre secteur g\u00e9ographique et comment se porte votre march\u00e9 ?\u00a0<\/strong><\/span><\/h2>\n<p><strong>Bruno Dormoy :\u00a0<\/strong>Nous sommes sur plusieurs secteurs g\u00e9ographiques \u00e0 la fois \u00e0 savoir :\u00a0La Bourgogne, la Franche-Comt\u00e9 et principalement les march\u00e9s : de la m\u00e9tropole de Dijon, le Grand Besan\u00e7on ainsi que la ville de Chalon-Sur-Sa\u00f4ne et son agglom\u00e9ration. Nous sommes sur un march\u00e9 que je qualifierai de r\u00e9silient.<\/p>\n<h2><span style=\"color: #abd132;\"><strong>Geolocaux : Quels sont vos projets pour cette ann\u00e9e 2021 ?<\/strong><\/span><\/h2>\n<p><strong>Bruno Dormoy :\u00a0<\/strong>Nous sommes sur un projet de d\u00e9m\u00e9nagement afin d\u2019adapter notre outil de travail et d\u2019accueil de notre client\u00e8le \u00e0 notre d\u00e9veloppement.<\/p>\n<h2><span style=\"color: #abd132;\"><strong>Geolocaux : Des transactions dont vous souhaitez nous parler ?\u00a0<\/strong><\/span><\/h2>\n<p><strong>Bruno Dormoy :\u00a0<\/strong>La vente d\u2019un immeuble \u00e0 construire en VEFA d\u2019une surface de 1\u00a0600 m\u00b2 \u00e0 la soci\u00e9t\u00e9 YMAG, PME locale sp\u00e9cialis\u00e9e dans l\u2019\u00e9dition de logiciel d\u00e9di\u00e9s aux organismes de formation. Immeuble \u00e9difi\u00e9 par le cabinet d\u2019architecture SETUREC avec un proc\u00e9d\u00e9 constructif tr\u00e8s innovant pour le march\u00e9 tertiaire dijonnais.<\/p>\n<p>La vente d\u2019un site industriel et logistique de 14\u00a0000 m\u00b2 au laboratoire DEMAVIC, sp\u00e9cialis\u00e9 dans la sant\u00e9 et le bien-\u00eatre animal depuis 1983.<\/p>\n<h2><span style=\"color: #abd132;\"><strong>Geolocaux : Pourquoi avoir choisi notre portail pour la diffusion de vos annonces ?<\/strong><\/span><\/h2>\n<p><strong>Bruno Dormoy :\u00a0<\/strong>Nous avons choisi Geolocaux.com pour sa notori\u00e9t\u00e9 et sa facilit\u00e9 d\u2019usage pour les utilisateurs.<\/p>\n","protected":false},"excerpt":{"rendered":"<p>Bruno Dormoy est associ\u00e9 et co-g\u00e9rant de Cushman &amp; Wakefield Dijon-Besan\u00e7on et dans le cadre de la diffusion des annonces de son agence sur notre portail, il a accept\u00e9 de r\u00e9pondre \u00e0 nos questions : Geolocaux : Quel est votre&#8230;<\/p>\n","protected":false},"author":134,"featured_media":17348,"comment_status":"closed","ping_status":"open","sticky":false,"template":"","format":"standard","meta":{"_acf_changed":false,"footnotes":""},"categories":[39],"tags":[1589,294,1083,48],"class_list":["post-17346","post","type-post","status-publish","format-standard","has-post-thumbnail","hentry","category-interviews","tag-bruno-dormoy","tag-cushman-wakefield","tag-cushman-wakefield-dijon","tag-immobilier-dentreprise","partenaires-cushman-wakefield-dijon"],"acf":[],"thumbnail":"https:\/\/www.geolocaux.com\/blog\/wp-content\/uploads\/2021\/11\/Bruno-DORMOY-737x737.jpg","partenaire":"326","category":"Interviews","_links":{"self":[{"href":"https:\/\/www.geolocaux.com\/blog\/wp-json\/wp\/v2\/posts\/17346","targetHints":{"allow":["GET"]}}],"collection":[{"href":"https:\/\/www.geolocaux.com\/blog\/wp-json\/wp\/v2\/posts"}],"about":[{"href":"https:\/\/www.geolocaux.com\/blog\/wp-json\/wp\/v2\/types\/post"}],"author":[{"embeddable":true,"href":"https:\/\/www.geolocaux.com\/blog\/wp-json\/wp\/v2\/users\/134"}],"replies":[{"embeddable":true,"href":"https:\/\/www.geolocaux.com\/blog\/wp-json\/wp\/v2\/comments?post=17346"}],"version-history":[{"count":9,"href":"https:\/\/www.geolocaux.com\/blog\/wp-json\/wp\/v2\/posts\/17346\/revisions"}],"predecessor-version":[{"id":20489,"href":"https:\/\/www.geolocaux.com\/blog\/wp-json\/wp\/v2\/posts\/17346\/revisions\/20489"}],"wp:featuredmedia":[{"embeddable":true,"href":"https:\/\/www.geolocaux.com\/blog\/wp-json\/wp\/v2\/media\/17348"}],"wp:attachment":[{"href":"https:\/\/www.geolocaux.com\/blog\/wp-json\/wp\/v2\/media?parent=17346"}],"wp:term":[{"taxonomy":"category","embeddable":true,"href":"https:\/\/www.geolocaux.com\/blog\/wp-json\/wp\/v2\/categories?post=17346"},{"taxonomy":"post_tag","embeddable":true,"href":"https:\/\/www.geolocaux.com\/blog\/wp-json\/wp\/v2\/tags?post=17346"}],"curies":[{"name":"wp","href":"https:\/\/api.w.org\/{rel}","templated":true}]}}