{"id":17175,"date":"2021-10-07T11:43:34","date_gmt":"2021-10-07T09:43:34","guid":{"rendered":"https:\/\/blog.geolocaux.com\/?p=17175"},"modified":"2025-04-10T09:50:26","modified_gmt":"2025-04-10T07:50:26","slug":"pierre-yves-garon-a-s-consultants","status":"publish","type":"post","link":"https:\/\/www.geolocaux.com\/blog\/interviews\/pierre-yves-garon-a-s-consultants\/","title":{"rendered":"Pierre-Yves Gardon, dirigeant-associ\u00e9 du cabinet d&rsquo;affaires  A-S CONSULTANTS"},"content":{"rendered":"<p>Pierre-Yves Gardon est le dirigeant-associ\u00e9 du cabinet d&rsquo;affaires <a href=\"https:\/\/www.geolocaux.com\/agences-immobilier-entreprise\/a-s-consultants-439.html\">A-S CONSULTANTS<\/a>, sp\u00e9cialiste de l&rsquo;immobilier d&rsquo;entreprise entre la fronti\u00e8re suisse et les Portes de Provence. Partenaire de Geolocaux pour la diffusion de ses annonces immobili\u00e8res disponibles, il nous a accord\u00e9 une interview :<br \/>\n<span style=\"color: #abd132;\"><strong>Geolocaux : Pouvez-vous nous parler de votre parcours et de ce qui vous a fait choisir l&rsquo;immobilier d&rsquo;entreprise ?<\/strong><\/span><\/p>\n<p><strong>Pierre-Yves Gardon : <\/strong>Je suis \u00e0 mon compte depuis 1993 et j&rsquo;ai eu l&rsquo;opportunit\u00e9 de reprendre un cabinet familial il y a 21 ans, ce qui m&rsquo;a fait rentrer naturellement dans l&rsquo;immobilier. J&rsquo;ai ensuite suivi une formation juridique sp\u00e9cifique il y a 10 ans pour devenir expert immobilier avec une sp\u00e9cialisation en \u00e9valuation immobili\u00e8re et plus particuli\u00e8rement pour les locaux professionnels. Je suis aujourd\u2019hui Expert agr\u00e9\u00e9 aupr\u00e8s des Tribunaux.<\/p>\n<p>J&rsquo;ai beaucoup \u0153uvr\u00e9 en estimations \u00e0 la demande de r\u00e9seaux nationaux et notamment pour le compte d&rsquo;un r\u00e9seau national avant d\u2019avoir l\u2019id\u00e9e de cr\u00e9er A-S CONSULTANTS. Mon but principal \u00e9tant d&rsquo;appliquer d&rsquo;autres m\u00e9thodes d\u2019approche et de commercialisation que celles de mes confr\u00e8res. Ce sont ces m\u00e9thodes diff\u00e9rentes qui sont aujourd&rsquo;hui notre valeur ajout\u00e9e.<\/p>\n<p><img loading=\"lazy\" decoding=\"async\" class=\"aligncenter size-large wp-image-17206\" src=\"https:\/\/geolocaux.com\/blog\/wp-content\/uploads\/2021\/09\/AS-CONSULTANTS_Logo_rectangle-002-1024x348.jpg\" alt=\"A-S CONSULTANTS Pierre-Yves Gardon\" width=\"1024\" height=\"348\" srcset=\"https:\/\/www.geolocaux.com\/blog\/wp-content\/uploads\/2021\/09\/AS-CONSULTANTS_Logo_rectangle-002-1024x348.jpg 1024w, https:\/\/www.geolocaux.com\/blog\/wp-content\/uploads\/2021\/09\/AS-CONSULTANTS_Logo_rectangle-002-300x102.jpg 300w, https:\/\/www.geolocaux.com\/blog\/wp-content\/uploads\/2021\/09\/AS-CONSULTANTS_Logo_rectangle-002-1536x522.jpg 1536w, https:\/\/www.geolocaux.com\/blog\/wp-content\/uploads\/2021\/09\/AS-CONSULTANTS_Logo_rectangle-002-2048x696.jpg 2048w, https:\/\/www.geolocaux.com\/blog\/wp-content\/uploads\/2021\/09\/AS-CONSULTANTS_Logo_rectangle-002-737x251.jpg 737w\" sizes=\"auto, (max-width: 1024px) 100vw, 1024px\" \/><br \/>\n<span style=\"color: #abd132;\"><strong>Geolocaux : Pouvez-vous nous pr\u00e9senter A-S CONSULTANTS ?<\/strong><\/span><\/p>\n<p><strong>Pierre-Yves Gardon : <\/strong>Nous sommes un cabinet d&rsquo;affaires r\u00e9f\u00e9rent en mati\u00e8re de <a href=\"https:\/\/www.geolocaux.com\/\">location et de vente de terrains, de bureaux, de locaux d&rsquo;activit\u00e9s \/ entrep\u00f4ts logistiques et de commerce<\/a>. J&rsquo;insiste sur la notion de cabinet d&rsquo;affaires puisque nous ne souhaitons pas \u00eatre assimil\u00e9s \u00e0 une agence immobili\u00e8re traditionnelle. Selon moi, un cabinet d&rsquo;affaires a un lien plus \u00e9troit avec ses clients, l&rsquo;ensemble de nos ressources sont fix\u00e9es sur les biens et leur mise en avant, nous misons beaucoup sur une strat\u00e9gie digitale au service de l&rsquo;humain. Pour cela, le cabinet a \u00e9t\u00e9 cr\u00e9\u00e9 en mode l\u00e9ger et agile, sans avoir pignon sur rue, uniquement des bureaux.<\/p>\n<p>Aujourd&rsquo;hui, A-S CONSULTANTS c&rsquo;est trois adresses en Nord-Ard\u00e8che (Annonay) en Savoie (Chamb\u00e9ry &#8211; Challes-les-eaux) et en Is\u00e8re (Grenoble &#8211; Saint-Egr\u00e9ve). Nous sommes actifs de la fronti\u00e8re suisse aux Portes de Provence avec une \u00e9quipe de sept personnes sur les secteurs suivants : Pays de Gex \/ Deux Savoie \/ Grenoble Sud Is\u00e8re \/ Vienne &#8211; Nord Is\u00e8re \/ Loire &#8211; Haute Loire \/ Ard\u00e8che Nord \/ Valence &#8211; Diois &#8211; Nord Dr\u00f4me \/ Mont\u00e9limard Sud Dr\u00f4me &#8211; Terre de Provence.<br \/>\n<span style=\"color: #abd132;\"><strong>Geolocaux : Comment se porte votre march\u00e9 ?<\/strong><\/span><\/p>\n<p><strong>Pierre-Yves Gardon : <\/strong>Je consid\u00e8re que notre march\u00e9 est plut\u00f4t porteur, nous avons aujourd&rsquo;hui plus de 300 offres disponibles pour un peu plus de 200 000 m\u00b2. Par ailleurs nous disposons d&rsquo;environ 500 demandes actives en base de donn\u00e9es, le rapport demandes \/ offres est donc bon !<\/p>\n<p><img loading=\"lazy\" decoding=\"async\" class=\"aligncenter size-full wp-image-17204\" src=\"https:\/\/geolocaux.com\/blog\/wp-content\/uploads\/2021\/09\/A-S3.jpg\" alt=\"Pierre-Yves Gardon\" width=\"640\" height=\"480\" srcset=\"https:\/\/www.geolocaux.com\/blog\/wp-content\/uploads\/2021\/09\/A-S3.jpg 640w, https:\/\/www.geolocaux.com\/blog\/wp-content\/uploads\/2021\/09\/A-S3-300x225.jpg 300w\" sizes=\"auto, (max-width: 640px) 100vw, 640px\" \/><br \/>\n<span style=\"color: #abd132;\"><strong>Geolocaux : Comment A-S CONSULTANTS se diff\u00e9rencie de ses confr\u00e8res ?<\/strong><\/span><\/p>\n<p><strong>Pierre-Yves Gardon : <\/strong>Nous tentons de nous diff\u00e9rencier gr\u00e2ce \u00e0 notre qualit\u00e9 d&rsquo;\u00e9coute afin de nous adapter principalement aux exigences du preneur pour lui trouver le b\u00e2timent le plus adapt\u00e9 \u00e0 son activit\u00e9. Pour cela, nous proposons aux propri\u00e9taires de les accompagner afin de moduler leurs b\u00e2timents ou de les agrandir.<br \/>\n<span style=\"color: #abd132;\"><strong>Geolocaux : Une anecdote \u00e0 nous partager sur votre m\u00e9tier ?<\/strong><\/span><\/p>\n<p><strong>Pierre-Yves Gardon : <\/strong>A la fin du mois de juin, nous avons du relever un tr\u00e8s beau d\u00e9fi pour une soci\u00e9t\u00e9 bas\u00e9e \u00e0 Mont\u00e9limar. Elle avait remport\u00e9 un appel d&rsquo;offre pour une mission de recyclage de cartons et avait besoin de 10 000 m\u00b2 d&rsquo;entrep\u00f4t de toute urgence. En effet, il y avait 50 camions remplis en attente, chacun lui coutait environ 1000 \u20ac par jour pour l&rsquo;immobilisation des v\u00e9hicules et le salaire des chauffeurs. Nous lui avons trouv\u00e9 deux b\u00e2timents de 4 000 et 6 000 m\u00b2 c\u00f4te \u00e0 c\u00f4te dans la Dr\u00f4me puis nous avons r\u00e9dig\u00e9 et sign\u00e9 le bail en mois de 8 jours, ce f\u00fbt une tr\u00e8s belle exp\u00e9rience !<\/p>\n<hr \/>\n<p>Nous vous proposerons de nouvelles <a href=\"https:\/\/www.geolocaux.com\/blog\/category\/interviews\/\">interviews<\/a> et d&rsquo;autres contenus exclusifs tr\u00e8s prochainement. En attendant, pour en savoir plus sur A-S CONSULTANTS, vous pouvez consulter leur <a href=\"https:\/\/www.a-sconsultants.fr\/\">site internet<\/a>.<\/p>\n","protected":false},"excerpt":{"rendered":"<p>Pierre-Yves Gardon est le dirigeant-associ\u00e9 du cabinet d&rsquo;affaires A-S CONSULTANTS, sp\u00e9cialiste de l&rsquo;immobilier d&rsquo;entreprise entre la fronti\u00e8re suisse et les Portes de Provence. Partenaire de Geolocaux pour la diffusion de ses annonces immobili\u00e8res disponibles, il nous a accord\u00e9 une interview&#8230;<\/p>\n","protected":false},"author":134,"featured_media":17204,"comment_status":"closed","ping_status":"open","sticky":false,"template":"","format":"standard","meta":{"_acf_changed":false,"footnotes":""},"categories":[39],"tags":[],"class_list":["post-17175","post","type-post","status-publish","format-standard","has-post-thumbnail","hentry","category-interviews","partenaires-a-s-consultants"],"acf":[],"thumbnail":"https:\/\/www.geolocaux.com\/blog\/wp-content\/uploads\/2021\/09\/A-S3.jpg","partenaire":"439","category":"Interviews","_links":{"self":[{"href":"https:\/\/www.geolocaux.com\/blog\/wp-json\/wp\/v2\/posts\/17175","targetHints":{"allow":["GET"]}}],"collection":[{"href":"https:\/\/www.geolocaux.com\/blog\/wp-json\/wp\/v2\/posts"}],"about":[{"href":"https:\/\/www.geolocaux.com\/blog\/wp-json\/wp\/v2\/types\/post"}],"author":[{"embeddable":true,"href":"https:\/\/www.geolocaux.com\/blog\/wp-json\/wp\/v2\/users\/134"}],"replies":[{"embeddable":true,"href":"https:\/\/www.geolocaux.com\/blog\/wp-json\/wp\/v2\/comments?post=17175"}],"version-history":[{"count":8,"href":"https:\/\/www.geolocaux.com\/blog\/wp-json\/wp\/v2\/posts\/17175\/revisions"}],"predecessor-version":[{"id":20286,"href":"https:\/\/www.geolocaux.com\/blog\/wp-json\/wp\/v2\/posts\/17175\/revisions\/20286"}],"wp:featuredmedia":[{"embeddable":true,"href":"https:\/\/www.geolocaux.com\/blog\/wp-json\/wp\/v2\/media\/17204"}],"wp:attachment":[{"href":"https:\/\/www.geolocaux.com\/blog\/wp-json\/wp\/v2\/media?parent=17175"}],"wp:term":[{"taxonomy":"category","embeddable":true,"href":"https:\/\/www.geolocaux.com\/blog\/wp-json\/wp\/v2\/categories?post=17175"},{"taxonomy":"post_tag","embeddable":true,"href":"https:\/\/www.geolocaux.com\/blog\/wp-json\/wp\/v2\/tags?post=17175"}],"curies":[{"name":"wp","href":"https:\/\/api.w.org\/{rel}","templated":true}]}}