{"id":17130,"date":"2021-09-22T10:32:55","date_gmt":"2021-09-22T08:32:55","guid":{"rendered":"https:\/\/blog.geolocaux.com\/?p=17130"},"modified":"2025-09-22T15:42:59","modified_gmt":"2025-09-22T13:42:59","slug":"advenis-res-strasbourg-arsea-gala","status":"publish","type":"post","link":"https:\/\/www.geolocaux.com\/blog\/actualites\/advenis-res-strasbourg-arsea-gala\/","title":{"rendered":"Advenis RES Strasbourg installe l&rsquo;\u00e9tablissement GALA de l&rsquo;ARSEA \u00e0 Strasbourg via Geolocaux.com"},"content":{"rendered":"<p>Nous avons \u00e9t\u00e9 ravis d\u2019apprendre qu\u2019une transaction venait d\u2019\u00eatre r\u00e9alis\u00e9e par <a href=\"https:\/\/www.geolocaux.com\/agences-immobilier-entreprise\/advenis-conseil-et-transaction-strasbourg-411.html\">notre partenaire<\/a> <strong>Advenis RES Strasbourg<\/strong> gr\u00e2ce \u00e0 une demande de contact en provenance de notre portail. Notre partenaire a accompagn\u00e9 la filiale de Gestion et Accompagnement vers un Logement Autonome (GALA) de l\u2019Association R\u00e9gionale Sp\u00e9cialis\u00e9e d\u2019action sociale d\u2019\u00c9ducation et d\u2019Animation (ARSEA) qui d\u00e9veloppait cet \u00e9t\u00e9 une mission d\u2019insertion pour le logement sur le secteur du Bas-Rhin.<\/p>\n<h2 style=\"text-align: center;\"><span style=\"color: #99cc00;\">Advenis RES Strasbourg signe une transaction de 355 m\u00b2 avec GALA \u00a0<\/span><\/h2>\n<p><img loading=\"lazy\" decoding=\"async\" class=\"wp-image-17131 size-full\" src=\"https:\/\/geolocaux.com\/blog\/wp-content\/uploads\/2021\/09\/Visuel_Transaction_ARSEA-A41920.jpg\" alt=\"\" width=\"1040\" height=\"640\" srcset=\"https:\/\/www.geolocaux.com\/blog\/wp-content\/uploads\/2021\/09\/Visuel_Transaction_ARSEA-A41920.jpg 1040w, https:\/\/www.geolocaux.com\/blog\/wp-content\/uploads\/2021\/09\/Visuel_Transaction_ARSEA-A41920-300x185.jpg 300w, https:\/\/www.geolocaux.com\/blog\/wp-content\/uploads\/2021\/09\/Visuel_Transaction_ARSEA-A41920-1024x630.jpg 1024w, https:\/\/www.geolocaux.com\/blog\/wp-content\/uploads\/2021\/09\/Visuel_Transaction_ARSEA-A41920-737x454.jpg 737w\" sizes=\"auto, (max-width: 1040px) 100vw, 1040px\" \/><\/p>\n<p>Dans le cadre du d\u00e9veloppement de son activit\u00e9, <strong>ARSEA GALA a pris \u00e0 bail 355 m\u00b2 de bureaux suppl\u00e9mentaires<\/strong>, au 5\u00e8me \u00e9tage du Centre d\u2019Affaires Urbania situ\u00e9 230 avenue Colmar \u00e0 Strasbourg (67). Dans cette transaction, le bureau Advenis Conseil \u00e0 Strasbourg accompagnait les deux parties, bravo \u00e0 notre partenaire pour cette belle transaction durant l&rsquo;\u00e9t\u00e9.<\/p>\n<p>&nbsp;<\/p>\n","protected":false},"excerpt":{"rendered":"<p>Nous avons \u00e9t\u00e9 ravis d\u2019apprendre qu\u2019une transaction venait d\u2019\u00eatre r\u00e9alis\u00e9e par notre partenaire Advenis RES Strasbourg gr\u00e2ce \u00e0 une demande de contact en provenance de notre portail. Notre partenaire a accompagn\u00e9 la filiale de Gestion et Accompagnement vers un Logement&#8230;<\/p>\n","protected":false},"author":134,"featured_media":17141,"comment_status":"closed","ping_status":"open","sticky":false,"template":"","format":"standard","meta":{"_acf_changed":false,"footnotes":""},"categories":[147],"tags":[1576,1577,48,134],"class_list":["post-17130","post","type-post","status-publish","format-standard","has-post-thumbnail","hentry","category-actualites","tag-advenis-res","tag-arsea","tag-immobilier-dentreprise","tag-strasbourg"],"acf":[],"thumbnail":"https:\/\/www.geolocaux.com\/blog\/wp-content\/uploads\/2021\/09\/2020-737x553.jpg","partenaire":"","category":"Actualit\u00e9s","_links":{"self":[{"href":"https:\/\/www.geolocaux.com\/blog\/wp-json\/wp\/v2\/posts\/17130","targetHints":{"allow":["GET"]}}],"collection":[{"href":"https:\/\/www.geolocaux.com\/blog\/wp-json\/wp\/v2\/posts"}],"about":[{"href":"https:\/\/www.geolocaux.com\/blog\/wp-json\/wp\/v2\/types\/post"}],"author":[{"embeddable":true,"href":"https:\/\/www.geolocaux.com\/blog\/wp-json\/wp\/v2\/users\/134"}],"replies":[{"embeddable":true,"href":"https:\/\/www.geolocaux.com\/blog\/wp-json\/wp\/v2\/comments?post=17130"}],"version-history":[{"count":14,"href":"https:\/\/www.geolocaux.com\/blog\/wp-json\/wp\/v2\/posts\/17130\/revisions"}],"predecessor-version":[{"id":20788,"href":"https:\/\/www.geolocaux.com\/blog\/wp-json\/wp\/v2\/posts\/17130\/revisions\/20788"}],"wp:featuredmedia":[{"embeddable":true,"href":"https:\/\/www.geolocaux.com\/blog\/wp-json\/wp\/v2\/media\/17141"}],"wp:attachment":[{"href":"https:\/\/www.geolocaux.com\/blog\/wp-json\/wp\/v2\/media?parent=17130"}],"wp:term":[{"taxonomy":"category","embeddable":true,"href":"https:\/\/www.geolocaux.com\/blog\/wp-json\/wp\/v2\/categories?post=17130"},{"taxonomy":"post_tag","embeddable":true,"href":"https:\/\/www.geolocaux.com\/blog\/wp-json\/wp\/v2\/tags?post=17130"}],"curies":[{"name":"wp","href":"https:\/\/api.w.org\/{rel}","templated":true}]}}