{"id":17058,"date":"2021-06-30T11:29:24","date_gmt":"2021-06-30T09:29:24","guid":{"rendered":"https:\/\/blog.geolocaux.com\/?p=17058"},"modified":"2025-04-10T09:31:18","modified_gmt":"2025-04-10T07:31:18","slug":"bail-professionnel-bail-commercial-differences","status":"publish","type":"post","link":"https:\/\/www.geolocaux.com\/blog\/conseils\/bail-professionnel-bail-commercial-differences\/","title":{"rendered":"Bail professionnel et bail commercial : quelles diff\u00e9rences ?"},"content":{"rendered":"<p>Le bail commercial et le bail professionnel d\u00e9signent tous deux un contrat conclu pour la location d\u2019un bien immobilier \u00e0 destination professionnelle. Ces baux comportent des diff\u00e9rences majeures qu\u2019il vous faudra conna\u00eetre lorsque vous signerez votre contrat de bail. Quelles sont les sp\u00e9cificit\u00e9s de ces baux ? Quels sont les droits et obligations du propri\u00e9taire et du locataire dans ces deux formes de contrat ? Nous faisons le tour de la question.<\/p>\n<div>\n<h2><strong><span style=\"color: #abd132;\">L\u2019activit\u00e9 du locataire<\/span><\/strong><\/h2>\n<p>Si vous exercez une activit\u00e9 commerciale, industrielle ou artisanale, vous devrez obligatoirement signer un <a href=\"https:\/\/www.geolocaux.com\/blog\/conseils\/bail-commercial-definition-statut-conditions-application\/\"><strong>bail commercial<\/strong><\/a> pour louer un local. Ce type de contrat s\u2019impose en effet pour tous les professionnels inscrits au Registre du Commerce et des Soci\u00e9t\u00e9s (RCS) ou au R\u00e9pertoire des M\u00e9tiers (RM). Le locataire (\u00e9galement appel\u00e9 preneur) exploite ici un <a href=\"https:\/\/www.geolocaux.com\/blog\/conseils\/fonds-de-commerce-definition\/\">fonds de commerce<\/a> et a g\u00e9n\u00e9ralement pignon sur rue. Cette forme de bail est r\u00e9gie par l\u2019<a href=\"https:\/\/www.legifrance.gouv.fr\/codes\/article_lc\/LEGIARTI000019289948\/\">article L145-1 du Code de Commerce<\/a>.<\/p>\n<p>Le <strong>bail<\/strong> <strong>professionnel<\/strong>, lui, s\u2019adresse aux professionnels impos\u00e9s dans la cat\u00e9gorie des b\u00e9n\u00e9fices non commerciaux (BNC). Il s\u2019agit principalement des activit\u00e9s lib\u00e9rales (comme les m\u00e9decins, les comptables, les th\u00e9rapeutes, etc.) et des activit\u00e9s de travaux immobiliers. Ce type de contrat est donc plus adapt\u00e9 pour l\u2019installation d\u2019un cabinet ou d\u2019un bureau, accessible la plupart du temps sur rendez-vous.<\/p>\n<p><u>\u00c0 noter<\/u> : un locataire impos\u00e9 aux BNC ou exer\u00e7ant une activit\u00e9 de travaux immobiliers reste libre de signer un bail commercial s\u2019il respecte les conditions requises. L\u2019inverse n\u2019est toutefois pas possible : un professionnel inscrit au RCS ou RM ne pourra pas signer un bail professionnel.<\/p>\n<div>\n<h2><strong><span style=\"color: #abd132;\">Ex\u00e9cution du bail : dur\u00e9e et r\u00e9vision du loyer<\/span><\/strong><\/h2>\n<p>Un bail commercial est conclu pour une dur\u00e9e minimum de <strong>9 ans<\/strong>. Le <a href=\"https:\/\/www.geolocaux.com\/blog\/conseils\/bail-commercial-fixation-revision-du-loyer\/\">loyer est fix\u00e9 librement<\/a> entre le bailleur et le preneur. Il pourra toutefois \u00eatre r\u00e9vis\u00e9 <strong>\u00e0 chaque fin de p\u00e9riode triennale<\/strong>, c\u2019est-\u00e0-dire tous les 3 ans (sauf clause d\u2019\u00e9chelle mobile stipul\u00e9e dans le contrat). C\u2019est d\u2019ailleurs pour cela qu\u2019on parle \u00e9galement de bail \u00ab 3-6-9 \u00bb.<\/p>\n<p>Cette hausse est toutefois plafonn\u00e9e et ne pourra pas exc\u00e9der la variation de plusieurs indices, pr\u00e9vus lors de la signature du bail initial :<\/p>\n<ul>\n<li>l\u2019indice trimestriel des loyers commerciaux (<a href=\"https:\/\/www.geolocaux.com\/blog\/conseils\/indice-loyers-commerciaux-ilc\/\">ILC<\/a>) pour les activit\u00e9s commerciales ou artisanales<\/li>\n<li>l\u2019indice des loyers des activit\u00e9s tertiaires (<a href=\"https:\/\/www.geolocaux.com\/blog\/conseils\/indice-loyers-activites-tertiaires-ilat\/\">ILAT<\/a>) pour les autres activit\u00e9s<\/li>\n<\/ul>\n<p>La dur\u00e9e minimum d\u2019un bail professionnel est de son c\u00f4t\u00e9 est fix\u00e9e \u00e0 <strong>6 ans<\/strong>. Mais comme pour le bail commercial, le loyer est d\u00e9cid\u00e9 librement par les deux parties. La r\u00e9vision du loyer est toutefois plus libre et peut intervenir <strong>\u00e0 tout moment<\/strong>. Une clause du contrat devra n\u00e9anmoins en pr\u00e9ciser les conditions et les modalit\u00e9s. L\u00e0 aussi, la hausse voulue par le bailleur sera plafonn\u00e9e \u00e0 la variation de l\u2019indice ILAT ou l&rsquo;indice du co\u00fbt de la construction (ICC).<\/p>\n<p>ILC, ILAT ou ICC, tous ces indices sont mis \u00e0 jour et consultables directement sur le <a href=\"https:\/\/www.insee.fr\/fr\/statistiques\">site de l\u2019INSEE<\/a>.<\/p>\n<p><u>\u00c0 noter<\/u> : \u00a0la r\u00e9partition des charges (entretien, r\u00e9parations, taxes) est en principe librement r\u00e9partie entre bailleur et preneur. N\u00e9anmoins, la loi Pinel du 18 juin 2014 est venue restreindre cette libert\u00e9 dans le cadre du bail commercial : c\u2019est en effet au propri\u00e9taire que revient obligatoirement la charge des grosses r\u00e9parations.<\/p>\n<div>\n<h2><strong><span style=\"color: #abd132;\">Fin du bail : renouvellement et r\u00e9siliation<\/span><\/strong><\/h2>\n<p>Le bail commercial comporte un avantage consid\u00e9rable puisque le locataire b\u00e9n\u00e9ficie d\u2019un <strong>droit au renouvellement <\/strong>: \u00e0 la fin du bail, le preneur peut ainsi demander au propri\u00e9taire la reconduction du contrat pour une m\u00eame dur\u00e9e et dans les m\u00eames conditions. Si le bailleur refuse, le preneur peut percevoir sous conditions une <strong>indemnit\u00e9 d\u2019\u00e9viction<\/strong> (dont le montant est souvent dissuasif) afin de compenser le pr\u00e9judice subi.<\/p>\n<p>En revanche, la <a href=\"https:\/\/www.geolocaux.com\/blog\/conseils\/bail-commercial-droits-locataire\/\">r\u00e9siliation anticip\u00e9e<\/a> du bail commercial par le locataire est strictement encadr\u00e9e par la loi. Celui-ci est en effet tenu d\u2019attendre<strong> l\u2019expiration de chaque p\u00e9riode triennale<\/strong>, en respectant un pr\u00e9avis de <strong>6 mois<\/strong>.<\/p>\n<p>Le bail professionnel, lui, est moins protecteur. Le propri\u00e9taire peut en effet d\u00e9cider de ne pas le renouveler, sans justification ni contrepartie financi\u00e8re \u00e0 l\u2019\u00e9gard du locataire. Il a pour seule obligation d\u2019informer le locataire <strong>6 mois au pr\u00e9alable<\/strong>. De son c\u00f4t\u00e9, le preneur peut demander cong\u00e9 <strong>\u00e0 n\u2019importe quel moment<\/strong> du contrat. La dur\u00e9e du pr\u00e9avis est l\u00e0 aussi fix\u00e9e \u00e0 <strong>6 mois<\/strong>.<\/p>\n<p><u>\u00c0 noter<\/u> : Le bail professionnel devra obligatoirement \u00eatre formalis\u00e9 par \u00e9crit. Le bail commercial, lui, peut \u00eatre simplement conclu de mani\u00e8re orale. Nous vous recommandons toutefois d&rsquo;\u00e9tablir un document papier pour vous couvrir en cas de litiges. Il pourra \u00eatre r\u00e9dig\u00e9 sous seing priv\u00e9 ou chez un notaire.<\/p>\n<div>\n<h2><strong><span style=\"color: #abd132;\">Tableau r\u00e9capitulatif<\/span><\/strong><\/h2>\n<table>\n<tbody>\n<tr>\n<td width=\"208\"><\/td>\n<td width=\"208\"><strong>Bail commercial<\/strong><\/td>\n<td width=\"208\"><strong>Bail professionnel<\/strong><\/td>\n<\/tr>\n<tr>\n<td width=\"208\">Activit\u00e9 du locataire<\/td>\n<td width=\"208\">Commerciale, artisanale ou industrielle<\/td>\n<td width=\"208\">Lib\u00e9rale ou travaux immobiliers<\/td>\n<\/tr>\n<tr>\n<td width=\"208\">Dur\u00e9e minimum<\/td>\n<td width=\"208\">9 ans<\/td>\n<td width=\"208\">6 ans<\/td>\n<\/tr>\n<tr>\n<td width=\"208\">Loyer initial<\/td>\n<td width=\"208\">Fix\u00e9 librement par les parties<\/td>\n<td width=\"208\">Fix\u00e9 librement par les parties<\/td>\n<\/tr>\n<tr>\n<td width=\"208\">R\u00e9vision du loyer<\/td>\n<td width=\"208\">Possible \u00e0 chaque fin de p\u00e9riode triennale mais plafonn\u00e9e en fonction de la variation de l\u2019ILC et de l\u2019ILAT<\/td>\n<td width=\"208\">Possible \u00e0 tout moment selon l\u2019ILAT ou l\u2019ICC<\/td>\n<\/tr>\n<tr>\n<td width=\"208\">R\u00e9partition des charges locatives<\/td>\n<td width=\"208\">Fix\u00e9e librement entre les parties, \u00e0 l\u2019exception des grosses r\u00e9parations qui incombent au bailleur.<\/td>\n<td width=\"208\">Fix\u00e9e librement entre les parties.<\/td>\n<\/tr>\n<tr>\n<td width=\"208\">Droit de renouvellement<\/td>\n<td width=\"208\">Oui (indemnit\u00e9 d\u2019\u00e9viction)<\/p>\n<p>&nbsp;<\/td>\n<td width=\"208\">Non<\/td>\n<\/tr>\n<tr>\n<td width=\"208\">R\u00e9siliation anticip\u00e9e<\/td>\n<td width=\"208\">\u00c0 la fin de chaque p\u00e9riode triennale<\/p>\n<p>Pr\u00e9avis de 6 mois<\/td>\n<td width=\"208\">Possible \u00e0 tout moment<\/p>\n<p>Pr\u00e9avis de 6 mois<\/td>\n<\/tr>\n<tr>\n<td width=\"208\">Conditions de forme<\/td>\n<td width=\"208\">Aucune. R\u00e9diger un contrat reste toutefois fortement recommand\u00e9.<\/td>\n<td width=\"208\">Obligatoirement r\u00e9dig\u00e9 \u00e0 l\u2019\u00e9crit<\/td>\n<\/tr>\n<\/tbody>\n<\/table>\n<p>Au-del\u00e0 de la recherche d\u2019un local professionnel, la cr\u00e9ation d\u2019une soci\u00e9t\u00e9 est une \u00e9tape complexe. Le choix de votre forme juridique et les nombreuses formalit\u00e9s peuvent alors constituer un frein pour vous qui portez un projet. N\u2019h\u00e9sitez pas \u00e0 vous faire aider par des professionnels comme <a href=\"https:\/\/www.simplitoo.fr\/\">Simplitoo<\/a>. Leurs experts vous accompagnent de A \u00e0 Z dans vos d\u00e9marches de cr\u00e9ation et vous font gagner un temps pr\u00e9cieux pour le d\u00e9veloppement de votre activit\u00e9.<\/p>\n<\/div>\n<\/div>\n<\/div>\n<\/div>\n","protected":false},"excerpt":{"rendered":"<p>Le bail commercial et le bail professionnel d\u00e9signent tous deux un contrat conclu pour la location d\u2019un bien immobilier \u00e0 destination professionnelle. Ces baux comportent des diff\u00e9rences majeures qu\u2019il vous faudra conna\u00eetre lorsque vous signerez votre contrat de bail. Quelles&#8230;<\/p>\n","protected":false},"author":4,"featured_media":17059,"comment_status":"closed","ping_status":"open","sticky":false,"template":"","format":"standard","meta":{"_acf_changed":false,"footnotes":""},"categories":[40],"tags":[91,1416],"class_list":["post-17058","post","type-post","status-publish","format-standard","has-post-thumbnail","hentry","category-conseils","tag-bail-commercial","tag-bail-professionnel"],"acf":[],"thumbnail":"https:\/\/www.geolocaux.com\/blog\/wp-content\/uploads\/2021\/06\/space-desk-office-hero-7065-737x491.jpg","partenaire":"","category":"Conseils","_links":{"self":[{"href":"https:\/\/www.geolocaux.com\/blog\/wp-json\/wp\/v2\/posts\/17058","targetHints":{"allow":["GET"]}}],"collection":[{"href":"https:\/\/www.geolocaux.com\/blog\/wp-json\/wp\/v2\/posts"}],"about":[{"href":"https:\/\/www.geolocaux.com\/blog\/wp-json\/wp\/v2\/types\/post"}],"author":[{"embeddable":true,"href":"https:\/\/www.geolocaux.com\/blog\/wp-json\/wp\/v2\/users\/4"}],"replies":[{"embeddable":true,"href":"https:\/\/www.geolocaux.com\/blog\/wp-json\/wp\/v2\/comments?post=17058"}],"version-history":[{"count":7,"href":"https:\/\/www.geolocaux.com\/blog\/wp-json\/wp\/v2\/posts\/17058\/revisions"}],"predecessor-version":[{"id":20385,"href":"https:\/\/www.geolocaux.com\/blog\/wp-json\/wp\/v2\/posts\/17058\/revisions\/20385"}],"wp:featuredmedia":[{"embeddable":true,"href":"https:\/\/www.geolocaux.com\/blog\/wp-json\/wp\/v2\/media\/17059"}],"wp:attachment":[{"href":"https:\/\/www.geolocaux.com\/blog\/wp-json\/wp\/v2\/media?parent=17058"}],"wp:term":[{"taxonomy":"category","embeddable":true,"href":"https:\/\/www.geolocaux.com\/blog\/wp-json\/wp\/v2\/categories?post=17058"},{"taxonomy":"post_tag","embeddable":true,"href":"https:\/\/www.geolocaux.com\/blog\/wp-json\/wp\/v2\/tags?post=17058"}],"curies":[{"name":"wp","href":"https:\/\/api.w.org\/{rel}","templated":true}]}}