{"id":16944,"date":"2021-06-17T15:50:43","date_gmt":"2021-06-17T13:50:43","guid":{"rendered":"https:\/\/blog.geolocaux.com\/?p=16944"},"modified":"2026-01-15T17:24:33","modified_gmt":"2026-01-15T15:24:33","slug":"michael-maras-arthur-loyd","status":"publish","type":"post","link":"https:\/\/www.geolocaux.com\/blog\/interviews\/michael-maras-arthur-loyd\/","title":{"rendered":"Micha\u00ebl Maras : g\u00e9rant de trois agences Arthur Loyd"},"content":{"rendered":"<p>Micha\u00ebl Maras est g\u00e9rant des agences <a href=\"https:\/\/www.geolocaux.com\/agences-immobilier-entreprise\/arthur-loyd-saint-etienne-roanne-137.html\">Arthur Loyd Saint-Etienne &#8211; Roanne<\/a>, <a href=\"https:\/\/www.geolocaux.com\/agences-immobilier-entreprise\/arthur-loyd-bourg-en-bresse-462.html\">Arthur Loyd Bourg-en-Bresse<\/a> et <a href=\"https:\/\/www.geolocaux.com\/agences-immobilier-entreprise\/arthur-loyd-villefranche-463.html\">Arthur Loyd Villefranche<\/a>. Dans le cadre de notre partenariat pour la diffusion de l&rsquo;ensemble de ses offres immobili\u00e8res disponibles \u00e0 destination des entreprise, il a accept\u00e9 de r\u00e9pondre \u00e0 nouveau \u00e0 nos questions :<\/p>\n<p style=\"font-weight: 400;\"><span style=\"color: #abd132;\"><strong>Il y a eu beaucoup de changement depuis notre premi\u00e8re rencontre en 2016 !<\/strong><\/span><\/p>\n<p><strong>Micha\u00ebl Maras : <\/strong>Effectivement il s&rsquo;en est pass\u00e9 des choses depuis 5 ans, notre soci\u00e9t\u00e9 s&rsquo;est bien d\u00e9velopp\u00e9e ! Nous avons tout d&rsquo;abord ouvert une agence agence physique \u00e0 Villefranche-sur-Sa\u00f4ne pour renforcer nos positions sur le march\u00e9 caladois en 2018. Nous avons \u00e9galement \u00e9toff\u00e9 notre \u00e9quipe de l&rsquo;agence de Saint-Etienne et ouvert un point physique \u00e0 Roanne pour couvrir l&rsquo;ensemble du d\u00e9partement de la Loire.<\/p>\n<p>Enfin, derni\u00e8re petite n\u00e9e dans notre groupement, nous avons ouvert un agence \u00e0 Bourg-en-Bresse en d\u00e9cembre 2019 pour couvrir le d\u00e9partement de l&rsquo;Ain o\u00f9, \u00e0 la diff\u00e9rence des premi\u00e8res agences, nous sommes partis de rien. Apr\u00e8s une premi\u00e8re ann\u00e9e plut\u00f4t calme pour les raisons que vous connaissez, l&rsquo;agence est vraiment lanc\u00e9e depuis le fin de l&rsquo;ann\u00e9e 2020.<\/p>\n<p><img loading=\"lazy\" decoding=\"async\" class=\"aligncenter wp-image-16961\" src=\"https:\/\/geolocaux.com\/blog\/wp-content\/uploads\/2021\/06\/Photo-Michael-MARAS-DSC_1656-copie-scaled.jpg\" alt=\"Michael Maras Arthur Loyd\" width=\"600\" height=\"691\" srcset=\"https:\/\/www.geolocaux.com\/blog\/wp-content\/uploads\/2021\/06\/Photo-Michael-MARAS-DSC_1656-copie-scaled.jpg 2222w, https:\/\/www.geolocaux.com\/blog\/wp-content\/uploads\/2021\/06\/Photo-Michael-MARAS-DSC_1656-copie-260x300.jpg 260w, https:\/\/www.geolocaux.com\/blog\/wp-content\/uploads\/2021\/06\/Photo-Michael-MARAS-DSC_1656-copie-889x1024.jpg 889w\" sizes=\"auto, (max-width: 600px) 100vw, 600px\" \/><\/p>\n<p style=\"font-weight: 400;\"><span style=\"color: #abd132;\"><strong>Pouvez-vous nous pr\u00e9senter vos \u00e9quipes actuelles et leurs fonctions ?<\/strong><\/span><\/p>\n<p><strong>Micha\u00ebl Maras : <\/strong>A Bourg-en-Bresse, Fr\u00e9d\u00e9rique Kaiser vient de nous rejoindre apr\u00e8s plus 15 ans de bureaux \u00e0 Lyon pour d\u00e9velopper l&rsquo;agence. Elle s&rsquo;occupe de l&rsquo;ensemble des typologies d&rsquo;offres (bureaux, commerces et locaux d&rsquo;activit\u00e9) en partenariat avec les promoteurs et constructeurs locaux pour d\u00e9velopper de nouvelles offres r\u00e9pondant aux besoins des entreprises de la Bresse. Pour cela elle est accompagn\u00e9e d&rsquo;une assistante.<\/p>\n<p>A Villefranche-sur-Sa\u00f4ne, il y a une consultante pour les transactions location et vente de toutes typologies ainsi qu&rsquo;une assistante. C&rsquo;est l&rsquo;agence ou je suis personnellement le plus pr\u00e9sent physiquement pour le d\u00e9veloppement des parcs d&rsquo;activit\u00e9s.<\/p>\n<p>A Roanne, il y a deux consultants : un senior qui forme un junior pour pr\u00e9parer l&rsquo;avenir de l&rsquo;agence !<\/p>\n<p>Enfin \u00e0 Saint-Etienne, il y a un collaborateur senior et une assistante mais nous sommes en plein recrutement de deux collaborateurs juniors, un pour les offres de bureaux \/ commerces et l&rsquo;autre pour les locaux d&rsquo;activit\u00e9s.<\/p>\n<p><img loading=\"lazy\" decoding=\"async\" class=\"aligncenter wp-image-16958 size-large\" src=\"https:\/\/geolocaux.com\/blog\/wp-content\/uploads\/2021\/06\/orpi-1024x512.jpg\" alt=\"Michael Maras Arthur Loyd Saint Etienne Roanne Bourg en Bresse Villefranche sur Saone\" width=\"1024\" height=\"512\" srcset=\"https:\/\/www.geolocaux.com\/blog\/wp-content\/uploads\/2021\/06\/orpi-1024x512.jpg 1024w, https:\/\/www.geolocaux.com\/blog\/wp-content\/uploads\/2021\/06\/orpi-1536x768.jpg 1536w, https:\/\/www.geolocaux.com\/blog\/wp-content\/uploads\/2021\/06\/orpi-2048x1024.jpg 2048w, https:\/\/www.geolocaux.com\/blog\/wp-content\/uploads\/2021\/06\/orpi-300x150.jpg 300w, https:\/\/www.geolocaux.com\/blog\/wp-content\/uploads\/2021\/06\/orpi-737x369.jpg 737w\" sizes=\"auto, (max-width: 1024px) 100vw, 1024px\" \/><\/p>\n<p style=\"font-weight: 400;\"><span style=\"color: #abd132;\"><strong>Comment se porte le march\u00e9 de l&rsquo;immobilier d&rsquo;entreprise sur vos secteurs ?<\/strong><\/span><\/p>\n<p><strong>Micha\u00ebl Maras : <\/strong>Nous avons la chance de travailler dans des villes de petite et moyenne taille qui ont \u00e9t\u00e9 moins impact\u00e9es par le Covid du fait d&rsquo;une pr\u00e9sence moindre d&rsquo;offres de grands plateaux de bureaux par rapport aux m\u00e9tropoles. J&rsquo;en veux pour preuve que nous ayons fait un chiffre d&rsquo;affaire sensiblement \u00e9quivalent en 2020 et en 2019. Cela est du au tissu \u00e9conomique tr\u00e8s dense de PME, PMI et artisans qui n&rsquo;ont jamais arr\u00eat\u00e9 de travailler.<\/p>\n<p>Aujourd&rsquo;hui, le march\u00e9 est tr\u00e8s demandeur et la situation tend plut\u00f4t sur une p\u00e9nurie d&rsquo;offres. Nous manquons cruellement d&rsquo;offres de locaux et de foncier, tout ce qui \u00e9tait \u00e0 vendre est vendu et il reste quelques offres en locatif mais on arrive au bout du stock. Nous devons par ailleurs absorber le report des demandes lyonnaises ou le march\u00e9 est \u00e9galement tr\u00e8s tendu !<\/p>\n\n\t\t<style type=\"text\/css\">\n\t\t\t#gallery-1 {\n\t\t\t\tmargin: auto;\n\t\t\t}\n\t\t\t#gallery-1 .gallery-item {\n\t\t\t\tfloat: left;\n\t\t\t\tmargin-top: 10px;\n\t\t\t\ttext-align: center;\n\t\t\t\twidth: 33%;\n\t\t\t}\n\t\t\t#gallery-1 img {\n\t\t\t\tborder: 2px solid #cfcfcf;\n\t\t\t}\n\t\t\t#gallery-1 .gallery-caption {\n\t\t\t\tmargin-left: 0;\n\t\t\t}\n\t\t\t\/* see gallery_shortcode() in wp-includes\/media.php *\/\n\t\t<\/style>\n\t\t<div id='gallery-1' class='gallery galleryid-16944 gallery-columns-3 gallery-size-large'><dl class='gallery-item'>\n\t\t\t<dt class='gallery-icon landscape'>\n\t\t\t\t<a href='https:\/\/www.geolocaux.com\/blog\/wp-content\/uploads\/2021\/06\/Arthur-Loyd-Saint-Etienne-Roanne-Geolocaux-Michael-Maras-1-scaled.jpg' title=\"\" data-rl_title=\"\" class=\"rl-gallery-link\" data-rl_caption=\"\" data-rel=\"lightbox-gallery-1\"><img loading=\"lazy\" decoding=\"async\" width=\"1024\" height=\"768\" src=\"https:\/\/www.geolocaux.com\/blog\/wp-content\/uploads\/2021\/06\/Arthur-Loyd-Saint-Etienne-Roanne-Geolocaux-Michael-Maras-1-1024x768.jpg\" class=\"attachment-large size-large\" alt=\"\" srcset=\"https:\/\/www.geolocaux.com\/blog\/wp-content\/uploads\/2021\/06\/Arthur-Loyd-Saint-Etienne-Roanne-Geolocaux-Michael-Maras-1-1024x768.jpg 1024w, https:\/\/www.geolocaux.com\/blog\/wp-content\/uploads\/2021\/06\/Arthur-Loyd-Saint-Etienne-Roanne-Geolocaux-Michael-Maras-1-300x225.jpg 300w, https:\/\/www.geolocaux.com\/blog\/wp-content\/uploads\/2021\/06\/Arthur-Loyd-Saint-Etienne-Roanne-Geolocaux-Michael-Maras-1-1536x1152.jpg 1536w, https:\/\/www.geolocaux.com\/blog\/wp-content\/uploads\/2021\/06\/Arthur-Loyd-Saint-Etienne-Roanne-Geolocaux-Michael-Maras-1-2048x1536.jpg 2048w, https:\/\/www.geolocaux.com\/blog\/wp-content\/uploads\/2021\/06\/Arthur-Loyd-Saint-Etienne-Roanne-Geolocaux-Michael-Maras-1-737x553.jpg 737w\" sizes=\"auto, (max-width: 1024px) 100vw, 1024px\" \/><\/a>\n\t\t\t<\/dt><\/dl><dl class='gallery-item'>\n\t\t\t<dt class='gallery-icon landscape'>\n\t\t\t\t<a href='https:\/\/www.geolocaux.com\/blog\/wp-content\/uploads\/2021\/06\/Arthur-Loyd-Saint-Etienne-Roanne-Geolocaux-Michael-Maras-3-scaled.jpg' title=\"\" data-rl_title=\"\" class=\"rl-gallery-link\" data-rl_caption=\"\" data-rel=\"lightbox-gallery-1\"><img loading=\"lazy\" decoding=\"async\" width=\"1024\" height=\"768\" src=\"https:\/\/www.geolocaux.com\/blog\/wp-content\/uploads\/2021\/06\/Arthur-Loyd-Saint-Etienne-Roanne-Geolocaux-Michael-Maras-3-1024x768.jpg\" class=\"attachment-large size-large\" alt=\"\" srcset=\"https:\/\/www.geolocaux.com\/blog\/wp-content\/uploads\/2021\/06\/Arthur-Loyd-Saint-Etienne-Roanne-Geolocaux-Michael-Maras-3-1024x768.jpg 1024w, https:\/\/www.geolocaux.com\/blog\/wp-content\/uploads\/2021\/06\/Arthur-Loyd-Saint-Etienne-Roanne-Geolocaux-Michael-Maras-3-300x225.jpg 300w, https:\/\/www.geolocaux.com\/blog\/wp-content\/uploads\/2021\/06\/Arthur-Loyd-Saint-Etienne-Roanne-Geolocaux-Michael-Maras-3-1536x1152.jpg 1536w, https:\/\/www.geolocaux.com\/blog\/wp-content\/uploads\/2021\/06\/Arthur-Loyd-Saint-Etienne-Roanne-Geolocaux-Michael-Maras-3-2048x1536.jpg 2048w, https:\/\/www.geolocaux.com\/blog\/wp-content\/uploads\/2021\/06\/Arthur-Loyd-Saint-Etienne-Roanne-Geolocaux-Michael-Maras-3-737x553.jpg 737w\" sizes=\"auto, (max-width: 1024px) 100vw, 1024px\" \/><\/a>\n\t\t\t<\/dt><\/dl><dl class='gallery-item'>\n\t\t\t<dt class='gallery-icon landscape'>\n\t\t\t\t<a href='https:\/\/www.geolocaux.com\/blog\/wp-content\/uploads\/2021\/06\/Arthur-Loyd-Saint-Etienne-Roanne-Geolocaux-Michael-Maras-5-1-scaled.jpg' title=\"\" data-rl_title=\"\" class=\"rl-gallery-link\" data-rl_caption=\"\" data-rel=\"lightbox-gallery-1\"><img loading=\"lazy\" decoding=\"async\" width=\"1024\" height=\"768\" src=\"https:\/\/www.geolocaux.com\/blog\/wp-content\/uploads\/2021\/06\/Arthur-Loyd-Saint-Etienne-Roanne-Geolocaux-Michael-Maras-5-1-1024x768.jpg\" class=\"attachment-large size-large\" alt=\"\" srcset=\"https:\/\/www.geolocaux.com\/blog\/wp-content\/uploads\/2021\/06\/Arthur-Loyd-Saint-Etienne-Roanne-Geolocaux-Michael-Maras-5-1-1024x768.jpg 1024w, https:\/\/www.geolocaux.com\/blog\/wp-content\/uploads\/2021\/06\/Arthur-Loyd-Saint-Etienne-Roanne-Geolocaux-Michael-Maras-5-1-300x225.jpg 300w, https:\/\/www.geolocaux.com\/blog\/wp-content\/uploads\/2021\/06\/Arthur-Loyd-Saint-Etienne-Roanne-Geolocaux-Michael-Maras-5-1-1536x1152.jpg 1536w, https:\/\/www.geolocaux.com\/blog\/wp-content\/uploads\/2021\/06\/Arthur-Loyd-Saint-Etienne-Roanne-Geolocaux-Michael-Maras-5-1-2048x1536.jpg 2048w, https:\/\/www.geolocaux.com\/blog\/wp-content\/uploads\/2021\/06\/Arthur-Loyd-Saint-Etienne-Roanne-Geolocaux-Michael-Maras-5-1-737x553.jpg 737w\" sizes=\"auto, (max-width: 1024px) 100vw, 1024px\" \/><\/a>\n\t\t\t<\/dt><\/dl><br style=\"clear: both\" \/><dl class='gallery-item'>\n\t\t\t<dt class='gallery-icon landscape'>\n\t\t\t\t<a href='https:\/\/www.geolocaux.com\/blog\/wp-content\/uploads\/2021\/06\/Arthur-Loyd-Saint-Etienne-Roanne-Geolocaux-Michael-Maras-6-scaled.jpg' title=\"\" data-rl_title=\"\" class=\"rl-gallery-link\" data-rl_caption=\"\" data-rel=\"lightbox-gallery-1\"><img loading=\"lazy\" decoding=\"async\" width=\"1024\" height=\"768\" src=\"https:\/\/www.geolocaux.com\/blog\/wp-content\/uploads\/2021\/06\/Arthur-Loyd-Saint-Etienne-Roanne-Geolocaux-Michael-Maras-6-1024x768.jpg\" class=\"attachment-large size-large\" alt=\"\" srcset=\"https:\/\/www.geolocaux.com\/blog\/wp-content\/uploads\/2021\/06\/Arthur-Loyd-Saint-Etienne-Roanne-Geolocaux-Michael-Maras-6-1024x768.jpg 1024w, https:\/\/www.geolocaux.com\/blog\/wp-content\/uploads\/2021\/06\/Arthur-Loyd-Saint-Etienne-Roanne-Geolocaux-Michael-Maras-6-300x225.jpg 300w, https:\/\/www.geolocaux.com\/blog\/wp-content\/uploads\/2021\/06\/Arthur-Loyd-Saint-Etienne-Roanne-Geolocaux-Michael-Maras-6-1536x1152.jpg 1536w, https:\/\/www.geolocaux.com\/blog\/wp-content\/uploads\/2021\/06\/Arthur-Loyd-Saint-Etienne-Roanne-Geolocaux-Michael-Maras-6-2048x1536.jpg 2048w, https:\/\/www.geolocaux.com\/blog\/wp-content\/uploads\/2021\/06\/Arthur-Loyd-Saint-Etienne-Roanne-Geolocaux-Michael-Maras-6-737x553.jpg 737w\" sizes=\"auto, (max-width: 1024px) 100vw, 1024px\" \/><\/a>\n\t\t\t<\/dt><\/dl><dl class='gallery-item'>\n\t\t\t<dt class='gallery-icon landscape'>\n\t\t\t\t<a href='https:\/\/www.geolocaux.com\/blog\/wp-content\/uploads\/2021\/06\/Arthur-Loyd-Villefranche-sur-Saone-Michael-Maras-1-scaled.jpg' title=\"\" data-rl_title=\"\" class=\"rl-gallery-link\" data-rl_caption=\"\" data-rel=\"lightbox-gallery-1\"><img loading=\"lazy\" decoding=\"async\" width=\"1024\" height=\"768\" src=\"https:\/\/www.geolocaux.com\/blog\/wp-content\/uploads\/2021\/06\/Arthur-Loyd-Villefranche-sur-Saone-Michael-Maras-1-1024x768.jpg\" class=\"attachment-large size-large\" alt=\"\" srcset=\"https:\/\/www.geolocaux.com\/blog\/wp-content\/uploads\/2021\/06\/Arthur-Loyd-Villefranche-sur-Saone-Michael-Maras-1-1024x768.jpg 1024w, https:\/\/www.geolocaux.com\/blog\/wp-content\/uploads\/2021\/06\/Arthur-Loyd-Villefranche-sur-Saone-Michael-Maras-1-300x225.jpg 300w, https:\/\/www.geolocaux.com\/blog\/wp-content\/uploads\/2021\/06\/Arthur-Loyd-Villefranche-sur-Saone-Michael-Maras-1-1536x1152.jpg 1536w, https:\/\/www.geolocaux.com\/blog\/wp-content\/uploads\/2021\/06\/Arthur-Loyd-Villefranche-sur-Saone-Michael-Maras-1-2048x1536.jpg 2048w, https:\/\/www.geolocaux.com\/blog\/wp-content\/uploads\/2021\/06\/Arthur-Loyd-Villefranche-sur-Saone-Michael-Maras-1-737x553.jpg 737w\" sizes=\"auto, (max-width: 1024px) 100vw, 1024px\" \/><\/a>\n\t\t\t<\/dt><\/dl><dl class='gallery-item'>\n\t\t\t<dt class='gallery-icon landscape'>\n\t\t\t\t<a href='https:\/\/www.geolocaux.com\/blog\/wp-content\/uploads\/2021\/06\/Arthur-Loyd-Villefranche-sur-Saone-Michael-Maras-2-scaled.jpg' title=\"\" data-rl_title=\"\" class=\"rl-gallery-link\" data-rl_caption=\"\" data-rel=\"lightbox-gallery-1\"><img loading=\"lazy\" decoding=\"async\" width=\"1024\" height=\"768\" src=\"https:\/\/www.geolocaux.com\/blog\/wp-content\/uploads\/2021\/06\/Arthur-Loyd-Villefranche-sur-Saone-Michael-Maras-2-1024x768.jpg\" class=\"attachment-large size-large\" alt=\"\" srcset=\"https:\/\/www.geolocaux.com\/blog\/wp-content\/uploads\/2021\/06\/Arthur-Loyd-Villefranche-sur-Saone-Michael-Maras-2-1024x768.jpg 1024w, https:\/\/www.geolocaux.com\/blog\/wp-content\/uploads\/2021\/06\/Arthur-Loyd-Villefranche-sur-Saone-Michael-Maras-2-300x225.jpg 300w, https:\/\/www.geolocaux.com\/blog\/wp-content\/uploads\/2021\/06\/Arthur-Loyd-Villefranche-sur-Saone-Michael-Maras-2-1536x1152.jpg 1536w, https:\/\/www.geolocaux.com\/blog\/wp-content\/uploads\/2021\/06\/Arthur-Loyd-Villefranche-sur-Saone-Michael-Maras-2-2048x1536.jpg 2048w, https:\/\/www.geolocaux.com\/blog\/wp-content\/uploads\/2021\/06\/Arthur-Loyd-Villefranche-sur-Saone-Michael-Maras-2-737x553.jpg 737w\" sizes=\"auto, (max-width: 1024px) 100vw, 1024px\" \/><\/a>\n\t\t\t<\/dt><\/dl><br style=\"clear: both\" \/><dl class='gallery-item'>\n\t\t\t<dt class='gallery-icon landscape'>\n\t\t\t\t<a href='https:\/\/www.geolocaux.com\/blog\/wp-content\/uploads\/2021\/06\/Arthur-Loyd-Villefranche-sur-Saone-Michael-Maras-3-scaled.jpg' title=\"\" data-rl_title=\"\" class=\"rl-gallery-link\" data-rl_caption=\"\" data-rel=\"lightbox-gallery-1\"><img loading=\"lazy\" decoding=\"async\" width=\"1024\" height=\"768\" src=\"https:\/\/www.geolocaux.com\/blog\/wp-content\/uploads\/2021\/06\/Arthur-Loyd-Villefranche-sur-Saone-Michael-Maras-3-1024x768.jpg\" class=\"attachment-large size-large\" alt=\"\" srcset=\"https:\/\/www.geolocaux.com\/blog\/wp-content\/uploads\/2021\/06\/Arthur-Loyd-Villefranche-sur-Saone-Michael-Maras-3-1024x768.jpg 1024w, https:\/\/www.geolocaux.com\/blog\/wp-content\/uploads\/2021\/06\/Arthur-Loyd-Villefranche-sur-Saone-Michael-Maras-3-300x225.jpg 300w, https:\/\/www.geolocaux.com\/blog\/wp-content\/uploads\/2021\/06\/Arthur-Loyd-Villefranche-sur-Saone-Michael-Maras-3-1536x1152.jpg 1536w, https:\/\/www.geolocaux.com\/blog\/wp-content\/uploads\/2021\/06\/Arthur-Loyd-Villefranche-sur-Saone-Michael-Maras-3-2048x1536.jpg 2048w, https:\/\/www.geolocaux.com\/blog\/wp-content\/uploads\/2021\/06\/Arthur-Loyd-Villefranche-sur-Saone-Michael-Maras-3-737x553.jpg 737w\" sizes=\"auto, (max-width: 1024px) 100vw, 1024px\" \/><\/a>\n\t\t\t<\/dt><\/dl><dl class='gallery-item'>\n\t\t\t<dt class='gallery-icon landscape'>\n\t\t\t\t<a href='https:\/\/www.geolocaux.com\/blog\/wp-content\/uploads\/2021\/06\/Arthur-Loyd-Villefranche-sur-Saone-Michael-Maras-4-scaled.jpg' title=\"\" data-rl_title=\"\" class=\"rl-gallery-link\" data-rl_caption=\"\" data-rel=\"lightbox-gallery-1\"><img loading=\"lazy\" decoding=\"async\" width=\"1024\" height=\"768\" src=\"https:\/\/www.geolocaux.com\/blog\/wp-content\/uploads\/2021\/06\/Arthur-Loyd-Villefranche-sur-Saone-Michael-Maras-4-1024x768.jpg\" class=\"attachment-large size-large\" alt=\"\" srcset=\"https:\/\/www.geolocaux.com\/blog\/wp-content\/uploads\/2021\/06\/Arthur-Loyd-Villefranche-sur-Saone-Michael-Maras-4-1024x768.jpg 1024w, https:\/\/www.geolocaux.com\/blog\/wp-content\/uploads\/2021\/06\/Arthur-Loyd-Villefranche-sur-Saone-Michael-Maras-4-300x225.jpg 300w, https:\/\/www.geolocaux.com\/blog\/wp-content\/uploads\/2021\/06\/Arthur-Loyd-Villefranche-sur-Saone-Michael-Maras-4-1536x1152.jpg 1536w, https:\/\/www.geolocaux.com\/blog\/wp-content\/uploads\/2021\/06\/Arthur-Loyd-Villefranche-sur-Saone-Michael-Maras-4-2048x1536.jpg 2048w, https:\/\/www.geolocaux.com\/blog\/wp-content\/uploads\/2021\/06\/Arthur-Loyd-Villefranche-sur-Saone-Michael-Maras-4-737x553.jpg 737w\" sizes=\"auto, (max-width: 1024px) 100vw, 1024px\" \/><\/a>\n\t\t\t<\/dt><\/dl><dl class='gallery-item'>\n\t\t\t<dt class='gallery-icon landscape'>\n\t\t\t\t<a href='https:\/\/www.geolocaux.com\/blog\/wp-content\/uploads\/2021\/06\/Arthur-Loyd-Villefranche-sur-Saone-Michael-Maras-5-scaled.jpg' title=\"\" data-rl_title=\"\" class=\"rl-gallery-link\" data-rl_caption=\"\" data-rel=\"lightbox-gallery-1\"><img loading=\"lazy\" decoding=\"async\" width=\"1024\" height=\"768\" src=\"https:\/\/www.geolocaux.com\/blog\/wp-content\/uploads\/2021\/06\/Arthur-Loyd-Villefranche-sur-Saone-Michael-Maras-5-1024x768.jpg\" class=\"attachment-large size-large\" alt=\"\" srcset=\"https:\/\/www.geolocaux.com\/blog\/wp-content\/uploads\/2021\/06\/Arthur-Loyd-Villefranche-sur-Saone-Michael-Maras-5-1024x768.jpg 1024w, https:\/\/www.geolocaux.com\/blog\/wp-content\/uploads\/2021\/06\/Arthur-Loyd-Villefranche-sur-Saone-Michael-Maras-5-300x225.jpg 300w, https:\/\/www.geolocaux.com\/blog\/wp-content\/uploads\/2021\/06\/Arthur-Loyd-Villefranche-sur-Saone-Michael-Maras-5-1536x1152.jpg 1536w, https:\/\/www.geolocaux.com\/blog\/wp-content\/uploads\/2021\/06\/Arthur-Loyd-Villefranche-sur-Saone-Michael-Maras-5-2048x1536.jpg 2048w, https:\/\/www.geolocaux.com\/blog\/wp-content\/uploads\/2021\/06\/Arthur-Loyd-Villefranche-sur-Saone-Michael-Maras-5-737x553.jpg 737w\" sizes=\"auto, (max-width: 1024px) 100vw, 1024px\" \/><\/a>\n\t\t\t<\/dt><\/dl><br style=\"clear: both\" \/>\n\t\t<\/div>\n\n<p style=\"font-weight: 400;\"><span style=\"color: #abd132;\"><strong>Quels sont vos projets pour vos agences ?<\/strong><\/span><\/p>\n<p><strong>Micha\u00ebl Maras : <\/strong>Pour r\u00e9pondre \u00e0 la p\u00e9nurie d&rsquo;offres, notre objectif est de sortir de nouveaux programmes sur les zones d&rsquo;activit\u00e9s en collaboration avec les promoteurs et les constructeurs. Nous avons quelques beaux dossiers dans les cartons mais il faut \u00eatre patient, le temps de monter et sortir ces offres.<\/p>\n<p style=\"font-weight: 400;\"><span style=\"color: #abd132;\"><strong>Une beau projet en cours que vous souhaitez partager avec nos lecteurs ?<\/strong><\/span><\/p>\n<p><strong>Micha\u00ebl Maras : <\/strong>Il y un effectivement un programme phare, l&rsquo;Actipark de la Richassi\u00e8re, que nous commercialisons en exclusivit\u00e9. Il repr\u00e9sente 30 000 m\u00b2 de surface de plancher de bureaux, activit\u00e9s et showroom r\u00e9partis dans 16 b\u00e2timents sur 7 hectares. Nous avons lanc\u00e9 ce programme il y a 3 ans \u00e0 la commercialisation et 2 ans pour la construction, il ne nous reste aujourd&rsquo;hui plus que 2 b\u00e2timents \u00e0 commercialiser.<\/p>\n\n\t\t<style type=\"text\/css\">\n\t\t\t#gallery-2 {\n\t\t\t\tmargin: auto;\n\t\t\t}\n\t\t\t#gallery-2 .gallery-item {\n\t\t\t\tfloat: left;\n\t\t\t\tmargin-top: 10px;\n\t\t\t\ttext-align: center;\n\t\t\t\twidth: 33%;\n\t\t\t}\n\t\t\t#gallery-2 img {\n\t\t\t\tborder: 2px solid #cfcfcf;\n\t\t\t}\n\t\t\t#gallery-2 .gallery-caption {\n\t\t\t\tmargin-left: 0;\n\t\t\t}\n\t\t\t\/* see gallery_shortcode() in wp-includes\/media.php *\/\n\t\t<\/style>\n\t\t<div id='gallery-2' class='gallery galleryid-16944 gallery-columns-3 gallery-size-thumbnail'><dl class='gallery-item'>\n\t\t\t<dt class='gallery-icon landscape'>\n\t\t\t\t<a href='https:\/\/www.geolocaux.com\/blog\/wp-content\/uploads\/2021\/06\/Actipark-de-la-Richassiere-Geolocaux-Arthur-Loyd-Michael-Maras-1-scaled.jpg' title=\"\" data-rl_title=\"\" class=\"rl-gallery-link\" data-rl_caption=\"\" data-rel=\"lightbox-gallery-2\"><img loading=\"lazy\" decoding=\"async\" width=\"150\" height=\"150\" src=\"https:\/\/www.geolocaux.com\/blog\/wp-content\/uploads\/2021\/06\/Actipark-de-la-Richassiere-Geolocaux-Arthur-Loyd-Michael-Maras-1-150x150.jpg\" class=\"attachment-thumbnail size-thumbnail\" alt=\"\" \/><\/a>\n\t\t\t<\/dt><\/dl><dl class='gallery-item'>\n\t\t\t<dt class='gallery-icon landscape'>\n\t\t\t\t<a href='https:\/\/www.geolocaux.com\/blog\/wp-content\/uploads\/2021\/06\/Actipark-de-la-Richassiere-Geolocaux-Arthur-Loyd-Michael-Maras-2-scaled.jpg' title=\"\" data-rl_title=\"\" class=\"rl-gallery-link\" data-rl_caption=\"\" data-rel=\"lightbox-gallery-2\"><img loading=\"lazy\" decoding=\"async\" width=\"150\" height=\"150\" src=\"https:\/\/www.geolocaux.com\/blog\/wp-content\/uploads\/2021\/06\/Actipark-de-la-Richassiere-Geolocaux-Arthur-Loyd-Michael-Maras-2-150x150.jpg\" class=\"attachment-thumbnail size-thumbnail\" alt=\"Actipark de la Richassi\u00e8re Geolocaux Arthur Loyd Michael Maras (2)\" \/><\/a>\n\t\t\t<\/dt><\/dl>\n\t\t\t<br style='clear: both' \/>\n\t\t<\/div>\n\n<hr \/>\n<p>Tout l&rsquo;immobilier d&rsquo;entreprise est sur Geolocaux, suivez les liens pour consulter nos offres disponibles dans la <a href=\"https:\/\/www.geolocaux.com\/location\/bureau\/loire-42\/\">Loire<\/a>, l&rsquo;<a href=\"https:\/\/www.geolocaux.com\/location\/bureau\/ain-01\/\">Ain<\/a> et le <a href=\"https:\/\/www.geolocaux.com\/location\/bureau\/rhone-69\/\">Rh\u00f4ne<\/a> !\u00a0 Vous avez appr\u00e9ci\u00e9 cet article et souhaitez d\u00e9couvrir d&rsquo;autres <a href=\"https:\/\/www.geolocaux.com\/blog\/category\/interviews\/\">interviews de professionnels de l&rsquo;immobilier et d&rsquo;entrepreneurs<\/a>, suivez le lien \ud83d\ude42<\/p>\n","protected":false},"excerpt":{"rendered":"<p>Micha\u00ebl Maras est g\u00e9rant des agences Arthur Loyd Saint-Etienne &#8211; Roanne, Arthur Loyd Bourg-en-Bresse et Arthur Loyd Villefranche. Dans le cadre de notre partenariat pour la diffusion de l&rsquo;ensemble de ses offres immobili\u00e8res disponibles \u00e0 destination des entreprise, il a&#8230;<\/p>\n","protected":false},"author":134,"featured_media":16958,"comment_status":"closed","ping_status":"open","sticky":false,"template":"","format":"standard","meta":{"_acf_changed":false,"footnotes":""},"categories":[39],"tags":[204,1556,1555,1557],"class_list":["post-16944","post","type-post","status-publish","format-standard","has-post-thumbnail","hentry","category-interviews","tag-arthur-loyd","tag-arthur-loyd-bourg-en-bresse","tag-arthur-loyd-saint-etienne-roanne","tag-arthur-loyd-villefranche-sur-saone","partenaires-arthur-loyd-villefranche"],"acf":[],"thumbnail":"https:\/\/www.geolocaux.com\/blog\/wp-content\/uploads\/2021\/06\/orpi-737x369.jpg","partenaire":"463","category":"Interviews","_links":{"self":[{"href":"https:\/\/www.geolocaux.com\/blog\/wp-json\/wp\/v2\/posts\/16944","targetHints":{"allow":["GET"]}}],"collection":[{"href":"https:\/\/www.geolocaux.com\/blog\/wp-json\/wp\/v2\/posts"}],"about":[{"href":"https:\/\/www.geolocaux.com\/blog\/wp-json\/wp\/v2\/types\/post"}],"author":[{"embeddable":true,"href":"https:\/\/www.geolocaux.com\/blog\/wp-json\/wp\/v2\/users\/134"}],"replies":[{"embeddable":true,"href":"https:\/\/www.geolocaux.com\/blog\/wp-json\/wp\/v2\/comments?post=16944"}],"version-history":[{"count":16,"href":"https:\/\/www.geolocaux.com\/blog\/wp-json\/wp\/v2\/posts\/16944\/revisions"}],"predecessor-version":[{"id":20515,"href":"https:\/\/www.geolocaux.com\/blog\/wp-json\/wp\/v2\/posts\/16944\/revisions\/20515"}],"wp:featuredmedia":[{"embeddable":true,"href":"https:\/\/www.geolocaux.com\/blog\/wp-json\/wp\/v2\/media\/16958"}],"wp:attachment":[{"href":"https:\/\/www.geolocaux.com\/blog\/wp-json\/wp\/v2\/media?parent=16944"}],"wp:term":[{"taxonomy":"category","embeddable":true,"href":"https:\/\/www.geolocaux.com\/blog\/wp-json\/wp\/v2\/categories?post=16944"},{"taxonomy":"post_tag","embeddable":true,"href":"https:\/\/www.geolocaux.com\/blog\/wp-json\/wp\/v2\/tags?post=16944"}],"curies":[{"name":"wp","href":"https:\/\/api.w.org\/{rel}","templated":true}]}}