{"id":16418,"date":"2021-02-17T12:45:51","date_gmt":"2021-02-17T10:45:51","guid":{"rendered":"https:\/\/blog.geolocaux.com\/?p=16418"},"modified":"2025-01-08T11:31:34","modified_gmt":"2025-01-08T09:31:34","slug":"eirl-definition-statut","status":"publish","type":"post","link":"https:\/\/www.geolocaux.com\/blog\/conseils\/eirl-definition-statut\/","title":{"rendered":"Statut de l\u2019EIRL\u00a0: d\u00e9finition et m\u00e9canismes de protection"},"content":{"rendered":"<p>L\u2019activit\u00e9 commerciale peut \u00eatre exerc\u00e9e de deux mani\u00e8res juridiquement distinctes, sous la forme<a href=\"https:\/\/www.geolocaux.com\/blog\/conseils\/entreprise-individuelle-definition-avantages-risques\/\"> individuelle<\/a> ou sous la forme de <a href=\"https:\/\/www.geolocaux.com\/blog\/conseils\/societe-definition-conditions-formes\/\">groupement<\/a>, chacune de ces modalit\u00e9s ayant un r\u00e9gime juridique sp\u00e9cifique.<\/p>\n<p>L\u2019exercice de l\u2019activit\u00e9 individuelle se caract\u00e9rise, entre autres, par le fait que l\u2019entrepreneur individuel b\u00e9n\u00e9ficie de la <strong>pl\u00e9nitude des pouvoirs<\/strong> dans la gestion de son entreprise. Cet avantage pr\u00e9sente, n\u00e9anmoins, un inconv\u00e9nient non n\u00e9gligeable qui est que l\u2019entrepreneur est <strong>responsable sur la totalit\u00e9 de son patrimoine<\/strong>, y compris, donc, sur ses biens personnels. C\u2019est la raison pour laquelle le l\u00e9gislateur a pr\u00e9vu des m\u00e9canismes de <strong>protection<\/strong> l\u00e9gale visant \u00e0 <strong>limiter la responsabilit\u00e9 de l\u2019entrepreneur<\/strong> et \u00e0 <strong>pr\u00e9server son patrimoine personnel<\/strong>, parmi lesquels le statut de l\u2019entrepreneur \u00e0 responsabilit\u00e9 limit\u00e9e (EIRL).<\/p>\n<h2><span style=\"color: #abd132;\"><strong>Qu\u2019est-ce que le statut de l\u2019EIRL\u00a0?<\/strong><\/span><\/h2>\n<p>Le statut de l\u2019EIRL a \u00e9t\u00e9 cr\u00e9\u00e9 par une<a href=\"https:\/\/www.legifrance.gouv.fr\/jorf\/id\/JORFTEXT000022355229\/\"> loi du 15 juin 2010<\/a> et r\u00e9cemment r\u00e9form\u00e9 par la <a href=\"https:\/\/www.legifrance.gouv.fr\/jorf\/id\/JORFTEXT000038496102\/\">loi PACTE du 22 mai 2019<\/a>. R\u00e9gi par les <a href=\"https:\/\/www.legifrance.gouv.fr\/codes\/section_lc\/LEGITEXT000005634379\/LEGISCTA000022356568\/#LEGISCTA000022356993\">articles L. 526-5-1 et suivants<\/a> du Code de commerce, il peut \u00eatre adopt\u00e9 par toute personne physique exer\u00e7ant une activit\u00e9 ind\u00e9pendante en son nom propre, qu\u2019elle soit agricole, artisanale, commerciale ou lib\u00e9rale, lors de la cr\u00e9ation de son entreprise ou, plus g\u00e9n\u00e9ralement, \u00e0 tout moment.<\/p>\n<h2><span style=\"color: #abd132;\"><strong>Quelles sont les cons\u00e9quences de l\u2019adoption du statut de l\u2019EIRL\u00a0? <\/strong><\/span><\/h2>\n<p>Le statut de l\u2019EIRL permet \u00e0 l\u2019entrepreneur de <strong>dissocier son patrimoine professionnel de son patrimoine personne<\/strong>l et ce sans qu\u2019il ne soit n\u00e9cessaire de cr\u00e9er une personne morale.<\/p>\n<p>Concr\u00e8tement, l\u2019entrepreneur va disposer d\u2019un, voire plusieurs en cas de pluralit\u00e9 d\u2019activit\u00e9s, <strong>patrimoines professionnels<\/strong>, \u00e9galement appel\u00e9s \u00ab\u00a0patrimoines d\u2019affectations\u00a0\u00bb ou \u00ab\u00a0affect\u00e9s\u00a0\u00bb, d\u00e9di\u00e9s \u00e0 son activit\u00e9, et d\u2019un <strong>patrimoine personnel<\/strong>, ou \u00ab\u00a0non affect\u00e9\u00a0\u00bb, consacr\u00e9, quant \u00e0 lui, \u00e0 sa vie personnelle.<\/p>\n<h2><span style=\"color: #abd132;\"><strong>De quoi le patrimoine professionnel est-il compos\u00e9\u00a0? <\/strong><\/span><\/h2>\n<p>L\u2019<a href=\"https:\/\/www.legifrance.gouv.fr\/codes\/article_lc\/LEGIARTI000038584749\">article L. 526-6<\/a> du Code de commerce\u00a0pr\u00e9cise les \u00e9l\u00e9ments qui composent le patrimoine professionnel. Il s\u2019agit de l&rsquo;ensemble des biens, droits, obligations* ou s\u00fbret\u00e9s* dont l&rsquo;entrepreneur individuel est titulaire et qui sont n\u00e9cessaires \u00e0 l&rsquo;exercice de son activit\u00e9 professionnelle.<\/p>\n<p>Par ailleurs, la composition du patrimoine d\u2019affectation doit ob\u00e9ir \u00e0 deux principes. Premi\u00e8rement, il existe un <strong>principe d\u2019exclusivit\u00e9<\/strong> selon lequel les biens, droits, obligations ou s\u00fbret\u00e9s de l\u2019entrepreneur sont affect\u00e9s \u00e0 un seul patrimoine. Ils ne peuvent \u00e0 la fois faire partie du patrimoine professionnel et du patrimoine personnel. De m\u00eame, en cas de pluralit\u00e9 de patrimoines professionnels, ils ne peuvent faire partie de plusieurs de ces patrimoines.<\/p>\n<p>Deuxi\u00e8mement, il convient de respecter le <strong>principe d\u2019affectation obligatoire<\/strong> selon lequel le patrimoine professionnel doit \u00eatre compos\u00e9 de l\u2019ensemble des biens, droits, obligations ou s\u00fbret\u00e9s n\u00e9cessaires et utiles \u00e0 l\u2019activit\u00e9 professionnelle de l\u2019entrepreneur. Il s\u2019agit de s\u2019assurer que ce dernier ne r\u00e9duise pas \u00e0 outrance le droit de gage* de ses cr\u00e9anciers en limitant, de mani\u00e8re artificielle, la composition de son patrimoine professionnel.<\/p>\n<h2><span style=\"color: #abd132;\"><strong>En quoi le statut de l\u2019EIRL est-il protecteur\u00a0? <\/strong><\/span><\/h2>\n<p>Le statut de l\u2019EIRL entra\u00eene une <strong>s\u00e9paration des patrimoines<\/strong> de l\u2019EIRL et permet de <strong>prot\u00e9ger son patrimoine personnel<\/strong>.<\/p>\n<p>En revanche, cette s\u00e9paration n\u2019est opposable* qu\u2019aux cr\u00e9anciers dont les droits sont n\u00e9s post\u00e9rieurement \u00e0 l\u2019affectation des biens au patrimoine professionnel. Il faut donc les distinguer les cr\u00e9anciers dont les droits sont n\u00e9s post\u00e9rieurement \u00e0 l\u2019affectation.<\/p>\n<ul>\n<li>Situation des cr\u00e9anciers dont les droits sont n\u00e9s apr\u00e8s l\u2019affection<\/li>\n<\/ul>\n<p>Pour les cr\u00e9anciers <strong>dont les droits sont n\u00e9s apr\u00e8s l\u2019affection<\/strong>, la s\u00e9paration des patrimoines s\u2019applique. Dans ce cas, il faut distinguer deux cat\u00e9gories de cr\u00e9anciers. Les <strong>cr\u00e9anciers professionnels<\/strong> d\u2019une part, c\u2019est-\u00e0-dire ceux dont les droits naissent \u00e0 l\u2019occasion de l\u2019exercice de l\u2019activit\u00e9 professionnelle et qui ont pour seul droit de gage le patrimoine professionnel. Les <strong>cr\u00e9anciers personnels<\/strong> d\u2019autre part, dont les droits naissent dans le cadre de la vie personnelle de l\u2019entrepreneur et qui ont pour seul droit de gage le patrimoine personnel.<\/p>\n<p>Prenons l\u2019exemple d\u2019un entrepreneur qui souscrit un emprunt pour financer, dans le cadre de son activit\u00e9, l\u2019achat de mat\u00e9riel. S\u2019il ne le rembourse pas, l\u2019\u00e9tablissement de cr\u00e9dit pourra saisir l\u2019ensemble des biens constituant son patrimoine professionnel. En revanche, il ne pourra pas saisir ses biens personnels, comme sa r\u00e9sidence secondaire ou son v\u00e9hicule familial par exemple.<\/p>\n<p>\u00c0 l\u2019inverse, si l\u2019entrepreneur contracte un pr\u00eat pour acheter un v\u00e9hicule familial et qu\u2019il ne le rembourse pas, la banque pourra saisir le v\u00e9hicule ou tout autre bien personnel, mais ne pourra pas saisir ceux relevant de son patrimoine professionnel comme le mat\u00e9riel ou la marchandise n\u00e9cessaires \u00e0 son activit\u00e9.<\/p>\n<ul>\n<li>Situation des cr\u00e9anciers dont les droits sont n\u00e9s avant l\u2019affection<\/li>\n<\/ul>\n<p>En revanche, pour les cr\u00e9anciers <strong>dont les droits sont n\u00e9s avant l\u2019affectation<\/strong>, la s\u00e9paration des patrimoines est sans effet. Qu\u2019ils soient professionnels ou personnels, ils peuvent saisir l\u2019int\u00e9gralit\u00e9 du patrimoine de l\u2019entrepreneur.<\/p>\n<p>Ainsi, si ce dernier ne rembourse pas le pr\u00eat contract\u00e9 dans le cadre de son activit\u00e9, pour financer l\u2019achat de mat\u00e9riel par exemple, l\u2019\u00e9tablissement de cr\u00e9dit pourra, outre le mat\u00e9riel et la marchandise, saisir son v\u00e9hicule personnel ou sa r\u00e9sidence secondaire.<\/p>\n<h2><span style=\"color: #abd132;\"><strong>Quelles sont les formalit\u00e9s pour b\u00e9n\u00e9ficier de ce statut ? <\/strong><\/span><\/h2>\n<p>L\u2019entrepreneur qui souhaite b\u00e9n\u00e9ficier du statut de l\u2019EIRL doit en faire la <strong>d\u00e9claration <\/strong>aupr\u00e8s du registre l\u00e9gal auquel il est tenu de s\u2019immatriculer (le registre du commerce et des soci\u00e9t\u00e9s pour un commer\u00e7ant et le r\u00e9pertoire des m\u00e9tiers pour un artisan). Pour l\u2019entrepreneur qui n\u2019est pas soumis \u00e0 une obligation d\u2019immatriculation, c\u2019est-\u00e0-dire le professionnel lib\u00e9ral ou l\u2019agriculteur, la d\u00e9claration se fait aupr\u00e8s du greffe du tribunal de commerce ou de la chambre de l\u2019agriculture.<\/p>\n<p>La d\u00e9claration est assortie d\u2019un \u00e9tat descriptif des biens affect\u00e9s au patrimoine professionnel et pr\u00e9cise leur valeur v\u00e9nale ou, \u00e0 d\u00e9faut, leur valeur d\u2019utilit\u00e9.<\/p>\n<p>Par ailleurs, il convient de noter que les biens immobiliers font l\u2019objet d\u2019une proc\u00e9dure particuli\u00e8re. Leur affectation est subordonn\u00e9e \u00e0 un acte notari\u00e9 et doit \u00eatre publi\u00e9e au bureau des hypoth\u00e8ques.<\/p>\n<p>Une fois le patrimoine constitu\u00e9, l&rsquo;inscription ou le retrait en comptabilit\u00e9 d&rsquo;un bien, droit, obligation ou s\u00fbret\u00e9 emporte affectation \u00e0 l&rsquo;activit\u00e9 professionnelle ou retrait du patrimoine affect\u00e9<\/p>\n<h2><span style=\"color: #abd132;\"><strong>Quelles sont les limites du statut de l\u2019EIRL\u00a0? <\/strong><\/span><\/h2>\n<p>Si le statut de l\u2019EIRL constitue une protection efficace du patrimoine personnel de l\u2019entrepreneur, il pr\u00e9sente n\u00e9anmoins <strong>deux limites<\/strong>, l\u2019une \u00e9conomique, l\u2019autre juridique.<\/p>\n<p>D\u2019un point de vue \u00e9conomique, la r\u00e9duction du droit de gage des cr\u00e9anciers constitue un frein au financement et \u00e0 l\u2019octroi de cr\u00e9dit.<\/p>\n<p>Sur le plan juridique, l\u2019<a href=\"https:\/\/www.legifrance.gouv.fr\/codes\/article_lc\/LEGIARTI000038584721\/\">article L. 526-12 du Code de commerce<\/a> pr\u00e9voit que l\u2019entrepreneur individuel perd le b\u00e9n\u00e9fice de la s\u00e9paration des patrimoines, c\u2019est-\u00e0-dire redevient responsable sur la totalit\u00e9 de son patrimoine, y compris ses biens personnels, en cas de fraude ou de manquements \u00e0 ses obligations, notamment comptables.<\/p>\n<hr \/>\n<p><em>Lexique<\/em><\/p>\n<ul>\n<li>Le <strong>droit de gage <\/strong>est la pr\u00e9rogative dont disposent les cr\u00e9anciers du d\u00e9biteur sur l\u2019ensemble de ses biens pr\u00e9sents et \u00e0 venir. Autrement dit, cela correspond \u00e0 l\u2019ensemble des biens qu\u2019ils peuvent saisir dans l\u2019hypoth\u00e8se o\u00f9 leurs cr\u00e9ances ne sont pas pay\u00e9es.<\/li>\n<\/ul>\n<p><strong>* <\/strong>Une <strong>obligation<\/strong> est un lien de droit par lequel une ou plusieurs personnes, que l\u2019on appelle d\u00e9biteur(s), est ou sont tenue(s) d\u2019une prestation envers une ou plusieurs autres personnes, que l\u2019on appelle cr\u00e9ancier(s).<\/p>\n<p><strong>* <\/strong>Une<strong> s\u00fbret\u00e9\u00a0<\/strong>est une garantie fournie \u00e0 un cr\u00e9ancier pour le paiement d\u2019une dette \u00e0 l\u2019\u00e9ch\u00e9ance malgr\u00e9 l\u2019insolvabilit\u00e9 du d\u00e9biteur.<\/p>\n<p><strong>* <\/strong>L\u2019<strong>opposabilit\u00e9\u00a0<\/strong>est l\u2019aptitude d\u2019un droit, d\u2019un acte ou d\u2019une situation \u00e0 produire des effets vis-\u00e0-vis des tiers, c\u2019est-\u00e0-dire \u00e0 l\u2019\u00e9gard de ceux qui ne sont ni titulaires du droit, ni parties \u00e0 l\u2019acte, ni concern\u00e9s par la situation.<\/p>\n<hr \/>\n<p>Dans notre prochain article d\u00e9di\u00e9 aux questions juridiques, nous vous proposerons d&rsquo;en savoir plus sur la notion de fonds de commerce. En attendant, savez-vous que vous pouvez r\u00e9aliser une \u00e9tude sur le trajet domicile-travail de vos salari\u00e9s gr\u00e2ce \u00e0 <a href=\"https:\/\/www.geolocaux.com\/services\/professionnel\/mes-employes.html\">Mes Employ\u00e9s<\/a> ? \ud83d\ude09<\/p>\n","protected":false},"excerpt":{"rendered":"<p>L\u2019activit\u00e9 commerciale peut \u00eatre exerc\u00e9e de deux mani\u00e8res juridiquement distinctes, sous la forme individuelle ou sous la forme de groupement, chacune de ces modalit\u00e9s ayant un r\u00e9gime juridique sp\u00e9cifique. L\u2019exercice de l\u2019activit\u00e9 individuelle se caract\u00e9rise, entre autres, par le fait&#8230;<\/p>\n","protected":false},"author":4,"featured_media":16470,"comment_status":"closed","ping_status":"open","sticky":false,"template":"","format":"standard","meta":{"_acf_changed":false,"footnotes":""},"categories":[40],"tags":[1493,1498,1473,1472,1492,489],"class_list":["post-16418","post","type-post","status-publish","format-standard","has-post-thumbnail","hentry","category-conseils","tag-droit","tag-eirl","tag-entreprendre","tag-entrepreneur","tag-entreprise-individuelle","tag-juridique"],"acf":[],"thumbnail":"https:\/\/www.geolocaux.com\/blog\/wp-content\/uploads\/2021\/02\/pexels-photo-273238-737x491.jpeg","partenaire":"","category":"Conseils","_links":{"self":[{"href":"https:\/\/www.geolocaux.com\/blog\/wp-json\/wp\/v2\/posts\/16418","targetHints":{"allow":["GET"]}}],"collection":[{"href":"https:\/\/www.geolocaux.com\/blog\/wp-json\/wp\/v2\/posts"}],"about":[{"href":"https:\/\/www.geolocaux.com\/blog\/wp-json\/wp\/v2\/types\/post"}],"author":[{"embeddable":true,"href":"https:\/\/www.geolocaux.com\/blog\/wp-json\/wp\/v2\/users\/4"}],"replies":[{"embeddable":true,"href":"https:\/\/www.geolocaux.com\/blog\/wp-json\/wp\/v2\/comments?post=16418"}],"version-history":[{"count":8,"href":"https:\/\/www.geolocaux.com\/blog\/wp-json\/wp\/v2\/posts\/16418\/revisions"}],"predecessor-version":[{"id":20145,"href":"https:\/\/www.geolocaux.com\/blog\/wp-json\/wp\/v2\/posts\/16418\/revisions\/20145"}],"wp:featuredmedia":[{"embeddable":true,"href":"https:\/\/www.geolocaux.com\/blog\/wp-json\/wp\/v2\/media\/16470"}],"wp:attachment":[{"href":"https:\/\/www.geolocaux.com\/blog\/wp-json\/wp\/v2\/media?parent=16418"}],"wp:term":[{"taxonomy":"category","embeddable":true,"href":"https:\/\/www.geolocaux.com\/blog\/wp-json\/wp\/v2\/categories?post=16418"},{"taxonomy":"post_tag","embeddable":true,"href":"https:\/\/www.geolocaux.com\/blog\/wp-json\/wp\/v2\/tags?post=16418"}],"curies":[{"name":"wp","href":"https:\/\/api.w.org\/{rel}","templated":true}]}}