{"id":16409,"date":"2021-02-19T11:15:10","date_gmt":"2021-02-19T09:15:10","guid":{"rendered":"https:\/\/blog.geolocaux.com\/?p=16409"},"modified":"2025-04-10T09:51:18","modified_gmt":"2025-04-10T07:51:18","slug":"pierre-migault-advenis-tours","status":"publish","type":"post","link":"https:\/\/www.geolocaux.com\/blog\/interviews\/pierre-migault-advenis-tours\/","title":{"rendered":"Pierre Migault, directeur d&rsquo;Advenis Conseil et Transaction Tours"},"content":{"rendered":"<p>Pierre Migault, Directeur d&rsquo;<a href=\"https:\/\/www.geolocaux.com\/agences-immobilier-entreprise\/advenis-conseil-et-transaction-tours-423.html\">Advenis Conseil et Transaction Tours<\/a>, a accept\u00e9 de r\u00e9pondre \u00e0 nos questions dans le cadre de la diffusion des annonces de son agence sur Geolocaux.com :<\/p>\n<p><span style=\"color: #99cc00;\"><strong>Geolocaux : Quel est votre parcours? <\/strong><\/span><\/p>\n<p><strong>Pierre Migault\u00a0<\/strong>: Juste apr\u00e8s l\u2019obtention d\u2019un BTS professions immobili\u00e8res \u00e0 Tours, j\u2019ai int\u00e9gr\u00e9 l\u2019\u00e9quipe Gemofis en 2009, franchise sp\u00e9cialis\u00e9e en Immobilier d\u2019Entreprise. J\u2019y ai occup\u00e9 le poste de Consultant pendant 8 ans, avec Jacques Jandrain, g\u00e9rant, et Audrey Cl\u00e9ment, Assistante Commerciale. J\u2019ai ainsi eu l\u2019occasion d\u2019accompagner de nombreux chefs d\u2019entreprises, porteurs de projet ou investisseurs dans leur recherche de locaux d\u2019activit\u00e9s ou bureaux.<\/p>\n<p>En 2015, Gemofis vient renforcer le p\u00f4le services immobilier du groupe Avenir Finance \u2013 rebaptis\u00e9 ADVENIS. Puis au d\u00e9part en retraite de mon dirigeant d\u00e9but 2018, j\u2019ai eu l\u2019opportunit\u00e9 de reprendre l\u2019entreprise et d\u2019occuper le poste de Directeur, en m\u2019associant avec Audrey Cl\u00e9ment.<\/p>\n<div id=\"attachment_16414\" style=\"width: 1034px\" class=\"wp-caption aligncenter\"><img loading=\"lazy\" decoding=\"async\" aria-describedby=\"caption-attachment-16414\" class=\"wp-image-16414 size-large\" title=\"Advenis Tours Pierre Migault Geolocaux\" src=\"https:\/\/geolocaux.com\/blog\/wp-content\/uploads\/2021\/02\/Advenis-Tours-Geolocaux-1024x731.jpg\" alt=\"Advenis Tours Pierre Migault Geolocaux\" width=\"1024\" height=\"731\" srcset=\"https:\/\/www.geolocaux.com\/blog\/wp-content\/uploads\/2021\/02\/Advenis-Tours-Geolocaux-1024x731.jpg 1024w, https:\/\/www.geolocaux.com\/blog\/wp-content\/uploads\/2021\/02\/Advenis-Tours-Geolocaux-300x214.jpg 300w, https:\/\/www.geolocaux.com\/blog\/wp-content\/uploads\/2021\/02\/Advenis-Tours-Geolocaux-1536x1097.jpg 1536w, https:\/\/www.geolocaux.com\/blog\/wp-content\/uploads\/2021\/02\/Advenis-Tours-Geolocaux-2048x1462.jpg 2048w, https:\/\/www.geolocaux.com\/blog\/wp-content\/uploads\/2021\/02\/Advenis-Tours-Geolocaux-737x526.jpg 737w\" sizes=\"auto, (max-width: 1024px) 100vw, 1024px\" \/><p id=\"caption-attachment-16414\" class=\"wp-caption-text\">Pierre Migault, Audrey Cl\u00e9ment, C\u00e9cilia Lerouvreur et Mathieu Migault<\/p><\/div>\n<p><span style=\"color: #99cc00;\"><strong>Geolocaux : Pouvez-vous nous pr\u00e9senter Advenis Conseil et Transaction Tours ?<\/strong><\/span><\/p>\n<p><strong>Pierre Migault\u00a0<\/strong>: En plus d\u2019Audrey Cl\u00e9ment (en charge de la partie administrative, marketing et financi\u00e8re) et moi-m\u00eame (directeur d\u2019agence) notre bureau de Tours compte deux consultants :<br \/>\nMathieu Migault tout d\u2019abord, mon fr\u00e8re, urbaniste de m\u00e9tier qui, apr\u00e8s un s\u00e9jour chez un promoteur, nous a rejoint en 2017. Il est aujourd\u2019hui associ\u00e9 au sein de l\u2019<a href=\"https:\/\/www.advenis-res.com\/advenis\/implantations\/conseil-transaction\/tours\">agence<\/a>.\u00a0 Et ensuite, apr\u00e8s un parcours d\u2019une quinzaine d\u2019ann\u00e9es \u00e0 la CCI et un poste de responsable du d\u00e9veloppement commercial d\u2019un grand cabinet d\u2019experts comptable, l\u2019\u00e9quipe a \u00e9t\u00e9 compl\u00e9t\u00e9e il y a un peu plus d\u2019un an par l\u2019arriv\u00e9e de C\u00e9cilia Lerouvreur.<\/p>\n<p>Comme nous avons \u00e0 c\u0153ur d\u2019apporter un r\u00e9el conseil \u00e0 nos clients, nous avons choisi de nous former de mani\u00e8re plus pointue. Nous sommes par exemple devenus Experts en \u00e9valuations immobili\u00e8res, \u00e0 l\u2019issue d\u2019une formation dispens\u00e9e par le SNPI.<\/p>\n<p><span style=\"color: #99cc00;\"><strong>Geolocaux : Pouvez-vous nous parler de vos propres locaux ?<\/strong><\/span><\/p>\n<p><strong>Pierre Migault\u00a0<\/strong>: Nos locaux sont situ\u00e9s au c\u0153ur des Granges Galand \u00e0 Saint Avertin. Il s\u2019agit d\u2019un parc tertiaire proche du centre-ville de Tours, nous permettant des d\u00e9placements ais\u00e9s sur l\u2019ensemble de la m\u00e9tropole. Nous occupons un immeuble que nous avons achet\u00e9 en 2019 avec trois autres \u00ab propri\u00e9taires-occupants \u00bb : un investisseur immobilier, des architectes designers et un expert-comptable. Nous avons choisi d\u2019y mutualiser les espaces que nous utilisons ponctuellement (tels que la salle de r\u00e9union) au profit d\u2019espaces de convivialit\u00e9s facilitant les synergies et participant largement au bien-\u00eatre au travail de tous. Il s\u2019agit d\u2019espaces qui permettent aussi bien la d\u00e9tente des occupants de l\u2019immeuble, que les \u00e9changes avec nos clients dans un cadre informel.<\/p>\n<p><img loading=\"lazy\" decoding=\"async\" class=\"aligncenter wp-image-16413 size-large\" title=\"Advenis Tours Pierre Migault Geolocaux\" src=\"https:\/\/geolocaux.com\/blog\/wp-content\/uploads\/2021\/02\/IMG-20210208-WA0005-1024x461.jpg\" alt=\"Advenis Tours Pierre Migault Geolocaux\" width=\"1024\" height=\"461\" srcset=\"https:\/\/www.geolocaux.com\/blog\/wp-content\/uploads\/2021\/02\/IMG-20210208-WA0005-1024x461.jpg 1024w, https:\/\/www.geolocaux.com\/blog\/wp-content\/uploads\/2021\/02\/IMG-20210208-WA0005-300x135.jpg 300w, https:\/\/www.geolocaux.com\/blog\/wp-content\/uploads\/2021\/02\/IMG-20210208-WA0005-1536x691.jpg 1536w, https:\/\/www.geolocaux.com\/blog\/wp-content\/uploads\/2021\/02\/IMG-20210208-WA0005-737x332.jpg 737w, https:\/\/www.geolocaux.com\/blog\/wp-content\/uploads\/2021\/02\/IMG-20210208-WA0005.jpg 1600w\" sizes=\"auto, (max-width: 1024px) 100vw, 1024px\" \/><br \/>\n<span style=\"color: #99cc00;\"><strong>Geolocaux : Quelles sont les sp\u00e9cificit\u00e9s de l&rsquo;immobilier d&rsquo;entreprise \u00e0 Tours et en Indre-et-Loire ?<\/strong><\/span><\/p>\n<p><strong>Pierre Migault\u00a0<\/strong>: Une offre relativement r\u00e9duite depuis quelques temps, cela \u00e9tant plus particuli\u00e8rement marqu\u00e9 depuis deux ans, aussi bien en bureaux qu\u2019en locaux d\u2019activit\u00e9s. Historiquement, Tours n\u2019est ni une ville industrielle, ni port\u00e9e sur la logistique, ce qui aujourd\u2019hui restreint les possibilit\u00e9s en terme de grandes superficies disponibles \u00e0 court terme.<\/p>\n<p>La m\u00e9tropole est davantage ax\u00e9e autour des services et commerce et les locaux d\u2019activit\u00e9s y sont \u00e9troitement li\u00e9s. Mais l\u00e0 encore, le march\u00e9 reste contrari\u00e9 par une offre restreinte face \u00e0 une demande qui se maintient.<br \/>\n<span style=\"color: #99cc00;\"><strong>Geolocaux : Quels sont vos projets pour votre cabinet ?<\/strong><\/span><\/p>\n<p><strong>Pierre Migault\u00a0<\/strong>: Afin de r\u00e9pondre \u00e0 une demande de plus en plus fr\u00e9quente, nous avons pour projet de constituer un cabinet d\u2019expertise en \u00e9valuations immobili\u00e8res, ind\u00e9pendant, et sp\u00e9cialis\u00e9 en immobilier d\u2019entreprise. Ce dernier devrait voir le jour d\u2019ici quelques semaines.<\/p>\n<hr \/>\n<p>Retrouvez d\u00e8s maintenant les annonces immobili\u00e8res d&rsquo;Advenis Conseil et Transaction Tours sur notre portail d&rsquo;annonces d\u00e9di\u00e9 \u00e0 l&rsquo;immobilier d&rsquo;entreprise. D&rsquo;autres <a href=\"https:\/\/www.geolocaux.com\/blog\/category\/interviews\/\">interviews de professionnels de l&rsquo;immobilier<\/a> sont disponibles sur ce blog, bonne lecture !<\/p>\n","protected":false},"excerpt":{"rendered":"<p>Pierre Migault, Directeur d&rsquo;Advenis Conseil et Transaction Tours, a accept\u00e9 de r\u00e9pondre \u00e0 nos questions dans le cadre de la diffusion des annonces de son agence sur Geolocaux.com : Geolocaux : Quel est votre parcours? Pierre Migault\u00a0: Juste apr\u00e8s l\u2019obtention&#8230;<\/p>\n","protected":false},"author":134,"featured_media":16414,"comment_status":"closed","ping_status":"open","sticky":false,"template":"","format":"standard","meta":{"_acf_changed":false,"footnotes":""},"categories":[39],"tags":[1466,43],"class_list":["post-16409","post","type-post","status-publish","format-standard","has-post-thumbnail","hentry","category-interviews","tag-advenis","tag-tours","partenaires-advenis-tours"],"acf":[],"thumbnail":"https:\/\/www.geolocaux.com\/blog\/wp-content\/uploads\/2021\/02\/Advenis-Tours-Geolocaux-737x526.jpg","partenaire":"423","category":"Interviews","_links":{"self":[{"href":"https:\/\/www.geolocaux.com\/blog\/wp-json\/wp\/v2\/posts\/16409","targetHints":{"allow":["GET"]}}],"collection":[{"href":"https:\/\/www.geolocaux.com\/blog\/wp-json\/wp\/v2\/posts"}],"about":[{"href":"https:\/\/www.geolocaux.com\/blog\/wp-json\/wp\/v2\/types\/post"}],"author":[{"embeddable":true,"href":"https:\/\/www.geolocaux.com\/blog\/wp-json\/wp\/v2\/users\/134"}],"replies":[{"embeddable":true,"href":"https:\/\/www.geolocaux.com\/blog\/wp-json\/wp\/v2\/comments?post=16409"}],"version-history":[{"count":11,"href":"https:\/\/www.geolocaux.com\/blog\/wp-json\/wp\/v2\/posts\/16409\/revisions"}],"predecessor-version":[{"id":20285,"href":"https:\/\/www.geolocaux.com\/blog\/wp-json\/wp\/v2\/posts\/16409\/revisions\/20285"}],"wp:featuredmedia":[{"embeddable":true,"href":"https:\/\/www.geolocaux.com\/blog\/wp-json\/wp\/v2\/media\/16414"}],"wp:attachment":[{"href":"https:\/\/www.geolocaux.com\/blog\/wp-json\/wp\/v2\/media?parent=16409"}],"wp:term":[{"taxonomy":"category","embeddable":true,"href":"https:\/\/www.geolocaux.com\/blog\/wp-json\/wp\/v2\/categories?post=16409"},{"taxonomy":"post_tag","embeddable":true,"href":"https:\/\/www.geolocaux.com\/blog\/wp-json\/wp\/v2\/tags?post=16409"}],"curies":[{"name":"wp","href":"https:\/\/api.w.org\/{rel}","templated":true}]}}