{"id":1484,"date":"2014-04-25T10:47:42","date_gmt":"2014-04-25T08:47:42","guid":{"rendered":"https:\/\/blog.geolocaux.com\/?p=1484"},"modified":"2025-01-08T12:48:52","modified_gmt":"2025-01-08T10:48:52","slug":"sous-location-une-solution-utile-mais-precaire","status":"publish","type":"post","link":"https:\/\/www.geolocaux.com\/blog\/conseils\/sous-location-une-solution-utile-mais-precaire\/","title":{"rendered":"Sous-location : une solution utile mais pr\u00e9caire !"},"content":{"rendered":"<p style=\"text-align: justify;\"><span style=\"color: #323232;\">Dans un contexte \u00e9conomique o\u00f9 l&rsquo;optimisation des co\u00fbts immobiliers est plus que jamais une priorit\u00e9 des dirigeants, la sous-location conna\u00eet un succ\u00e8s grandissant. Cette solution permet d&rsquo;occuper des locaux pendant une p\u00e9riode inf\u00e9rieure \u00e0 celle pr\u00e9vue dans\u00a0<\/span><a title=\"definition bail commercial\" href=\"https:\/\/www.geolocaux.com\/blog\/conseils\/bail-commercial-definition-statut-conditions-application\/\" target=\"_blank\" rel=\"noopener\">un bail commercial<\/a><span style=\"color: #323232;\">, en 3\/6\/9.\u00a0<\/span> <span style=\"color: #323232;\">Ce contrat n&rsquo;est cependant pas d\u00e9pourvu d&rsquo;inconv\u00e9nients. Le sous-locataire, qui n&rsquo;a ni contact ni contrat avec le bailleur principal, n&rsquo;a de comptes \u00e0 rendre qu&rsquo;au locataire principal.\u00a0<\/span><\/p>\n<p style=\"text-align: justify;\"><img loading=\"lazy\" decoding=\"async\" class=\"aligncenter size-full wp-image-2442\" src=\"https:\/\/geolocaux.com\/blog\/wp-content\/uploads\/2014\/04\/loyer-facial-loyer-economique-667x337.jpg\" alt=\"loyer-facial-loyer-economique-667x337\" width=\"594\" height=\"102\" srcset=\"https:\/\/www.geolocaux.com\/blog\/wp-content\/uploads\/2014\/04\/loyer-facial-loyer-economique-667x337.jpg 594w, https:\/\/www.geolocaux.com\/blog\/wp-content\/uploads\/2014\/04\/loyer-facial-loyer-economique-667x337-300x51.jpg 300w, https:\/\/www.geolocaux.com\/blog\/wp-content\/uploads\/2014\/04\/loyer-facial-loyer-economique-667x337-272x46.jpg 272w, https:\/\/www.geolocaux.com\/blog\/wp-content\/uploads\/2014\/04\/loyer-facial-loyer-economique-667x337-544x93.jpg 544w\" sizes=\"auto, (max-width: 594px) 100vw, 594px\" \/><\/p>\n<p style=\"text-align: justify;\"><span style=\"color: #323232;\">Dans la plupart des cas, le loyer d&rsquo;une sous-location ne d\u00e9passe pas celui n\u00e9goci\u00e9 dans le bail principal. Autrement, le locataire principal doit verser des int\u00e9r\u00eats au bailleur aux taux l\u00e9gaux.\u00a0<\/span><br style=\"color: #323232;\" \/><span style=\"color: #323232;\">La dur\u00e9e d&rsquo;un contrat de sous-location n&rsquo;est jamais sup\u00e9rieure \u00e0 celle du bail principal. Lorsque celui-ci arrive \u00e0 \u00e9ch\u00e9ance, la sous-location est termin\u00e9e de plein droit. Le sous-locataire peut n\u00e9gocier avec le bailleur principal et contracter un nouveau bail, sans obligation pour ce dernier de le garder dans les lieux.\u00a0<\/span><br style=\"color: #323232;\" \/><br style=\"color: #323232;\" \/><span style=\"color: #323232;\">En cas de non-respect des termes du contrat de sous-location, le locataire principal est responsable de son sous-locataire.\u00a0<\/span><br style=\"color: #323232;\" \/><span style=\"color: #323232;\">Par exemple, si le sous-locataire ne paie pas son loyer, le locataire principal devra lui-m\u00eame engager des proc\u00e9dures pour esp\u00e9rer un recouvrement. Le bailleur n&rsquo;\u00e9tant pas responsable, le locataire principal a l&rsquo;obligation de poursuivre les versements de loyers dans leur int\u00e9gralit\u00e9.\u00a0<\/span><br style=\"color: #323232;\" \/><br style=\"color: #323232;\" \/><span style=\"color: #323232;\">Attention : un bailleur n&rsquo;a pas d&rsquo;obligation d&rsquo;accepter une situation de sous-location. Une telle autorisation est, dans la plupart des cas, limit\u00e9e selon plusieurs crit\u00e8res :\u00a0<\/span><br style=\"color: #323232;\" \/><span style=\"color: #323232;\">&#8211; la surface (usage : 30 \u00e0 50% de la surface totale)\u00a0<\/span><br style=\"color: #323232;\" \/><span style=\"color: #323232;\">&#8211; la dur\u00e9e (usage : limit\u00e9 \u00e0 24 mois)\u00a0<\/span><br style=\"color: #323232;\" \/><span style=\"color: #323232;\">&#8211; le type de sous-locataire (soci\u00e9t\u00e9 ayant des liens capitalistiques entre elles)\u00a0<\/span><br style=\"color: #323232;\" \/><br style=\"color: #323232;\" \/><span style=\"color: #323232;\">La sous-location est et doit rester une solution pr\u00e9caire.\u00a0<\/span><br style=\"color: #323232;\" \/><span style=\"color: #323232;\">Elle pr\u00e9sente des avantages et des inconv\u00e9nients en fonction de chaque probl\u00e9matique immobili\u00e8re. Elle est utile pour les soci\u00e9t\u00e9s en cr\u00e9ation, en d\u00e9veloppement, en restructuration ou engag\u00e9es sur une mission demandant une installation limit\u00e9e dans le temps sur un territoire (type soci\u00e9t\u00e9 de conseil, SSII).\u00a0<\/span><br style=\"color: #323232;\" \/><span style=\"color: #323232;\">C&rsquo;est une solution \u00e0 \u00e9viter pour les soci\u00e9t\u00e9s cherchant \u00e0 installer durablement un si\u00e8ge social ou une implantation strat\u00e9gique.\u00a0<\/span><br style=\"color: #323232;\" \/><br style=\"color: #323232;\" \/><strong><span style=\"color: #99cc00;\">Avantages :<\/span><\/strong><span style=\"color: #323232;\">\u00a0<\/span><br style=\"color: #323232;\" \/><span style=\"color: #323232;\">&#8211; Souplesse dans le temps\u00a0<\/span><br style=\"color: #323232;\" \/><span style=\"color: #323232;\">&#8211; Id\u00e9al pour les soci\u00e9t\u00e9s en d\u00e9veloppement ou en cr\u00e9ation\u00a0<\/span><br style=\"color: #323232;\" \/><span style=\"color: #323232;\">&#8211; Parfait pour une installation temporaire (mission, travaux)\u00a0<\/span><br style=\"color: #323232;\" \/><span style=\"color: #323232;\">&#8211; N\u00e9gociation financi\u00e8re plus flexible\u00a0<\/span><br style=\"color: #323232;\" \/><br style=\"color: #323232;\" \/><strong><span style=\"color: #99cc00;\">Inconv\u00e9nients :<\/span><\/strong><span style=\"color: #323232;\">\u00a0<\/span><br style=\"color: #323232;\" \/><span style=\"color: #323232;\">&#8211; Sans lien contractuel entre le sous-locataire et le bailleur, le locataire principal est seul responsable des d\u00e9gradations caus\u00e9es par le sous-locataire\u00a0<\/span><br style=\"color: #323232;\" \/><span style=\"color: #323232;\">&#8211; Si le sous-locataire ne verse plus ses loyers, le locataire principal devra toujours les siens au bailleur\u00a0<\/span><br style=\"color: #323232;\" \/><span style=\"color: #323232;\">&#8211; Incompatible pour l&rsquo;installation d&rsquo;un si\u00e8ge social sur la dur\u00e9e\u00a0<\/span><\/p>\n<p style=\"text-align: center;\">\u00a0_____________________________<\/p>\n<p><a title=\"Retrouver tous les conseils sur l'immobilier d'entreprise\" href=\"https:\/\/www.geolocaux.com\/blog\/category\/conseils\/\" target=\"_blank\" rel=\"noopener\"><em>Retrouver tous nos conseils sur l&rsquo;immobilier d&rsquo;entreprise<\/em><\/a><\/p>\n","protected":false},"excerpt":{"rendered":"<p>Dans un contexte \u00e9conomique o\u00f9 l&rsquo;optimisation des co\u00fbts immobiliers est plus que jamais une priorit\u00e9 des dirigeants, la sous-location conna\u00eet un succ\u00e8s grandissant. La solution a ses avantages, attention toutefois aux inconv\u00e9nients. <\/p>\n","protected":false},"author":2,"featured_media":2829,"comment_status":"open","ping_status":"open","sticky":false,"template":"","format":"standard","meta":{"_acf_changed":false,"footnotes":""},"categories":[40],"tags":[56,42,55],"class_list":["post-1484","post","type-post","status-publish","format-standard","has-post-thumbnail","hentry","category-conseils","tag-bail-precaire","tag-bureaux","tag-sous-location"],"acf":[],"thumbnail":"https:\/\/www.geolocaux.com\/blog\/wp-content\/uploads\/2014\/04\/notepad-690335_1280-737x492.jpg","partenaire":"","category":"Conseils","_links":{"self":[{"href":"https:\/\/www.geolocaux.com\/blog\/wp-json\/wp\/v2\/posts\/1484","targetHints":{"allow":["GET"]}}],"collection":[{"href":"https:\/\/www.geolocaux.com\/blog\/wp-json\/wp\/v2\/posts"}],"about":[{"href":"https:\/\/www.geolocaux.com\/blog\/wp-json\/wp\/v2\/types\/post"}],"author":[{"embeddable":true,"href":"https:\/\/www.geolocaux.com\/blog\/wp-json\/wp\/v2\/users\/2"}],"replies":[{"embeddable":true,"href":"https:\/\/www.geolocaux.com\/blog\/wp-json\/wp\/v2\/comments?post=1484"}],"version-history":[{"count":2,"href":"https:\/\/www.geolocaux.com\/blog\/wp-json\/wp\/v2\/posts\/1484\/revisions"}],"predecessor-version":[{"id":20184,"href":"https:\/\/www.geolocaux.com\/blog\/wp-json\/wp\/v2\/posts\/1484\/revisions\/20184"}],"wp:featuredmedia":[{"embeddable":true,"href":"https:\/\/www.geolocaux.com\/blog\/wp-json\/wp\/v2\/media\/2829"}],"wp:attachment":[{"href":"https:\/\/www.geolocaux.com\/blog\/wp-json\/wp\/v2\/media?parent=1484"}],"wp:term":[{"taxonomy":"category","embeddable":true,"href":"https:\/\/www.geolocaux.com\/blog\/wp-json\/wp\/v2\/categories?post=1484"},{"taxonomy":"post_tag","embeddable":true,"href":"https:\/\/www.geolocaux.com\/blog\/wp-json\/wp\/v2\/tags?post=1484"}],"curies":[{"name":"wp","href":"https:\/\/api.w.org\/{rel}","templated":true}]}}