{"id":1476,"date":"2014-03-23T10:37:39","date_gmt":"2014-03-23T08:37:39","guid":{"rendered":"https:\/\/blog.geolocaux.com\/?p=1476"},"modified":"2025-04-10T09:55:10","modified_gmt":"2025-04-10T07:55:10","slug":"interview-guillaume-droulers-fondateur-ide-conseil","status":"publish","type":"post","link":"https:\/\/www.geolocaux.com\/blog\/interviews\/interview-guillaume-droulers-fondateur-ide-conseil\/","title":{"rendered":"Interview Guillaume Droulers &#8211; Fondateur Valteos"},"content":{"rendered":"<p style=\"text-align: justify;\"><strong><span style=\"color: #99cc00;\">Geolocaux : Dans un march\u00e9 de plus en plus concurrentiel et face \u00e0 une conjoncture difficile comment avez-vous r\u00e9ussi \u00e0 positionner Valteos\u00a0?\u00a0<\/span><\/strong><br style=\"color: #323232;\" \/><br style=\"color: #323232;\" \/><b style=\"color: #323232;\">G. Droulers :<\/b><span style=\"color: #323232;\">\u00a0Valteos se revendique comme un acteur local, concentr\u00e9 sur un secteur bien d\u00e9fini : l&rsquo;Est de l&rsquo;\u00eele de France.<\/span><br style=\"color: #323232;\" \/><span style=\"color: #323232;\">Implant\u00e9e au c\u0153ur de ce secteur, sur le Val de Fontenay, notre structure \u00e0 taille humaine nous permet une grande r\u00e9activit\u00e9 et de consacrer un temps important \u00e0 la prospection terrain. Intervenant sur tous types d&rsquo;actifs (bureaux, locaux d&rsquo;activit\u00e9 &amp; entrep\u00f4ts) aussi bien \u00e0 la location qu&rsquo;\u00e0 la vente, nos clients sont \u00e0 la fois des PME \/ PMI implant\u00e9es localement et des grands groupes avec des probl\u00e9matiques li\u00e9es \u00e0 notre secteur g\u00e9ographique.\u00a0<\/span><br style=\"color: #323232;\" \/><br style=\"color: #323232;\" \/><strong><span style=\"color: #99cc00;\">Geolocaux : Quelle sont les tendances de ce 1er trimestre sur votre secteur de l&rsquo;Est parisien ?<\/span><\/strong><span style=\"color: #323232;\">\u00a0<\/span><br style=\"color: #323232;\" \/><br style=\"color: #323232;\" \/><b style=\"color: #323232;\">G. Droulers :<\/b><span style=\"color: #323232;\">\u00a0Malgr\u00e9 un essoufflement en fin de trimestre, le niveau de demande nous semble satisfaisant. Deux tendances fortes se d\u00e9gagent : le march\u00e9 des locaux d&rsquo;activit\u00e9 est plus dynamique que celui des bureaux et la demande \u00e0 l&rsquo;acquisition reste importante.\u00a0<\/span><br style=\"color: #323232;\" \/><br style=\"color: #323232;\" \/><span style=\"color: #99cc00;\"><strong>Geolocaux : Pouvez-vous nous parler de vos derni\u00e8res transactions ?\u00a0<\/strong><\/span><br style=\"color: #323232;\" \/><br style=\"color: #323232;\" \/><b style=\"color: #323232;\">G. Droulers :<\/b><span style=\"color: #323232;\">\u00a0Nous existons depuis 6 mois maintenant et avons concr\u00e9tis\u00e9 nos premiers deals en ce d\u00e9but d&rsquo;ann\u00e9e. Nous avons, entre autres, implant\u00e9 trois entreprises locales sur des locaux d&rsquo;activit\u00e9 (300 \u00e0 400 m\u00b2) et deux groupes internationaux (OTIS et YTO) sur des surfaces de bureaux.\u00a0<\/span><br style=\"color: #323232;\" \/><br style=\"color: #323232;\" \/><strong><span style=\"color: #99cc00;\">Geolocaux : Comment voyez-vous l&rsquo;\u00e9volution de votre soci\u00e9t\u00e9 ?\u00a0<\/span><\/strong><br style=\"color: #323232;\" \/><br style=\"color: #323232;\" \/><b style=\"color: #323232;\">G. Droulers :<\/b><span style=\"color: #323232;\">\u00a0Notre objectif principal est de faire de Valteos\u00a0<\/span><span style=\"color: #323232;\">un acteur reconnu sur l&rsquo;Est parisien. Pour ce faire, nous projetons de recruter un ou deux collaborateurs courant 2014. Bien \u00e9videmment, nous comptons sur notre collaboration avec Geolocaux pour dynamiser notre activit\u00e9 !<\/span><\/p>\n<p>&nbsp;<\/p>\n","protected":false},"excerpt":{"rendered":"<p>Geolocaux : Dans un march\u00e9 de plus en plus concurrentiel et face \u00e0 une conjoncture difficile comment avez-vous r\u00e9ussi \u00e0 positionner Valteos\u00a0?\u00a0G. Droulers :\u00a0Valteos se revendique comme un acteur local, concentr\u00e9 sur un secteur bien d\u00e9fini : l&rsquo;Est de l&rsquo;\u00eele&#8230;<\/p>\n","protected":false},"author":134,"featured_media":0,"comment_status":"open","ping_status":"open","sticky":false,"template":"","format":"standard","meta":{"_acf_changed":false,"footnotes":""},"categories":[39],"tags":[42,48,47],"class_list":["post-1476","post","type-post","status-publish","format-standard","hentry","category-interviews","tag-bureaux","tag-immobilier-dentreprise","tag-locaux-dactivites"],"acf":[],"thumbnail":"","partenaire":"","category":"Interviews","_links":{"self":[{"href":"https:\/\/www.geolocaux.com\/blog\/wp-json\/wp\/v2\/posts\/1476","targetHints":{"allow":["GET"]}}],"collection":[{"href":"https:\/\/www.geolocaux.com\/blog\/wp-json\/wp\/v2\/posts"}],"about":[{"href":"https:\/\/www.geolocaux.com\/blog\/wp-json\/wp\/v2\/types\/post"}],"author":[{"embeddable":true,"href":"https:\/\/www.geolocaux.com\/blog\/wp-json\/wp\/v2\/users\/134"}],"replies":[{"embeddable":true,"href":"https:\/\/www.geolocaux.com\/blog\/wp-json\/wp\/v2\/comments?post=1476"}],"version-history":[{"count":5,"href":"https:\/\/www.geolocaux.com\/blog\/wp-json\/wp\/v2\/posts\/1476\/revisions"}],"predecessor-version":[{"id":7790,"href":"https:\/\/www.geolocaux.com\/blog\/wp-json\/wp\/v2\/posts\/1476\/revisions\/7790"}],"wp:attachment":[{"href":"https:\/\/www.geolocaux.com\/blog\/wp-json\/wp\/v2\/media?parent=1476"}],"wp:term":[{"taxonomy":"category","embeddable":true,"href":"https:\/\/www.geolocaux.com\/blog\/wp-json\/wp\/v2\/categories?post=1476"},{"taxonomy":"post_tag","embeddable":true,"href":"https:\/\/www.geolocaux.com\/blog\/wp-json\/wp\/v2\/tags?post=1476"}],"curies":[{"name":"wp","href":"https:\/\/api.w.org\/{rel}","templated":true}]}}