{"id":13789,"date":"2019-04-01T11:38:50","date_gmt":"2019-04-01T09:38:50","guid":{"rendered":"https:\/\/blog.geolocaux.com\/?p=13789"},"modified":"2025-05-13T17:55:23","modified_gmt":"2025-05-13T15:55:23","slug":"francois-suty-cbre-acte","status":"publish","type":"post","link":"https:\/\/www.geolocaux.com\/blog\/interviews\/francois-suty-cbre-acte\/","title":{"rendered":"Fran\u00e7ois Suty : Dirigeant fondateur de CBRE ACTE Nancy et Metz"},"content":{"rendered":"<p>Nous avons accueillis \u00e0 la rentr\u00e9e<a href=\"https:\/\/www.geolocaux.com\/agences-immobilier-entreprise\/cbre-acte-310.html\"> CBRE ACTE<\/a> en tant que nouveau partenaire. Nous avons rencontr\u00e9 <strong>Francois Suty,<\/strong>\u00a0dirigeant de l&rsquo;agence. Il s&rsquo;est pr\u00eat\u00e9 au jeu de l&rsquo;interview en \u00e9voquant son parcours, ses fonction chez CBRE ACTE et la dynamique du march\u00e9 de l&rsquo;immobilier d&rsquo;entreprise \u00e0 Nancy et Metz.<\/p>\n<p><strong style=\"color: #99cc00;\">Geolocaux : Quel est votre parcours ?\u00a0<\/strong><\/p>\n<p class=\"m_2546829259248195559MsoNormalCxSpMiddle\"><strong>Fran\u00e7ois Suty :<\/strong> Apr\u00e8s une ma\u00eetrise d\u2019\u00e9conomie et un DESS de l\u2019IAE j\u2019ai eu l\u2019opportunit\u00e9 de rejoindre Auguste THOUARD comme n\u00e9gociateur bureaux \u00e0 l\u2019agence de Metz en 1989.\u00a0<u><\/u><u><\/u>J\u2019ai ensuite rejoint l\u2019agence de Nancy pour y d\u00e9velopper le d\u00e9partement locaux d\u2019activit\u00e9s et logistique.<\/p>\n<p class=\"m_2546829259248195559MsoNormalCxSpMiddle\"><strong><span style=\"color: #99cc00;\">Geolocaux : Pouvez-vous nous pr\u00e9senter votre structure ? <\/span><\/strong><\/p>\n<p class=\"m_2546829259248195559MsoNormalCxSpMiddle\"><strong>Fran\u00e7ois Suty :<\/strong> J\u2019ai cr\u00e9\u00e9\u00a0Acte\u00a0Immobilier d\u2019Entreprise en 2000 \u00e0 Nancy, je suis rapidement devenu partenaire du groupe Bourdais, lequel a \u00e9t\u00e9 acquis par\u00a0CBRE. Nous sommes aujourd\u2019hui 5 n\u00e9gociateurs, \u00e9paul\u00e9s par 3 assistantes, pour traiter les march\u00e9s des bureaux et des locaux d\u2019activit\u00e9s et logistique<\/p>\n<p><img loading=\"lazy\" decoding=\"async\" class=\"aligncenter size-full wp-image-13792\" src=\"https:\/\/geolocaux.com\/blog\/wp-content\/uploads\/2019\/03\/bureaux-depuis-place-stanislas-.jpg\" alt=\"\" width=\"885\" height=\"594\" srcset=\"https:\/\/www.geolocaux.com\/blog\/wp-content\/uploads\/2019\/03\/bureaux-depuis-place-stanislas-.jpg 885w, https:\/\/www.geolocaux.com\/blog\/wp-content\/uploads\/2019\/03\/bureaux-depuis-place-stanislas--667x448.jpg 667w\" sizes=\"auto, (max-width: 885px) 100vw, 885px\" \/><\/p>\n<p style=\"font-weight: 400;\"><strong><span style=\"color: #99cc00;\">Geolocaux : Quel est votre secteur g\u00e9ographique et comment se porte votre march\u00e9 ?\u00a0<\/span><\/strong><\/p>\n<p style=\"font-weight: 400;\"><strong>Fran\u00e7ois Suty :<\/strong> CBRE\u00a0ACTE\u00a0est pr\u00e9sent sur <a href=\"https:\/\/www.geolocaux.com\/location\/bureau\/nancy-54000\/\" target=\"_blank\" rel=\"noopener noreferrer\">Nancy<\/a> et <a href=\"https:\/\/www.geolocaux.com\/location\/bureau\/metz-57000\/\" target=\"_blank\" rel=\"noopener noreferrer\">Metz<\/a> et intervient \u00e9galement dans les Vosges et en Meuse. Les march\u00e9s de Nancy et de Metz sont comparables avec une demande plac\u00e9e moyenne annuelle de 35.000 m\u00b2 \u00e0 Nancy et 30.000 m\u00b2 \u00e0 Metz. Les valeurs sont \u00e9galement \u00e9quivalentes. Ce sont des march\u00e9s \u00ab\u00a0raisonnables\u00a0\u00bb qui s\u2019appuient sur de bons fondamentaux. Les investisseurs appr\u00e9cient.<\/p>\n<p style=\"font-weight: 400;\"><strong><span style=\"color: #99cc00;\">Geolocaux : Quels sont vos projets pour 2019 ?<\/span><\/strong><\/p>\n<p style=\"font-weight: 400;\"><strong>Fran\u00e7ois Suty :<\/strong> Nous souhaitons poursuivre notre progression par une formation attentive aux \u00e9volutions de notre m\u00e9tier, poursuivre notre d\u00e9veloppement en recrutant un nouveau n\u00e9gociateur, en am\u00e9liorant notre communication et en devenant toujours plus proches de nos clients.<\/p>\n<p style=\"font-weight: 400;\"><span style=\"color: #99cc00;\"><strong>Geolocaux : Des transactions dont vous souhaitez nous parler ? <\/strong><\/span><\/p>\n<p style=\"font-weight: 400;\"><strong>Franois Suty :<\/strong> Nous intervenons pour tous les types de clients (artisans, PME, collectivit\u00e9s, etc.) sur diff\u00e9rents produits (bureaux, local d\u2019activit\u00e9s, commerces, terrains\u2026). Nous nous sommes notamment occup\u00e9s de l\u2019installation de EUROINFORMATION \u00e0 Laxou sur 4.170 m\u00b2, du groupe CM-CIC\u00a0: 3.812 m\u00b2 sur le programme neuf Ecoparc Maxeville. En Activit\u00e9s nous avons install\u00e9 le groupe EUROCOURSES sur 1.100 m\u00b2 \u00e0 MAXEVILLE, CARONET \u00e0 Metz sur 470 m\u00b2. En logistique,\u00a0CBRE\u00a0est le conseil d\u2019AMAZON pour l\u2019implantation de sa nouvelle plate-forme de METZ-Frescaty.<\/p>\n<p style=\"font-weight: 400;\"><strong><span style=\"color: #99cc00;\">Geolocaux : Pourquoi avoir choisi notre portail pour la diffusion de vos annonces ?\u00a0<\/span><\/strong><\/p>\n<p style=\"font-weight: 400;\"><strong>Fran\u00e7ois Suty :<\/strong> Nous cherchions un nouveau portail pour augmenter notre visibilit\u00e9 internet, GEOLOCAUX semblait le bon support : bien r\u00e9f\u00e9renc\u00e9, simple d\u2019utilisation, qui correspond aux besoins des utilisateurs.<\/p>\n<p>Merci encore \u00e0 <b>Fran\u00e7ois Suty\u00a0<\/b>de nous avoir accord\u00e9 du temps pour r\u00e9pondre \u00e0 cette interview.<\/p>\n","protected":false},"excerpt":{"rendered":"<p>Nous avons accueillis \u00e0 la rentr\u00e9e CBRE ACTE en tant que nouveau partenaire. Nous avons rencontr\u00e9 Francois Suty,\u00a0dirigeant de l&rsquo;agence. Il s&rsquo;est pr\u00eat\u00e9 au jeu de l&rsquo;interview en \u00e9voquant son parcours, ses fonction chez CBRE ACTE et la dynamique du&#8230;<\/p>\n","protected":false},"author":134,"featured_media":13799,"comment_status":"open","ping_status":"open","sticky":false,"template":"","format":"standard","meta":{"_acf_changed":false,"footnotes":""},"categories":[39],"tags":[394,1053,1134,1133,1132,1054],"class_list":["post-13789","post","type-post","status-publish","format-standard","has-post-thumbnail","hentry","category-interviews","tag-cbre","tag-cbre-acte","tag-location-bureaux-metz","tag-location-bureaux-nancy","tag-metz","tag-nancy","partenaires-cbre-acte"],"acf":[],"thumbnail":"https:\/\/www.geolocaux.com\/blog\/wp-content\/uploads\/2019\/03\/francois-suty-cbre-acte-737x612.jpg","partenaire":"310","category":"Interviews","_links":{"self":[{"href":"https:\/\/www.geolocaux.com\/blog\/wp-json\/wp\/v2\/posts\/13789","targetHints":{"allow":["GET"]}}],"collection":[{"href":"https:\/\/www.geolocaux.com\/blog\/wp-json\/wp\/v2\/posts"}],"about":[{"href":"https:\/\/www.geolocaux.com\/blog\/wp-json\/wp\/v2\/types\/post"}],"author":[{"embeddable":true,"href":"https:\/\/www.geolocaux.com\/blog\/wp-json\/wp\/v2\/users\/134"}],"replies":[{"embeddable":true,"href":"https:\/\/www.geolocaux.com\/blog\/wp-json\/wp\/v2\/comments?post=13789"}],"version-history":[{"count":13,"href":"https:\/\/www.geolocaux.com\/blog\/wp-json\/wp\/v2\/posts\/13789\/revisions"}],"predecessor-version":[{"id":20519,"href":"https:\/\/www.geolocaux.com\/blog\/wp-json\/wp\/v2\/posts\/13789\/revisions\/20519"}],"wp:featuredmedia":[{"embeddable":true,"href":"https:\/\/www.geolocaux.com\/blog\/wp-json\/wp\/v2\/media\/13799"}],"wp:attachment":[{"href":"https:\/\/www.geolocaux.com\/blog\/wp-json\/wp\/v2\/media?parent=13789"}],"wp:term":[{"taxonomy":"category","embeddable":true,"href":"https:\/\/www.geolocaux.com\/blog\/wp-json\/wp\/v2\/categories?post=13789"},{"taxonomy":"post_tag","embeddable":true,"href":"https:\/\/www.geolocaux.com\/blog\/wp-json\/wp\/v2\/tags?post=13789"}],"curies":[{"name":"wp","href":"https:\/\/api.w.org\/{rel}","templated":true}]}}